{"id":108265,"date":"2023-04-24T14:17:40","date_gmt":"2023-04-24T17:17:40","guid":{"rendered":"https:\/\/tvtecjundiai.com.br\/news\/?p=108265"},"modified":"2023-04-24T14:28:38","modified_gmt":"2023-04-24T17:28:38","slug":"sala-jundiai-recebe-o-espetaculo-na-parede-memoria","status":"publish","type":"post","link":"https:\/\/tvtecjundiai.com.br\/news\/2023\/04\/24\/sala-jundiai-recebe-o-espetaculo-na-parede-memoria\/","title":{"rendered":"Sala Jundia\u00ed do Espa\u00e7o Expressa recebe o espet\u00e1culo &#8216;Na Parede da Mem\u00f3ria&#8217;"},"content":{"rendered":"\n<p>Jundia\u00ed recebe nesta quinta-feira (27), no Espa\u00e7o Expressa, no palco da Sala Jundia\u00ed, por meio da Secretaria de Cultura e Economia Criativa do Governo de S\u00e3o Paulo, o espet\u00e1culo selecionado pelo ProAc, \u201cNa Parede da Mem\u00f3ria\u201d, baseado na poesia de Belchior, texto de Fabr\u00edcio Branco, com dire\u00e7\u00e3o de Paulo Mer\u00edsio e dire\u00e7\u00e3o musical de Willian Guedes. No elenco, Gl\u00f3ria Diniz, Isadora T\u00edtto, Ian Iordanu e Aguinaldo Bueno.<\/p>\n\n\n\n<p>O projeto, al\u00e9m de homenagear o artista Belchior, traz ainda muitas reflex\u00f5es e questionamentos com sua obra t\u00e3o surpreendente contempor\u00e2nea. O pano de fundo do espet\u00e1culo s\u00e3o as m\u00fasicas, sucessos como \u201cComo Nossos Pais\u201d, \u201cLatino Americano\u201d, \u201cVelha Roupa Colorida\u201d, \u201cGalos, Noites e Quintais\u201d, \u201cParalelas\u201d, entre outras.<\/p>\n\n\n<div class=\"wp-block-image\">\n<figure class=\"aligncenter size-large is-resized\"><img loading=\"lazy\" decoding=\"async\" src=\"https:\/\/tvtecjundiai.com.br\/news\/wp-content\/uploads\/sites\/2\/2023\/04\/Fachada-Expressa_fm_-5-1200x800.jpg\" alt=\"\" class=\"wp-image-108270\" width=\"654\" height=\"435\" srcset=\"https:\/\/tvtecjundiai.com.br\/news\/wp-content\/uploads\/sites\/2\/2023\/04\/Fachada-Expressa_fm_-5-1200x800.jpg 1200w, https:\/\/tvtecjundiai.com.br\/news\/wp-content\/uploads\/sites\/2\/2023\/04\/Fachada-Expressa_fm_-5-300x200.jpg 300w, https:\/\/tvtecjundiai.com.br\/news\/wp-content\/uploads\/sites\/2\/2023\/04\/Fachada-Expressa_fm_-5-768x512.jpg 768w, https:\/\/tvtecjundiai.com.br\/news\/wp-content\/uploads\/sites\/2\/2023\/04\/Fachada-Expressa_fm_-5.jpg 1280w\" sizes=\"auto, (max-width: 654px) 100vw, 654px\" \/><\/figure>\n<\/div>\n\n\n<p><\/p>\n\n\n\n<p>\u201cNa Parede da Mem\u00f3ria\u201d conta a hist\u00f3ria de quatro amigos, separados pelo tempo e por suas diferen\u00e7as, que se reencontram em um apartamento onde todos j\u00e1 viveram antes, fechando um ciclo da hist\u00f3ria.<\/p>\n\n\n\n<p>Cada personagem dever\u00e1 retirar do im\u00f3vel o que for seu. O \u00fanico desacordo que surge entre os quatro amigos \u00e9 o disco \u201cAlucina\u00e7\u00e3o\u201d, de Belchior, que todos reclamam como seu.<\/p>\n\n\n\n<p>O espet\u00e1culo \u00e9 gratuito e o acesso \u00e0 Sala Jundia\u00ed, no Espa\u00e7o Expressa, ser\u00e1 por ordem de chegada. O Expressa est\u00e1 localizado na Avenida Uni\u00e3o dos Ferrovi\u00e1rios, 1760. No local h\u00e1 estacionamento gratuito.<\/p>\n\n\n\n<p><em><strong>(Fonte\/Imagem: Prefeitura de Jundia\u00ed)<\/strong><\/em><\/p>\n","protected":false},"excerpt":{"rendered":"<p>O espet\u00e1culo \u00e9 gratuito e o acesso \u00e0 Sala Jundia\u00ed, no Espa\u00e7o Expressa, ser\u00e1 por ordem de chegada<\/p>\n","protected":false},"author":30,"featured_media":108270,"comment_status":"closed","ping_status":"0","sticky":false,"template":"","format":"standard","meta":{"footnotes":""},"categories":[2833,8356,8354,1],"tags":[],"class_list":["post-108265","post","type-post","status-publish","format-standard","has-post-thumbnail","hentry","category-cultura","category-jundiai","category-lazer","category-noticias"],"_links":{"self":[{"href":"https:\/\/tvtecjundiai.com.br\/news\/wp-json\/wp\/v2\/posts\/108265","targetHints":{"allow":["GET"]}}],"collection":[{"href":"https:\/\/tvtecjundiai.com.br\/news\/wp-json\/wp\/v2\/posts"}],"about":[{"href":"https:\/\/tvtecjundiai.com.br\/news\/wp-json\/wp\/v2\/types\/post"}],"author":[{"embeddable":true,"href":"https:\/\/tvtecjundiai.com.br\/news\/wp-json\/wp\/v2\/users\/30"}],"replies":[{"embeddable":true,"href":"https:\/\/tvtecjundiai.com.br\/news\/wp-json\/wp\/v2\/comments?post=108265"}],"version-history":[{"count":3,"href":"https:\/\/tvtecjundiai.com.br\/news\/wp-json\/wp\/v2\/posts\/108265\/revisions"}],"predecessor-version":[{"id":108272,"href":"https:\/\/tvtecjundiai.com.br\/news\/wp-json\/wp\/v2\/posts\/108265\/revisions\/108272"}],"wp:featuredmedia":[{"embeddable":true,"href":"https:\/\/tvtecjundiai.com.br\/news\/wp-json\/wp\/v2\/media\/108270"}],"wp:attachment":[{"href":"https:\/\/tvtecjundiai.com.br\/news\/wp-json\/wp\/v2\/media?parent=108265"}],"wp:term":[{"taxonomy":"category","embeddable":true,"href":"https:\/\/tvtecjundiai.com.br\/news\/wp-json\/wp\/v2\/categories?post=108265"},{"taxonomy":"post_tag","embeddable":true,"href":"https:\/\/tvtecjundiai.com.br\/news\/wp-json\/wp\/v2\/tags?post=108265"}],"curies":[{"name":"wp","href":"https:\/\/api.w.org\/{rel}","templated":true}]}}