{"id":108275,"date":"2023-04-24T14:57:20","date_gmt":"2023-04-24T17:57:20","guid":{"rendered":"https:\/\/tvtecjundiai.com.br\/news\/?p=108275"},"modified":"2023-04-24T14:57:21","modified_gmt":"2023-04-24T17:57:21","slug":"bazar-casa-e-decoracao-do-grendacc-vai-ate-quarta-feira-26","status":"publish","type":"post","link":"https:\/\/tvtecjundiai.com.br\/news\/2023\/04\/24\/bazar-casa-e-decoracao-do-grendacc-vai-ate-quarta-feira-26\/","title":{"rendered":"Bazar Casa e Decora\u00e7\u00e3o do Grendacc vai at\u00e9 quarta-feira (26)"},"content":{"rendered":"\n<p>De 24 a 26 de abril, o Espa\u00e7o Bazar de Marcas do Grendacc ter\u00e1 eletroeletr\u00f4nicos, m\u00f3veis, carrinhos e cadeirinhas de beb\u00eas e lustres \u00e0 venda, al\u00e9m de livros por apenas R$ 5. Quem passar pelo local tamb\u00e9m vai encontrar uma mega liquida\u00e7\u00e3o de roupas de ver\u00e3o, como vestidos e blusas. <\/p>\n\n\n\n<p>Todo o valor arrecadado com as vendas ser\u00e1 revertido para o hospital, que atende crian\u00e7as em tratamento contra o c\u00e2ncer e doen\u00e7as hematol\u00f3gicas.<\/p>\n\n\n\n<p>O bazar fica na rua Ol\u00edvio Boa, esquina com a av. Dr. Manoel Ildefonso Archer de Castilho, no Parque da Represa. O funcionamento \u00e9 das 9h \u00e0s 16h. <\/p>\n\n\n<div class=\"wp-block-image\">\n<figure class=\"aligncenter size-large is-resized\"><img loading=\"lazy\" decoding=\"async\" src=\"https:\/\/tvtecjundiai.com.br\/news\/wp-content\/uploads\/sites\/2\/2023\/04\/WhatsApp-Image-2023-04-24-at-14.31.21-edited.jpeg\" alt=\"\" class=\"wp-image-108277\" width=\"666\" height=\"444\" srcset=\"https:\/\/tvtecjundiai.com.br\/news\/wp-content\/uploads\/sites\/2\/2023\/04\/WhatsApp-Image-2023-04-24-at-14.31.21-edited.jpeg 1080w, https:\/\/tvtecjundiai.com.br\/news\/wp-content\/uploads\/sites\/2\/2023\/04\/WhatsApp-Image-2023-04-24-at-14.31.21-edited-300x200.jpeg 300w, https:\/\/tvtecjundiai.com.br\/news\/wp-content\/uploads\/sites\/2\/2023\/04\/WhatsApp-Image-2023-04-24-at-14.31.21-edited-768x512.jpeg 768w\" sizes=\"auto, (max-width: 666px) 100vw, 666px\" \/><\/figure>\n<\/div>\n\n\n<p><\/p>\n\n\n\n<p><em><strong>(Fonte: TVTEC Jundia\u00ed\/Imagem: Divulga\u00e7\u00e3o\/Grendacc)<\/strong><\/em><\/p>\n","protected":false},"excerpt":{"rendered":"<p>Visitantes encontrar\u00e3o eletr\u00f4nicos, m\u00f3veis, carrinhos e cadeirinhas de beb\u00eas, lustres e livros \u00e0 venda<\/p>\n","protected":false},"author":30,"featured_media":108277,"comment_status":"closed","ping_status":"0","sticky":false,"template":"","format":"standard","meta":{"footnotes":""},"categories":[8356,1],"tags":[],"class_list":["post-108275","post","type-post","status-publish","format-standard","has-post-thumbnail","hentry","category-jundiai","category-noticias"],"_links":{"self":[{"href":"https:\/\/tvtecjundiai.com.br\/news\/wp-json\/wp\/v2\/posts\/108275","targetHints":{"allow":["GET"]}}],"collection":[{"href":"https:\/\/tvtecjundiai.com.br\/news\/wp-json\/wp\/v2\/posts"}],"about":[{"href":"https:\/\/tvtecjundiai.com.br\/news\/wp-json\/wp\/v2\/types\/post"}],"author":[{"embeddable":true,"href":"https:\/\/tvtecjundiai.com.br\/news\/wp-json\/wp\/v2\/users\/30"}],"replies":[{"embeddable":true,"href":"https:\/\/tvtecjundiai.com.br\/news\/wp-json\/wp\/v2\/comments?post=108275"}],"version-history":[{"count":1,"href":"https:\/\/tvtecjundiai.com.br\/news\/wp-json\/wp\/v2\/posts\/108275\/revisions"}],"predecessor-version":[{"id":108278,"href":"https:\/\/tvtecjundiai.com.br\/news\/wp-json\/wp\/v2\/posts\/108275\/revisions\/108278"}],"wp:featuredmedia":[{"embeddable":true,"href":"https:\/\/tvtecjundiai.com.br\/news\/wp-json\/wp\/v2\/media\/108277"}],"wp:attachment":[{"href":"https:\/\/tvtecjundiai.com.br\/news\/wp-json\/wp\/v2\/media?parent=108275"}],"wp:term":[{"taxonomy":"category","embeddable":true,"href":"https:\/\/tvtecjundiai.com.br\/news\/wp-json\/wp\/v2\/categories?post=108275"},{"taxonomy":"post_tag","embeddable":true,"href":"https:\/\/tvtecjundiai.com.br\/news\/wp-json\/wp\/v2\/tags?post=108275"}],"curies":[{"name":"wp","href":"https:\/\/api.w.org\/{rel}","templated":true}]}}