{"id":108283,"date":"2023-04-24T15:40:25","date_gmt":"2023-04-24T18:40:25","guid":{"rendered":"https:\/\/tvtecjundiai.com.br\/news\/?p=108283"},"modified":"2023-04-25T09:05:04","modified_gmt":"2023-04-25T12:05:04","slug":"campanhas-contra-gripe-e-covid-19-continuam-nas-ubss","status":"publish","type":"post","link":"https:\/\/tvtecjundiai.com.br\/news\/2023\/04\/24\/campanhas-contra-gripe-e-covid-19-continuam-nas-ubss\/","title":{"rendered":"Campanhas contra gripe e COVID-19 continuam nas UBSs"},"content":{"rendered":"\n<p>Jundia\u00ed prossegue, durante a semana, com as campanhas de vacina\u00e7\u00e3o contra COVID-19 e Influenza, nas Unidades B\u00e1sicas de Sa\u00fade (UBSs), Novas UBSs e Cl\u00ednicas da Fam\u00edlia.<\/p>\n\n\n\n<p>Os imunizantes contra COVID-19 s\u00e3o aplicados, no per\u00edodo da tarde, seguindo o hor\u00e1rio das salas de vacina\u00e7\u00e3o dos equipamentos.\u00a0<a href=\"https:\/\/jundiai.sp.gov.br\/coronavirus\/calendario-de-vacinacao\/\">Confira o calend\u00e1rio.<\/a>\u00a0Para a dose bivalente da Pfizer, seguem habilitadas: pessoas com 60 anos ou mais, imunossuprimidos a partir de 12 anos, profissionais da sa\u00fade, gestantes e pu\u00e9rperas (mulheres que deram \u00e0 luz h\u00e1 at\u00e9 45 dias), al\u00e9m de ind\u00edgenas e pessoas com defici\u00eancia com 12 anos ou mais.<\/p>\n\n\n<div class=\"wp-block-image\">\n<figure class=\"aligncenter size-large\"><img loading=\"lazy\" decoding=\"async\" width=\"1200\" height=\"800\" src=\"https:\/\/tvtecjundiai.com.br\/news\/wp-content\/uploads\/sites\/2\/2023\/04\/vacinacao-geral-1200x800.jpg\" alt=\"\" class=\"wp-image-108284\" srcset=\"https:\/\/tvtecjundiai.com.br\/news\/wp-content\/uploads\/sites\/2\/2023\/04\/vacinacao-geral-1200x800.jpg 1200w, https:\/\/tvtecjundiai.com.br\/news\/wp-content\/uploads\/sites\/2\/2023\/04\/vacinacao-geral-300x200.jpg 300w, https:\/\/tvtecjundiai.com.br\/news\/wp-content\/uploads\/sites\/2\/2023\/04\/vacinacao-geral-768x512.jpg 768w, https:\/\/tvtecjundiai.com.br\/news\/wp-content\/uploads\/sites\/2\/2023\/04\/vacinacao-geral.jpg 1280w\" sizes=\"auto, (max-width: 1200px) 100vw, 1200px\" \/><figcaption class=\"wp-element-caption\">As doses s\u00e3o aplicadas de segunda a sexta-feira<\/figcaption><\/figure>\n<\/div>\n\n\n<p>J\u00e1 a vacina contra gripe, est\u00e1 dispon\u00edvel no per\u00edodo da manh\u00e3. Al\u00e9m de idosos com mais de 60 anos, podem tomar a dose: crian\u00e7as de 6 meses a menores de 6 anos (5 anos, 11 meses e 29 dias), trabalhadores da sa\u00fade, gestantes, pu\u00e9rperas, professores do ensino b\u00e1sico a superior, povos ind\u00edgenas, profissionais das for\u00e7as de seguran\u00e7a e salvamento, profissionais das for\u00e7as armadas, pessoas com defici\u00eancia permanente, caminhoneiros, trabalhadores de transporte coletivo rodovi\u00e1rio para passageiros urbano e de longo curso, trabalhadores portu\u00e1rios, funcion\u00e1rios do sistema prisional e pessoas portadoras de doen\u00e7as cr\u00f4nicas n\u00e3o transmiss\u00edveis e outras condi\u00e7\u00f5es cl\u00ednicas especiais.<br><br>\u00c9 necess\u00e1rio apresentar documento pessoal de identifica\u00e7\u00e3o e documento que comprove a condi\u00e7\u00e3o (registro profissional, receita m\u00e9dica, exame e prescri\u00e7\u00e3o m\u00e9dica com CID).<\/p>\n\n\n\n<p><strong>Parque da Uva<\/strong><br>A Unidade de Gest\u00e3o de Promo\u00e7\u00e3o da Sa\u00fade (UGPS) tamb\u00e9m realiza agendamento, no&nbsp;<a href=\"https:\/\/vacina.jundiai.sp.gov.br\/2004-influenza-60-drive\/?rand=428173247696\">site<\/a>&nbsp;da Prefeitura e no&nbsp;<a href=\"https:\/\/jundiai.sp.gov.br\/aplicativo-prefeitura-de-jundiai\/\">APP Jundia\u00ed<\/a>, para pessoas com mais de 60 anos que queiram receber a vacina contra Influenza em sistema drive-thru. A aplica\u00e7\u00e3o ser\u00e1 nesta ter\u00e7a (25) e quarta-feira (26), no Parque da Uva, das 17h \u00e0s 20h30.<\/p>\n\n\n\n<p><em><strong>(Fonte\/Imagem: Prefeitura de Jundia\u00ed)<\/strong><\/em><\/p>\n","protected":false},"excerpt":{"rendered":"<p>jundia\u00ed prossegue, durante a semana, com as campanhas de vacina\u00e7\u00e3o contra COVID-19 e Influenza<\/p>\n","protected":false},"author":30,"featured_media":108284,"comment_status":"closed","ping_status":"0","sticky":false,"template":"","format":"standard","meta":{"footnotes":""},"categories":[8356,1,2839,8355],"tags":[],"class_list":["post-108283","post","type-post","status-publish","format-standard","has-post-thumbnail","hentry","category-jundiai","category-noticias","category-saude","category-saude-3"],"_links":{"self":[{"href":"https:\/\/tvtecjundiai.com.br\/news\/wp-json\/wp\/v2\/posts\/108283","targetHints":{"allow":["GET"]}}],"collection":[{"href":"https:\/\/tvtecjundiai.com.br\/news\/wp-json\/wp\/v2\/posts"}],"about":[{"href":"https:\/\/tvtecjundiai.com.br\/news\/wp-json\/wp\/v2\/types\/post"}],"author":[{"embeddable":true,"href":"https:\/\/tvtecjundiai.com.br\/news\/wp-json\/wp\/v2\/users\/30"}],"replies":[{"embeddable":true,"href":"https:\/\/tvtecjundiai.com.br\/news\/wp-json\/wp\/v2\/comments?post=108283"}],"version-history":[{"count":2,"href":"https:\/\/tvtecjundiai.com.br\/news\/wp-json\/wp\/v2\/posts\/108283\/revisions"}],"predecessor-version":[{"id":108306,"href":"https:\/\/tvtecjundiai.com.br\/news\/wp-json\/wp\/v2\/posts\/108283\/revisions\/108306"}],"wp:featuredmedia":[{"embeddable":true,"href":"https:\/\/tvtecjundiai.com.br\/news\/wp-json\/wp\/v2\/media\/108284"}],"wp:attachment":[{"href":"https:\/\/tvtecjundiai.com.br\/news\/wp-json\/wp\/v2\/media?parent=108283"}],"wp:term":[{"taxonomy":"category","embeddable":true,"href":"https:\/\/tvtecjundiai.com.br\/news\/wp-json\/wp\/v2\/categories?post=108283"},{"taxonomy":"post_tag","embeddable":true,"href":"https:\/\/tvtecjundiai.com.br\/news\/wp-json\/wp\/v2\/tags?post=108283"}],"curies":[{"name":"wp","href":"https:\/\/api.w.org\/{rel}","templated":true}]}}