{"id":108307,"date":"2023-04-25T09:39:10","date_gmt":"2023-04-25T12:39:10","guid":{"rendered":"https:\/\/tvtecjundiai.com.br\/news\/?p=108307"},"modified":"2023-04-25T09:39:12","modified_gmt":"2023-04-25T12:39:12","slug":"espetaculo-infantojuvenil-premiado-tem-duas-sessoes-gratuitas-no-polytheama","status":"publish","type":"post","link":"https:\/\/tvtecjundiai.com.br\/news\/2023\/04\/25\/espetaculo-infantojuvenil-premiado-tem-duas-sessoes-gratuitas-no-polytheama\/","title":{"rendered":"Espet\u00e1culo infantojuvenil premiado tem duas sess\u00f5es gratuitas no Polytheama"},"content":{"rendered":"\n<p>O Teatro Polytheama recebe neste domingo (30) duas sess\u00f5es com apresenta\u00e7\u00e3o gratuita do espet\u00e1culo \u201cMomo e o Senhor do Tempo \u2013 A Extraordin\u00e1ria Hist\u00f3ria dos Ladr\u00f5es de Tempo e da Crian\u00e7a que Trouxe de Volta \u00e0s Pessoas o Tempo Roubado\u201d, espet\u00e1culo contemplado com o Pr\u00eamio APCA (Associa\u00e7\u00e3o Paulista de Cr\u00edticos Teatrais) na categoria Elenco.<\/p>\n\n\n\n<p>Marcadas para as 16h (com um bate-papo com o elenco na sequ\u00eancia) e \u00e0s 18h, as apresenta\u00e7\u00f5es chegam a Jundia\u00ed por meio da Programa de A\u00e7\u00e3o Cultural (ProAC) e t\u00eam classifica\u00e7\u00e3o et\u00e1ria sugerida para crian\u00e7as maiores de sete anos.<\/p>\n\n\n\n<p>Baseado na obra de Michael Ende, o espet\u00e1culo traz em seu elenco premiado Camila Cohen, Eric Oliveira, Ernani Sanchez, Fabr\u00edcio Licursi e Victor Mendes; e em sua dire\u00e7\u00e3o, a tamb\u00e9m premiada \u2013 com APCA, Pr\u00eamio S\u00e3o Paulo e Pr\u00eamio Governador do Estado \u2013 Carla Candiotto, que \u00e9 diretora art\u00edstica da Cia. de Teatro de Jundia\u00ed, corpo art\u00edstico municipal ligado \u00e0 Unidade de Gest\u00e3o de Cultura.<\/p>\n\n\n\n<p>A menina Momo aparece misteriosamente em uma cidade e vai morar nas ru\u00ednas de um antigo teatro abandonado. L\u00e1, onde as crian\u00e7as desaprenderam de brincar, pouco a pouco, ela as ensina a redescobrir esse prazer. Com empatia e aten\u00e7\u00e3o, ouve as pessoas, valoriza a rela\u00e7\u00e3o entre os amigos, os encontros e as ideias diferentes.<\/p>\n\n\n<div class=\"wp-block-image\">\n<figure class=\"aligncenter size-large\"><img loading=\"lazy\" decoding=\"async\" width=\"1200\" height=\"809\" src=\"https:\/\/tvtecjundiai.com.br\/news\/wp-content\/uploads\/sites\/2\/2023\/04\/momo-e-o-sr-do-tempo-foto-joao-caldas-fo_156302press-2-1280x863-1-1200x809.jpg\" alt=\"\" class=\"wp-image-108308\" srcset=\"https:\/\/tvtecjundiai.com.br\/news\/wp-content\/uploads\/sites\/2\/2023\/04\/momo-e-o-sr-do-tempo-foto-joao-caldas-fo_156302press-2-1280x863-1-1200x809.jpg 1200w, https:\/\/tvtecjundiai.com.br\/news\/wp-content\/uploads\/sites\/2\/2023\/04\/momo-e-o-sr-do-tempo-foto-joao-caldas-fo_156302press-2-1280x863-1-300x202.jpg 300w, https:\/\/tvtecjundiai.com.br\/news\/wp-content\/uploads\/sites\/2\/2023\/04\/momo-e-o-sr-do-tempo-foto-joao-caldas-fo_156302press-2-1280x863-1-768x518.jpg 768w, https:\/\/tvtecjundiai.com.br\/news\/wp-content\/uploads\/sites\/2\/2023\/04\/momo-e-o-sr-do-tempo-foto-joao-caldas-fo_156302press-2-1280x863-1.jpg 1280w\" sizes=\"auto, (max-width: 1200px) 100vw, 1200px\" \/><figcaption class=\"wp-element-caption\">Imagem: Jo\u00e3o Caldas<\/figcaption><\/figure>\n<\/div>\n\n\n<p><\/p>\n\n\n\n<p>Tudo parece fazer sentido at\u00e9 que um acontecimento inesperado tira o sossego de todos. Os Seres Cinzas surgem com a finalidade clara de comprar o tempo das pessoas. O tempo para a brincadeira, o tempo para conversar com os amigos, o tempo de olhar as formigas, ou passear, \u00e9 roubado e trocado por uma moeda que deixar\u00e1 todos tristes. A miss\u00e3o dos Seres Cinzas \u00e9 convencer as pessoas de que elas devem \u201ceconomizar\u201d seu tempo, entregando-o a eles. Na real, eles sugam e estocam o tempo do povo com a desculpa de ajudar a poupar mais. Momo e seus amigos precisam agir rapidamente. Precisam de um plano para enfrentar o inimigo e recuperar o \u201ctempo perdido\u201d de todos.<\/p>\n\n\n\n<p>\u201cNovamente, a Prefeitura consegue trazer para a cidade um espet\u00e1culo premiado dos palcos da capital. Mas desta vez, a novidade tem algo de especial, pois trata-se de uma pe\u00e7a dirigida pela Carla, diretora da nossa companhia de Teatro, e com um tema t\u00e3o alinhado com o programa municipal Cidade das Crian\u00e7as, que traz como um de seus eixos o direito que as crian\u00e7as t\u00eam de brincar\u201d, comentou o gestor de Cultura, Marcelo Peroni.<\/p>\n\n\n\n<p>Os ingressos gratuitos \u2013 dois por pessoa \u2013 ser\u00e3o distribu\u00eddos a partir das 10h30 deste s\u00e1bado (29), tanto na bilheteria do teatro quanto\u00a0<a rel=\"noreferrer noopener\" href=\"https:\/\/bileto.sympla.com.br\/event\/81949\/d\/189823\/s\/1283870\" target=\"_blank\">na internet, pela plataforma Sympla<\/a>.<\/p>\n\n\n\n<p>O Teatro Polytheama fica na rua Bar\u00e3o de Jundia\u00ed, 176 \u2013 Centro. Mais informa\u00e7\u00f5es pelo telefone 4586-2472.<\/p>\n\n\n<div class=\"wp-block-image\">\n<figure class=\"aligncenter size-large\"><img loading=\"lazy\" decoding=\"async\" width=\"1200\" height=\"800\" src=\"https:\/\/tvtecjundiai.com.br\/news\/wp-content\/uploads\/sites\/2\/2023\/04\/companhia-de-teatro-de-atores-carla-candiotto_fm_-45-1-1280x853-1-1200x800.jpg\" alt=\"\" class=\"wp-image-108309\" srcset=\"https:\/\/tvtecjundiai.com.br\/news\/wp-content\/uploads\/sites\/2\/2023\/04\/companhia-de-teatro-de-atores-carla-candiotto_fm_-45-1-1280x853-1-1200x800.jpg 1200w, https:\/\/tvtecjundiai.com.br\/news\/wp-content\/uploads\/sites\/2\/2023\/04\/companhia-de-teatro-de-atores-carla-candiotto_fm_-45-1-1280x853-1-300x200.jpg 300w, https:\/\/tvtecjundiai.com.br\/news\/wp-content\/uploads\/sites\/2\/2023\/04\/companhia-de-teatro-de-atores-carla-candiotto_fm_-45-1-1280x853-1-768x512.jpg 768w, https:\/\/tvtecjundiai.com.br\/news\/wp-content\/uploads\/sites\/2\/2023\/04\/companhia-de-teatro-de-atores-carla-candiotto_fm_-45-1-1280x853-1.jpg 1280w\" sizes=\"auto, (max-width: 1200px) 100vw, 1200px\" \/><figcaption class=\"wp-element-caption\">Adapta\u00e7\u00e3o do texto e dire\u00e7\u00e3o do espet\u00e1culo s\u00e3o de Carla Candiotto, que \u00e9 tamb\u00e9m diretora art\u00edstica da Cia. de Teatro de Jundia\u00ed<\/figcaption><\/figure>\n<\/div>\n\n\n<p><\/p>\n\n\n\n<p><strong><em>(Fonte: Prefeitura de Jundia\u00ed\/Imagem: Jo\u00e3o Caldas)<\/em><\/strong><\/p>\n","protected":false},"excerpt":{"rendered":"<p>Apresenta\u00e7\u00f5es est\u00e3o marcadas para \u00e0s 16h e \u00e0s 18h de domingo (30)<\/p>\n","protected":false},"author":30,"featured_media":108308,"comment_status":"closed","ping_status":"0","sticky":false,"template":"","format":"standard","meta":{"footnotes":""},"categories":[2833,8356,8354,1],"tags":[],"class_list":["post-108307","post","type-post","status-publish","format-standard","has-post-thumbnail","hentry","category-cultura","category-jundiai","category-lazer","category-noticias"],"_links":{"self":[{"href":"https:\/\/tvtecjundiai.com.br\/news\/wp-json\/wp\/v2\/posts\/108307","targetHints":{"allow":["GET"]}}],"collection":[{"href":"https:\/\/tvtecjundiai.com.br\/news\/wp-json\/wp\/v2\/posts"}],"about":[{"href":"https:\/\/tvtecjundiai.com.br\/news\/wp-json\/wp\/v2\/types\/post"}],"author":[{"embeddable":true,"href":"https:\/\/tvtecjundiai.com.br\/news\/wp-json\/wp\/v2\/users\/30"}],"replies":[{"embeddable":true,"href":"https:\/\/tvtecjundiai.com.br\/news\/wp-json\/wp\/v2\/comments?post=108307"}],"version-history":[{"count":1,"href":"https:\/\/tvtecjundiai.com.br\/news\/wp-json\/wp\/v2\/posts\/108307\/revisions"}],"predecessor-version":[{"id":108310,"href":"https:\/\/tvtecjundiai.com.br\/news\/wp-json\/wp\/v2\/posts\/108307\/revisions\/108310"}],"wp:featuredmedia":[{"embeddable":true,"href":"https:\/\/tvtecjundiai.com.br\/news\/wp-json\/wp\/v2\/media\/108308"}],"wp:attachment":[{"href":"https:\/\/tvtecjundiai.com.br\/news\/wp-json\/wp\/v2\/media?parent=108307"}],"wp:term":[{"taxonomy":"category","embeddable":true,"href":"https:\/\/tvtecjundiai.com.br\/news\/wp-json\/wp\/v2\/categories?post=108307"},{"taxonomy":"post_tag","embeddable":true,"href":"https:\/\/tvtecjundiai.com.br\/news\/wp-json\/wp\/v2\/tags?post=108307"}],"curies":[{"name":"wp","href":"https:\/\/api.w.org\/{rel}","templated":true}]}}