{"id":108311,"date":"2023-04-25T09:58:43","date_gmt":"2023-04-25T12:58:43","guid":{"rendered":"https:\/\/tvtecjundiai.com.br\/news\/?p=108311"},"modified":"2023-04-25T09:58:44","modified_gmt":"2023-04-25T12:58:44","slug":"reuniao-de-plataformas-tem-foco-em-politicas-socioassistenciais","status":"publish","type":"post","link":"https:\/\/tvtecjundiai.com.br\/news\/2023\/04\/25\/reuniao-de-plataformas-tem-foco-em-politicas-socioassistenciais\/","title":{"rendered":"Reuni\u00e3o de Plataformas tem foco em pol\u00edticas socioassistenciais"},"content":{"rendered":"\n<p>Nesta segunda-feira (24), o Prefeito Luiz Fernando Machado conduziu a 18\u00aa Reuni\u00e3o de Plataformas com os gestores municipais, na Sala de Situa\u00e7\u00e3o do Pa\u00e7o Municipal. O objetivo do encontro \u00e9 fazer o alinhamento das plataformas de gest\u00e3o na execu\u00e7\u00e3o dos projetos estrat\u00e9gicos para o desenvolvimento do munic\u00edpio e das pessoas.<\/p>\n\n\n\n<p>O principal tema do dia foi a apresenta\u00e7\u00e3o do Censo de Pessoas em Situa\u00e7\u00e3o de Rua, que foi desenvolvido pela Unidade de Gest\u00e3o de Assist\u00eancia e Desenvolvimento Social (UGADS). A pesquisa tra\u00e7ou um panorama da quantidade de pessoas em situa\u00e7\u00e3o de rua no munic\u00edpio, assim como o perfil de cada um deles. Os resultados definitivos ainda ser\u00e3o finalizados e divulgados posteriormente.<\/p>\n\n\n\n<p>\u201cO Censo \u00e9 um importante diagn\u00f3stico que nortear\u00e1 o desenvolvimento de pol\u00edticas p\u00fablicas intersetoriais, para gerar a inclus\u00e3o dessas pessoas na sociedade e resolver os problemas acerca da seguran\u00e7a p\u00fablica, sa\u00fade, educa\u00e7\u00e3o, empregabilidade, cultura e desenvolvimento social\u201d, comentou o Prefeito Luiz Fernando Machado. Intera\u00e7\u00e3o de plataformas para resolver o problema de inclus\u00e3o.<\/p>\n\n\n<div class=\"wp-block-image\">\n<figure class=\"aligncenter size-large\"><img loading=\"lazy\" decoding=\"async\" width=\"1200\" height=\"801\" src=\"https:\/\/tvtecjundiai.com.br\/news\/wp-content\/uploads\/sites\/2\/2023\/04\/reuniao_de_plataforma_pa-10-1-1280x854-1-1200x801.jpg\" alt=\"\" class=\"wp-image-108312\" srcset=\"https:\/\/tvtecjundiai.com.br\/news\/wp-content\/uploads\/sites\/2\/2023\/04\/reuniao_de_plataforma_pa-10-1-1280x854-1-1200x801.jpg 1200w, https:\/\/tvtecjundiai.com.br\/news\/wp-content\/uploads\/sites\/2\/2023\/04\/reuniao_de_plataforma_pa-10-1-1280x854-1-300x200.jpg 300w, https:\/\/tvtecjundiai.com.br\/news\/wp-content\/uploads\/sites\/2\/2023\/04\/reuniao_de_plataforma_pa-10-1-1280x854-1-768x512.jpg 768w, https:\/\/tvtecjundiai.com.br\/news\/wp-content\/uploads\/sites\/2\/2023\/04\/reuniao_de_plataforma_pa-10-1-1280x854-1.jpg 1280w\" sizes=\"auto, (max-width: 1200px) 100vw, 1200px\" \/><figcaption class=\"wp-element-caption\">Prefeito Luiz Fernando Machado liderou reuni\u00e3o na Sala de Situa\u00e7\u00e3o<\/figcaption><\/figure>\n<\/div>\n\n\n<p><\/p>\n\n\n\n<p>A UGADS conta com uma extensa carta de servi\u00e7os para o atendimento \u00e0s pessoas em situa\u00e7\u00e3o de rua, conforme o per\u00edodo de referenciamento pela rede, que s\u00e3o: o Centro POP, a Casa de Passagem, os abrigos e a rep\u00fablica. Al\u00e9m disso, as equipes t\u00e9cnicas de abordagem social fazem constantes a\u00e7\u00f5es em regi\u00f5es como o Centro e a Ponte S\u00e3o Jo\u00e3o, para referenciamento e inclus\u00e3o dessas pessoas na rede de servi\u00e7os.<\/p>\n\n\n\n<p>Al\u00e9m da rede POP Rua, a UGADS disp\u00f5e de outros equipamentos e servi\u00e7os como: o CREAS, Fam\u00edlia Acolhedora, os Centros de Conviv\u00eancia do Idoso e os seis CRAS referenciados por regi\u00e3o (Central, Sul, Nordeste, Oeste, Leste e Norte).<\/p>\n\n\n\n<p>\u201cO planejamento intersetorial proporciona maior efici\u00eancia na gest\u00e3o dos recursos e impacta positivamente na qualidade do servi\u00e7o proporcionado ao cidad\u00e3o. O Censo ser\u00e1 uma importante ferramenta para que a gente resolva um dos gargalos municipais e promova a inclus\u00e3o social\u201d, disse o Gestor de Governo e Finan\u00e7as, Jos\u00e9 Antonio Parimoschi.<\/p>\n\n\n\n<p><em><strong>(Fonte\/Imagem: Prefeitura de Jundia\u00ed)<\/strong><\/em><\/p>\n","protected":false},"excerpt":{"rendered":"<p>O principal tema do dia foi a apresenta\u00e7\u00e3o do Censo de Pessoas em Situa\u00e7\u00e3o de Rua<\/p>\n","protected":false},"author":30,"featured_media":108312,"comment_status":"closed","ping_status":"0","sticky":false,"template":"","format":"standard","meta":{"footnotes":""},"categories":[8357,8356,1],"tags":[],"class_list":["post-108311","post","type-post","status-publish","format-standard","has-post-thumbnail","hentry","category-gestao","category-jundiai","category-noticias"],"_links":{"self":[{"href":"https:\/\/tvtecjundiai.com.br\/news\/wp-json\/wp\/v2\/posts\/108311","targetHints":{"allow":["GET"]}}],"collection":[{"href":"https:\/\/tvtecjundiai.com.br\/news\/wp-json\/wp\/v2\/posts"}],"about":[{"href":"https:\/\/tvtecjundiai.com.br\/news\/wp-json\/wp\/v2\/types\/post"}],"author":[{"embeddable":true,"href":"https:\/\/tvtecjundiai.com.br\/news\/wp-json\/wp\/v2\/users\/30"}],"replies":[{"embeddable":true,"href":"https:\/\/tvtecjundiai.com.br\/news\/wp-json\/wp\/v2\/comments?post=108311"}],"version-history":[{"count":1,"href":"https:\/\/tvtecjundiai.com.br\/news\/wp-json\/wp\/v2\/posts\/108311\/revisions"}],"predecessor-version":[{"id":108313,"href":"https:\/\/tvtecjundiai.com.br\/news\/wp-json\/wp\/v2\/posts\/108311\/revisions\/108313"}],"wp:featuredmedia":[{"embeddable":true,"href":"https:\/\/tvtecjundiai.com.br\/news\/wp-json\/wp\/v2\/media\/108312"}],"wp:attachment":[{"href":"https:\/\/tvtecjundiai.com.br\/news\/wp-json\/wp\/v2\/media?parent=108311"}],"wp:term":[{"taxonomy":"category","embeddable":true,"href":"https:\/\/tvtecjundiai.com.br\/news\/wp-json\/wp\/v2\/categories?post=108311"},{"taxonomy":"post_tag","embeddable":true,"href":"https:\/\/tvtecjundiai.com.br\/news\/wp-json\/wp\/v2\/tags?post=108311"}],"curies":[{"name":"wp","href":"https:\/\/api.w.org\/{rel}","templated":true}]}}