{"id":108315,"date":"2023-04-25T11:59:28","date_gmt":"2023-04-25T14:59:28","guid":{"rendered":"https:\/\/tvtecjundiai.com.br\/news\/?p=108315"},"modified":"2023-04-25T11:59:34","modified_gmt":"2023-04-25T14:59:34","slug":"conselho-gestor-aprova-estudos-para-concessao-de-terminais-de-onibus-urbanos-de-jundiai","status":"publish","type":"post","link":"https:\/\/tvtecjundiai.com.br\/news\/2023\/04\/25\/conselho-gestor-aprova-estudos-para-concessao-de-terminais-de-onibus-urbanos-de-jundiai\/","title":{"rendered":"Conselho Gestor aprova estudos para concess\u00e3o de terminais de \u00f4nibus urbanos de Jundia\u00ed"},"content":{"rendered":"\n<p>O Conselho Gestor do Programa de Parcerias P\u00fablico-Privadas (CGPPP), presidido pelo gestor de Governo e Finan\u00e7as Jos\u00e9 Antonio Parimoschi, aprovou nesta segunda-feira (24), a inclus\u00e3o dos estudos do projeto de concess\u00e3o dos sete terminais urbanos no Programa de Parcerias P\u00fablico-Privada.<\/p>\n\n\n\n<p>Durante a reuni\u00e3o foram discutidos os estudos de modelagem de engenharia e arquitetura, operacional, econ\u00f4mico-financeira e jur\u00eddica referentes \u00e0 Parceria P\u00fablico-Privada, na modalidade de concess\u00e3o administrativa para administra\u00e7\u00e3o, manuten\u00e7\u00e3o, conserva\u00e7\u00e3o, explora\u00e7\u00e3o comercial e requalifica\u00e7\u00e3o dos sete Terminais Urbanos, das paradas e abrigos localizados no anel vi\u00e1rio central de Jundia\u00ed, al\u00e9m da constru\u00e7\u00e3o de novo terminal no Jardim Novo Horizonte.<\/p>\n\n\n\n<p>Com previs\u00e3o de o contrato de PPP ser firmado em 2024, os pr\u00f3ximos passos incluem a realiza\u00e7\u00e3o de audi\u00eancia e consulta p\u00fablica para a coleta de sugest\u00f5es da popula\u00e7\u00e3o, envio de Projeto de Lei \u00e0 C\u00e2mara Municipal para aprova\u00e7\u00e3o dos vereadores, bem como as an\u00e1lises do processo licitat\u00f3rio.<\/p>\n\n\n\n<figure class=\"wp-block-image size-large\"><img loading=\"lazy\" decoding=\"async\" width=\"1200\" height=\"698\" src=\"https:\/\/tvtecjundiai.com.br\/news\/wp-content\/uploads\/sites\/2\/2023\/04\/reuniao-conselho-ppp-terminais-1280x744-1-1200x698.jpg\" alt=\"\" class=\"wp-image-108341\" srcset=\"https:\/\/tvtecjundiai.com.br\/news\/wp-content\/uploads\/sites\/2\/2023\/04\/reuniao-conselho-ppp-terminais-1280x744-1-1200x698.jpg 1200w, https:\/\/tvtecjundiai.com.br\/news\/wp-content\/uploads\/sites\/2\/2023\/04\/reuniao-conselho-ppp-terminais-1280x744-1-300x174.jpg 300w, https:\/\/tvtecjundiai.com.br\/news\/wp-content\/uploads\/sites\/2\/2023\/04\/reuniao-conselho-ppp-terminais-1280x744-1-768x446.jpg 768w, https:\/\/tvtecjundiai.com.br\/news\/wp-content\/uploads\/sites\/2\/2023\/04\/reuniao-conselho-ppp-terminais-1280x744-1.jpg 1280w\" sizes=\"auto, (max-width: 1200px) 100vw, 1200px\" \/><\/figure>\n\n\n\n<p><\/p>\n\n\n\n<p>A empresa ou o cons\u00f3rcio vencedor ser\u00e1 respons\u00e1vel pela requalifica\u00e7\u00e3o, administra\u00e7\u00e3o e opera\u00e7\u00e3o dos terminais urbanos. O contrato prev\u00ea obras para reforma de sanit\u00e1rios, proporcionando acessibilidade completa; moderniza\u00e7\u00e3o de sistemas, som e pain\u00e9is digitais, facilitando a comunica\u00e7\u00e3o com o usu\u00e1rio; bem como manuten\u00e7\u00e3o e conserva\u00e7\u00e3o; obras de amplia\u00e7\u00e3o e requalifica\u00e7\u00e3o. Em contrapartida, a iniciativa privada poder\u00e1 realizar explora\u00e7\u00e3o publicit\u00e1ria e comercial desses espa\u00e7os.<br><br>\u201cCom inova\u00e7\u00e3o, tecnologia e melhorias na infraestrutura, o objetivo \u00e9 transformar os terminais com o conceito multi\u00faso, oferecendo melhores alternativas de mobilidade para a popula\u00e7\u00e3o, com efici\u00eancia\u201d, afirma Jos\u00e9 Antonio Parimoschi, refor\u00e7ando que al\u00e9m de os terminais passarem por obras para receberem com\u00e9rcio, tamb\u00e9m contar\u00e3o com espa\u00e7os para servi\u00e7os p\u00fablicos.<\/p>\n\n\n\n<p><strong>Trem Intercidades &#8211; TIC<\/strong><\/p>\n\n\n\n<p>Com o edital de licita\u00e7\u00e3o para a concess\u00e3o do Trem Intercidades entre S\u00e3o Paulo e Campinas (TIC \u2014 Eixo Norte), publicado pelo Governo do Estado em mar\u00e7o, a PPP dos terminais tamb\u00e9m contempla obras de adequa\u00e7\u00e3o e amplia\u00e7\u00e3o no terminal Vila Arens, viabilizando a integra\u00e7\u00e3o modal \u2014 transporte ferrovi\u00e1rio, transporte urbano, transporte individual por ve\u00edculo, bicicleta ou locomo\u00e7\u00e3o a p\u00e9, trazendo desenvolvimento econ\u00f4mico, com o incentivo de novas atividades no entorno e gera\u00e7\u00e3o de empregos.<\/p>\n\n\n\n<p>\u201cA moderniza\u00e7\u00e3o dos servi\u00e7os de transporte coletivo proporcionar\u00e1 mais qualidade, seguran\u00e7a e conforto aos usu\u00e1rios, estimulando o uso desse meio de locomo\u00e7\u00e3o, alternativa mais sustent\u00e1vel por permitir a redu\u00e7\u00e3o de congestionamentos e sinistros\u201d, explica o gestor de Mobilidade e Transporte, Aloysio Queiroz.<\/p>\n\n\n\n<p><em><strong>(Fonte\/Imagem: Prefeitura de Jundia\u00ed)<\/strong><\/em><\/p>\n","protected":false},"excerpt":{"rendered":"<p>O contrato est\u00e1 previsto para ser firmado em 2024<\/p>\n","protected":false},"author":30,"featured_media":108341,"comment_status":"closed","ping_status":"0","sticky":false,"template":"","format":"standard","meta":{"footnotes":""},"categories":[8357,8356,1],"tags":[],"class_list":["post-108315","post","type-post","status-publish","format-standard","has-post-thumbnail","hentry","category-gestao","category-jundiai","category-noticias"],"_links":{"self":[{"href":"https:\/\/tvtecjundiai.com.br\/news\/wp-json\/wp\/v2\/posts\/108315","targetHints":{"allow":["GET"]}}],"collection":[{"href":"https:\/\/tvtecjundiai.com.br\/news\/wp-json\/wp\/v2\/posts"}],"about":[{"href":"https:\/\/tvtecjundiai.com.br\/news\/wp-json\/wp\/v2\/types\/post"}],"author":[{"embeddable":true,"href":"https:\/\/tvtecjundiai.com.br\/news\/wp-json\/wp\/v2\/users\/30"}],"replies":[{"embeddable":true,"href":"https:\/\/tvtecjundiai.com.br\/news\/wp-json\/wp\/v2\/comments?post=108315"}],"version-history":[{"count":2,"href":"https:\/\/tvtecjundiai.com.br\/news\/wp-json\/wp\/v2\/posts\/108315\/revisions"}],"predecessor-version":[{"id":108342,"href":"https:\/\/tvtecjundiai.com.br\/news\/wp-json\/wp\/v2\/posts\/108315\/revisions\/108342"}],"wp:featuredmedia":[{"embeddable":true,"href":"https:\/\/tvtecjundiai.com.br\/news\/wp-json\/wp\/v2\/media\/108341"}],"wp:attachment":[{"href":"https:\/\/tvtecjundiai.com.br\/news\/wp-json\/wp\/v2\/media?parent=108315"}],"wp:term":[{"taxonomy":"category","embeddable":true,"href":"https:\/\/tvtecjundiai.com.br\/news\/wp-json\/wp\/v2\/categories?post=108315"},{"taxonomy":"post_tag","embeddable":true,"href":"https:\/\/tvtecjundiai.com.br\/news\/wp-json\/wp\/v2\/tags?post=108315"}],"curies":[{"name":"wp","href":"https:\/\/api.w.org\/{rel}","templated":true}]}}