{"id":108326,"date":"2023-04-25T11:21:01","date_gmt":"2023-04-25T14:21:01","guid":{"rendered":"https:\/\/tvtecjundiai.com.br\/news\/?p=108326"},"modified":"2023-04-25T11:21:02","modified_gmt":"2023-04-25T14:21:02","slug":"surtos-da-doenca-mao-pe-boca-aumentam-149-no-estado-de-sp","status":"publish","type":"post","link":"https:\/\/tvtecjundiai.com.br\/news\/2023\/04\/25\/surtos-da-doenca-mao-pe-boca-aumentam-149-no-estado-de-sp\/","title":{"rendered":"Surtos da doen\u00e7a m\u00e3o-p\u00e9-boca aumentam 149% no estado de SP"},"content":{"rendered":"\n<p>A Secretaria de Estado da Sa\u00fade de S\u00e3o Paulo (SES-SP) registrou um aumento de surtos da doen\u00e7a m\u00e3o-p\u00e9-boca (DMPB) no estado. De janeiro a mar\u00e7o deste ano foram 391 surtos da enfermidade, sendo que, no ano passado, no mesmo per\u00edodo, havia 157 notifica\u00e7\u00f5es, um aumento de 149% em 2023.<\/p>\n\n\n\n<p>Durante todo o ano de 2022, foram contabilizados no estado 387 surtos da doen\u00e7a, que pode se intensificar no outono, assim como bronquite e sinusite.<\/p>\n\n\n\n<p>A doen\u00e7a m\u00e3o-p\u00e9-boca \u00e9 uma s\u00edndrome viral e sazonal, mais frequente em crian\u00e7as de at\u00e9 cinco anos, cuja transmiss\u00e3o ocorre por meio de secre\u00e7\u00f5es de vias a\u00e9reas, got\u00edculas de saliva, via fecal-oral e pelo contato com les\u00f5es. A preven\u00e7\u00e3o ocorre por meio de medidas b\u00e1sicas de higiene, como lavar bem as m\u00e3os e evitar aglomera\u00e7\u00f5es, especialmente durante \u00e9poca de surto.<\/p>\n\n\n<div class=\"wp-block-image\">\n<figure class=\"aligncenter size-full\"><img loading=\"lazy\" decoding=\"async\" width=\"702\" height=\"464\" src=\"https:\/\/tvtecjundiai.com.br\/news\/wp-content\/uploads\/sites\/2\/2023\/04\/doenca-mao-pe-boca-estado-sp-jundiai.jpg\" alt=\"\" class=\"wp-image-108331\" srcset=\"https:\/\/tvtecjundiai.com.br\/news\/wp-content\/uploads\/sites\/2\/2023\/04\/doenca-mao-pe-boca-estado-sp-jundiai.jpg 702w, https:\/\/tvtecjundiai.com.br\/news\/wp-content\/uploads\/sites\/2\/2023\/04\/doenca-mao-pe-boca-estado-sp-jundiai-300x198.jpg 300w\" sizes=\"auto, (max-width: 702px) 100vw, 702px\" \/><\/figure>\n<\/div>\n\n\n<p><\/p>\n\n\n\n<p>O v\u00edrus habita o sistema digestivo e pode provocar estomatites, falta de apetite, v\u00f4mitos e diarreia. Al\u00e9m disso, por causa de inc\u00f4modos, h\u00e1 dificuldade para engolir e muita saliva\u00e7\u00e3o.<\/p>\n\n\n\n<p>Na maioria dos casos, o per\u00edodo de incuba\u00e7\u00e3o do v\u00edrus varia de 1 a 7 dias ap\u00f3s a contamina\u00e7\u00e3o. O v\u00edrus pode permanecer em secre\u00e7\u00f5es da mucosa oral por at\u00e9 2 semanas e na via respirat\u00f3ria de 1 a 3 semanas ap\u00f3s a infec\u00e7\u00e3o.<\/p>\n\n\n\n<p><strong>Preven\u00e7\u00e3o<\/strong><\/p>\n\n\n\n<ul class=\"wp-block-list\">\n<li>Deve-se manter medidas frequentes de higiene pessoal e do ambiente que as crian\u00e7as acessam<\/li>\n\n\n\n<li>Aten\u00e7\u00e3o na troca de fraldas. Evite compartilhar objetos como pomadas e len\u00e7o umedecido;<\/li>\n\n\n\n<li>Evite qualquer a\u00e7\u00e3o que tenha o contato das m\u00e3os com a boca;<\/li>\n\n\n\n<li>Higienize itens de uso pessoal e do ambiente com solu\u00e7\u00e3o de \u00e1lcool et\u00edlico 70% ou desinfec\u00e7\u00e3o com solu\u00e7\u00e3o clorada.<\/li>\n\n\n\n<li>Evitar a circula\u00e7\u00e3o de crian\u00e7as menores de cinco anos em aglomera\u00e7\u00f5es p\u00fablicas nos per\u00edodos de surto.<\/li>\n<\/ul>\n\n\n\n<p><strong>Tratamento<\/strong><\/p>\n\n\n\n<p>N\u00e3o h\u00e1 tratamento espec\u00edfico para DMPB e a recupera\u00e7\u00e3o pode durar entre 7 e 10 dias. O uso de analg\u00e9sicos, antit\u00e9rmicos e hidrata\u00e7\u00e3o pode auxiliar no tratamento dos sintomas.<\/p>\n\n\n\n<p>Tamb\u00e9m \u00e9 recomendado manter isolamento social, enquanto durar a fase de surto da doen\u00e7a, como, por exemplo, evitar que a crian\u00e7a frequente a creche por cerca de sete dias ou at\u00e9 o desaparecimento das les\u00f5es de pele.<\/p>\n\n\n\n<p><em><strong>(Fonte: Governo do Estado de S\u00e3o Paulo\/Imagem: Canva)<\/strong><\/em><\/p>\n","protected":false},"excerpt":{"rendered":"<p>De janeiro a mar\u00e7o deste ano foram 391 surtos da enfermidade<\/p>\n","protected":false},"author":30,"featured_media":108331,"comment_status":"closed","ping_status":"0","sticky":false,"template":"","format":"standard","meta":{"footnotes":""},"categories":[1,2839,8355],"tags":[],"class_list":["post-108326","post","type-post","status-publish","format-standard","has-post-thumbnail","hentry","category-noticias","category-saude","category-saude-3"],"_links":{"self":[{"href":"https:\/\/tvtecjundiai.com.br\/news\/wp-json\/wp\/v2\/posts\/108326","targetHints":{"allow":["GET"]}}],"collection":[{"href":"https:\/\/tvtecjundiai.com.br\/news\/wp-json\/wp\/v2\/posts"}],"about":[{"href":"https:\/\/tvtecjundiai.com.br\/news\/wp-json\/wp\/v2\/types\/post"}],"author":[{"embeddable":true,"href":"https:\/\/tvtecjundiai.com.br\/news\/wp-json\/wp\/v2\/users\/30"}],"replies":[{"embeddable":true,"href":"https:\/\/tvtecjundiai.com.br\/news\/wp-json\/wp\/v2\/comments?post=108326"}],"version-history":[{"count":2,"href":"https:\/\/tvtecjundiai.com.br\/news\/wp-json\/wp\/v2\/posts\/108326\/revisions"}],"predecessor-version":[{"id":108332,"href":"https:\/\/tvtecjundiai.com.br\/news\/wp-json\/wp\/v2\/posts\/108326\/revisions\/108332"}],"wp:featuredmedia":[{"embeddable":true,"href":"https:\/\/tvtecjundiai.com.br\/news\/wp-json\/wp\/v2\/media\/108331"}],"wp:attachment":[{"href":"https:\/\/tvtecjundiai.com.br\/news\/wp-json\/wp\/v2\/media?parent=108326"}],"wp:term":[{"taxonomy":"category","embeddable":true,"href":"https:\/\/tvtecjundiai.com.br\/news\/wp-json\/wp\/v2\/categories?post=108326"},{"taxonomy":"post_tag","embeddable":true,"href":"https:\/\/tvtecjundiai.com.br\/news\/wp-json\/wp\/v2\/tags?post=108326"}],"curies":[{"name":"wp","href":"https:\/\/api.w.org\/{rel}","templated":true}]}}