{"id":108334,"date":"2023-04-25T11:41:16","date_gmt":"2023-04-25T14:41:16","guid":{"rendered":"https:\/\/tvtecjundiai.com.br\/news\/?p=108334"},"modified":"2023-04-25T12:00:38","modified_gmt":"2023-04-25T15:00:38","slug":"leoes-da-vila-hortolandia-e-campea-do-carnaval-de-jundiai","status":"publish","type":"post","link":"https:\/\/tvtecjundiai.com.br\/news\/2023\/04\/25\/leoes-da-vila-hortolandia-e-campea-do-carnaval-de-jundiai\/","title":{"rendered":"Le\u00f5es da Vila Hortol\u00e2ndia \u00e9 campe\u00e3 do carnaval de Jundia\u00ed"},"content":{"rendered":"\n<p>A escola de samba Le\u00f5es da Vila Hortol\u00e2ndia venceu pela quarta vez o carnaval de&nbsp;Jundia\u00ed, que mesmo fora de \u00e9poca, atraiu cinco mil pessoas nas arquibancadas. A festa ocorreu no s\u00e1bado (22), no Espa\u00e7o Multiuso da Cidade Administrativa.<\/p>\n\n\n\n<p>Com o enredo &#8216;Entre Becos e Vielas&#8217;, a escola foi a terceira a entrar na avenida e levou uma reflex\u00e3o sobre a discrimina\u00e7\u00e3o e lutas dos moradores de comunidades.&nbsp;<\/p>\n\n\n\n<p>As escolas de samba tiveram que completar um percurso de 150 metros, no limite de 45 minutos. Os 18 jurados acompanhavam das cabines e observaram nove quesitos.<\/p>\n\n\n<div class=\"wp-block-image\">\n<figure class=\"aligncenter size-full is-resized\"><img loading=\"lazy\" decoding=\"async\" src=\"https:\/\/tvtecjundiai.com.br\/news\/wp-content\/uploads\/sites\/2\/2023\/04\/WhatsApp-Image-2023-04-25-at-11.33.53.jpeg\" alt=\"\" class=\"wp-image-108338\" width=\"720\" height=\"540\" srcset=\"https:\/\/tvtecjundiai.com.br\/news\/wp-content\/uploads\/sites\/2\/2023\/04\/WhatsApp-Image-2023-04-25-at-11.33.53.jpeg 1080w, https:\/\/tvtecjundiai.com.br\/news\/wp-content\/uploads\/sites\/2\/2023\/04\/WhatsApp-Image-2023-04-25-at-11.33.53-300x225.jpeg 300w, https:\/\/tvtecjundiai.com.br\/news\/wp-content\/uploads\/sites\/2\/2023\/04\/WhatsApp-Image-2023-04-25-at-11.33.53-768x576.jpeg 768w\" sizes=\"auto, (max-width: 720px) 100vw, 720px\" \/><figcaption class=\"wp-element-caption\">Foto: Instagram lilih_crepaldijudo<\/figcaption><\/figure>\n<\/div>\n\n\n<p><\/p>\n\n\n\n<p>No grupo especial, a Arco-\u00cdris foi a primeira a entrar na avenida e mostrou a beleza do Pantanal para o p\u00fablico. A escola com o maior n\u00famero de integrantes desfilou com 370 pessoas em 16 alas. O carro aleg\u00f3rico tinha aproximadamente 20 metros de comprimento.<\/p>\n\n\n\n<p>A Uni\u00e3o da Vila Rio Branco homenageou a Amaz\u00f4nia e contou com 70 ritmistas na bateria, que faziam alus\u00e3o ao tradicional duelo de Parintins.<\/p>\n\n\n\n<p>J\u00e1 a Uni\u00e3o do Povo, \u00faltima campe\u00e3 do carnaval de Jundia\u00ed, em 2020, trouxe para a avenida o encanto do mundo infantil.<\/p>\n\n\n\n<p><strong><em>(Fonte: G1\/Imagem: Instagram lilih_crepaldijudo)<\/em><\/strong><\/p>\n","protected":false},"excerpt":{"rendered":"<p>A festa ocorreu no s\u00e1bado (22), no Espa\u00e7o Multiuso da Cidade Administrativa<\/p>\n","protected":false},"author":30,"featured_media":108338,"comment_status":"closed","ping_status":"0","sticky":false,"template":"","format":"standard","meta":{"footnotes":""},"categories":[2833,3060,8356,8354,1],"tags":[],"class_list":["post-108334","post","type-post","status-publish","format-standard","has-post-thumbnail","hentry","category-cultura","category-geral","category-jundiai","category-lazer","category-noticias"],"_links":{"self":[{"href":"https:\/\/tvtecjundiai.com.br\/news\/wp-json\/wp\/v2\/posts\/108334","targetHints":{"allow":["GET"]}}],"collection":[{"href":"https:\/\/tvtecjundiai.com.br\/news\/wp-json\/wp\/v2\/posts"}],"about":[{"href":"https:\/\/tvtecjundiai.com.br\/news\/wp-json\/wp\/v2\/types\/post"}],"author":[{"embeddable":true,"href":"https:\/\/tvtecjundiai.com.br\/news\/wp-json\/wp\/v2\/users\/30"}],"replies":[{"embeddable":true,"href":"https:\/\/tvtecjundiai.com.br\/news\/wp-json\/wp\/v2\/comments?post=108334"}],"version-history":[{"count":7,"href":"https:\/\/tvtecjundiai.com.br\/news\/wp-json\/wp\/v2\/posts\/108334\/revisions"}],"predecessor-version":[{"id":108345,"href":"https:\/\/tvtecjundiai.com.br\/news\/wp-json\/wp\/v2\/posts\/108334\/revisions\/108345"}],"wp:featuredmedia":[{"embeddable":true,"href":"https:\/\/tvtecjundiai.com.br\/news\/wp-json\/wp\/v2\/media\/108338"}],"wp:attachment":[{"href":"https:\/\/tvtecjundiai.com.br\/news\/wp-json\/wp\/v2\/media?parent=108334"}],"wp:term":[{"taxonomy":"category","embeddable":true,"href":"https:\/\/tvtecjundiai.com.br\/news\/wp-json\/wp\/v2\/categories?post=108334"},{"taxonomy":"post_tag","embeddable":true,"href":"https:\/\/tvtecjundiai.com.br\/news\/wp-json\/wp\/v2\/tags?post=108334"}],"curies":[{"name":"wp","href":"https:\/\/api.w.org\/{rel}","templated":true}]}}