{"id":108375,"date":"2023-04-26T10:07:43","date_gmt":"2023-04-26T13:07:43","guid":{"rendered":"https:\/\/tvtecjundiai.com.br\/news\/?p=108375"},"modified":"2023-04-26T10:07:43","modified_gmt":"2023-04-26T13:07:43","slug":"concertos-astra-finamax-grupo-corda-apresenta-espetaculo-de-tango-no-dia-6-de-maio","status":"publish","type":"post","link":"https:\/\/tvtecjundiai.com.br\/news\/2023\/04\/26\/concertos-astra-finamax-grupo-corda-apresenta-espetaculo-de-tango-no-dia-6-de-maio\/","title":{"rendered":"Concertos Astra-Finamax: Grupo Corda apresenta espet\u00e1culo de tango no dia 6 de maio"},"content":{"rendered":"\n<p>No dia 6 de maio, \u00e0s 20h, o Grupo Corda levar\u00e1 ao palco do Teatro Polytheama um espet\u00e1culo de tango com bailaridos na 25\u00aa temporada dos Concertos Astra-Finamax. Antes do concerto, ser\u00e1 realizada uma palestra educativa sobre m\u00fasica cl\u00e1ssica, das 18h30 \u00e0s 19h30. Os ingressos custam R$ 10 a inteira e R$ 5 a meia entrada.<\/p>\n\n\n\n<p>O grupo \u00e9 formado pelos m\u00fasicos b\u00falgaros Nikolay Sapoundjiev e Em\u00edlia Valova e os brasileiros Ana Azevedo, Lipe Portinho e Andr\u00e9 Tandeta. A apresenta\u00e7\u00e3o com mais de uma hora de dura\u00e7\u00e3o trar\u00e1 cl\u00e1ssicos de Piazzolla, como \u201cKicho\u201d, \u201cEstaciones Porte\u00f1as\u201d, \u201cAdios Noni\u00f1o\u201d, \u201cOblivion\u201d, \u201cMuerte Del Angel\u201d, entre outras.\u00a0<\/p>\n\n\n<div class=\"wp-block-image\">\n<figure class=\"aligncenter size-full is-resized\"><img loading=\"lazy\" decoding=\"async\" src=\"https:\/\/tvtecjundiai.com.br\/news\/wp-content\/uploads\/sites\/2\/2023\/04\/grupo-corda-jundiai-sp-concertos-astra-finamax.jpg\" alt=\"\" class=\"wp-image-108383\" width=\"708\" height=\"407\" srcset=\"https:\/\/tvtecjundiai.com.br\/news\/wp-content\/uploads\/sites\/2\/2023\/04\/grupo-corda-jundiai-sp-concertos-astra-finamax.jpg 1024w, https:\/\/tvtecjundiai.com.br\/news\/wp-content\/uploads\/sites\/2\/2023\/04\/grupo-corda-jundiai-sp-concertos-astra-finamax-300x173.jpg 300w, https:\/\/tvtecjundiai.com.br\/news\/wp-content\/uploads\/sites\/2\/2023\/04\/grupo-corda-jundiai-sp-concertos-astra-finamax-768x443.jpg 768w\" sizes=\"auto, (max-width: 708px) 100vw, 708px\" \/><\/figure>\n<\/div>\n\n\n<p><\/p>\n\n\n\n<p>O quinteto \u00e9 conhecido por surpreender a plateia ao interpretar composi\u00e7\u00f5es do g\u00eanio argentino Piazzollla, em arranjos adaptados para a forma\u00e7\u00e3o erudita inusitada de violoncelo, violino, contrabaixo, piano e bateria. Esse tipo de combina\u00e7\u00e3o cria uma simbiose entre os contrapontos e uma nova estrutura para as composi\u00e7\u00f5es que adquiriram sonoridades surpreendentes para uma obra t\u00e3o consagrada.<\/p>\n\n\n\n<p>A produ\u00e7\u00e3o cultural \u00e9 assinada pela Atique &amp; Atique Produ\u00e7\u00f5es Culturais, com o patroc\u00ednio das empresas Astra e Japi e apoio da financeira Finamax e do Instituto Oliva. Os valores arrecadados com a venda dos ingressos ser\u00e3o revertidos \u00e0 Funda\u00e7\u00e3o Casa da Cultura, ao Instituto Jundiaiense Luiz Braille e ao Coral Infanto-Juvenil Pio X, institui\u00e7\u00f5es localizadas em Jundia\u00ed. Aqueles que desejarem tamb\u00e9m poder\u00e3o acompanhar o espet\u00e1culo por meio do\u00a0<a href=\"https:\/\/www.youtube.com\/ConcertosAstraFinamax\">canal do projeto no Youtube<\/a>.<\/p>\n\n\n\n<p><strong>Concertos Astra-Finamax \u2013 Grupo Corda<br>Data: <\/strong>6 de maio, \u00e0s 20h<br><strong>Local:<\/strong> Teatro Polytheama \u2013 rua Bar\u00e3o de Jundia\u00ed, 176, Centro<br>Telefone do Teatro: (11) 4586-2472<br>Ingressos: R$ 10<\/p>\n\n\n\n<p><strong>Vendas:<\/strong> bilheteria do Teatro Polytheama, de ter\u00e7a a sexta feira, das 10h \u00e0s 20h e, no dia do espet\u00e1culo, a partir das 10h at\u00e9 o in\u00edcio da apresenta\u00e7\u00e3o. Tamb\u00e9m \u00e9 poss\u00edvel adquirir o ingresso pela <a href=\"https:\/\/bileto.sympla.com.br\/event\/82184\/d\/191019\" data-type=\"URL\" data-id=\"https:\/\/bileto.sympla.com.br\/event\/82184\/d\/191019\">Plataforma Sympla<\/a>.<\/p>\n\n\n\n<p><em><strong>(Fonte: Assessoria Astra\/Imagem: Divulga\u00e7\u00e3o)<\/strong><\/em><\/p>\n","protected":false},"excerpt":{"rendered":"<p>Antes do concerto, ser\u00e1 realizada uma palestra educativa sobre m\u00fasica cl\u00e1ssica<\/p>\n","protected":false},"author":30,"featured_media":108383,"comment_status":"closed","ping_status":"0","sticky":false,"template":"","format":"standard","meta":{"footnotes":""},"categories":[2833,8356,1],"tags":[],"class_list":["post-108375","post","type-post","status-publish","format-standard","has-post-thumbnail","hentry","category-cultura","category-jundiai","category-noticias"],"_links":{"self":[{"href":"https:\/\/tvtecjundiai.com.br\/news\/wp-json\/wp\/v2\/posts\/108375","targetHints":{"allow":["GET"]}}],"collection":[{"href":"https:\/\/tvtecjundiai.com.br\/news\/wp-json\/wp\/v2\/posts"}],"about":[{"href":"https:\/\/tvtecjundiai.com.br\/news\/wp-json\/wp\/v2\/types\/post"}],"author":[{"embeddable":true,"href":"https:\/\/tvtecjundiai.com.br\/news\/wp-json\/wp\/v2\/users\/30"}],"replies":[{"embeddable":true,"href":"https:\/\/tvtecjundiai.com.br\/news\/wp-json\/wp\/v2\/comments?post=108375"}],"version-history":[{"count":1,"href":"https:\/\/tvtecjundiai.com.br\/news\/wp-json\/wp\/v2\/posts\/108375\/revisions"}],"predecessor-version":[{"id":108384,"href":"https:\/\/tvtecjundiai.com.br\/news\/wp-json\/wp\/v2\/posts\/108375\/revisions\/108384"}],"wp:featuredmedia":[{"embeddable":true,"href":"https:\/\/tvtecjundiai.com.br\/news\/wp-json\/wp\/v2\/media\/108383"}],"wp:attachment":[{"href":"https:\/\/tvtecjundiai.com.br\/news\/wp-json\/wp\/v2\/media?parent=108375"}],"wp:term":[{"taxonomy":"category","embeddable":true,"href":"https:\/\/tvtecjundiai.com.br\/news\/wp-json\/wp\/v2\/categories?post=108375"},{"taxonomy":"post_tag","embeddable":true,"href":"https:\/\/tvtecjundiai.com.br\/news\/wp-json\/wp\/v2\/tags?post=108375"}],"curies":[{"name":"wp","href":"https:\/\/api.w.org\/{rel}","templated":true}]}}