{"id":1084,"date":"2017-09-26T14:57:35","date_gmt":"2017-09-26T17:57:35","guid":{"rendered":"https:\/\/tvtecjundiai.com.br\/news\/?p=1084"},"modified":"2017-09-27T17:24:49","modified_gmt":"2017-09-27T20:24:49","slug":"saude-evento-abre-outubro-rosa-no-parque-da-cidade","status":"publish","type":"post","link":"https:\/\/tvtecjundiai.com.br\/news\/2017\/09\/26\/saude-evento-abre-outubro-rosa-no-parque-da-cidade\/","title":{"rendered":"Sa\u00fade: evento abre Outubro Rosa no Parque da Cidade"},"content":{"rendered":"<p>O Parque da Cidade abre o Outubro Rosa neste domingo (1.\u00ba) em um evento voltado \u00e0 conscientiza\u00e7\u00e3o para a preven\u00e7\u00e3o e o tratamento do c\u00e2ncer de mama. Com palco e tenda, o espa\u00e7o receber\u00e1 mulheres para uma roda de conversa com uma paciente em tratamento, al\u00e9m de informa\u00e7\u00f5es sobre a doen\u00e7a e apresenta\u00e7\u00f5es de dan\u00e7a.<\/p>\n<p><strong>LEIA TAMB\u00c9M:<br \/>\n<a href=\"https:\/\/tvtecjundiai.com.br\/news\/2017\/09\/26\/medo-problema-tem-origem-na-angustia-diz-psicologo\/\" target=\"_blank\" rel=\"noopener\">Medo: problema tem origem na ang\u00fastia, diz psic\u00f3logo<\/a><\/strong><\/p>\n<p>\u201cAl\u00e9m de informarmos o caminho para a preven\u00e7\u00e3o e o tratamento, queremos elevar a autoestima das mulheres\u201d, informa a assessora t\u00e9cnica da Sa\u00fade da Mulher, Erika Pimenta de P\u00e1dua Mayer, que \u00e9 tamb\u00e9m ginecologista. Como explica ela, mulheres que suspeitem da doen\u00e7a devem procurar a Unidade B\u00e1sica de Sa\u00fade mais pr\u00f3xima de sua casa e, caso necess\u00e1rio, ser\u00e1 encaminhada ao Ambulat\u00f3rio de Sa\u00fade da Mulher.<\/p>\n<p>O evento come\u00e7a \u00e0s 9h e segue at\u00e9 as 13h e ocorrer\u00e1 no espa\u00e7o ao lado da lanchonete e do playground do parque. A roda de conversa com a paciente come\u00e7a \u00e0s 10h30. J\u00e1 no dia 7, um s\u00e1bado, outro evento do Outubro Rosa ocorre no Centro de Jundia\u00ed, na pra\u00e7a da Catedral, em frente ao Coreto, das 9h \u00e0s 13h.<\/p>\n","protected":false},"excerpt":{"rendered":"<p>Al\u00e9m de conscientiza\u00e7\u00e3o, espa\u00e7o ter\u00e1 roda de conversa com paciente<\/p>\n","protected":false},"author":6,"featured_media":1085,"comment_status":"closed","ping_status":"closed","sticky":false,"template":"","format":"standard","meta":{"footnotes":""},"categories":[1],"tags":[629,627,626,625,628,622,623,624],"class_list":["post-1084","post","type-post","status-publish","format-standard","has-post-thumbnail","hentry","category-noticias","tag-cancer-de-mama","tag-catedral","tag-coreto","tag-erika-pimenta-de-padua-mayer","tag-evento","tag-outubro-rosa","tag-parque-da-cidade","tag-saude-da-mulher"],"_links":{"self":[{"href":"https:\/\/tvtecjundiai.com.br\/news\/wp-json\/wp\/v2\/posts\/1084","targetHints":{"allow":["GET"]}}],"collection":[{"href":"https:\/\/tvtecjundiai.com.br\/news\/wp-json\/wp\/v2\/posts"}],"about":[{"href":"https:\/\/tvtecjundiai.com.br\/news\/wp-json\/wp\/v2\/types\/post"}],"author":[{"embeddable":true,"href":"https:\/\/tvtecjundiai.com.br\/news\/wp-json\/wp\/v2\/users\/6"}],"replies":[{"embeddable":true,"href":"https:\/\/tvtecjundiai.com.br\/news\/wp-json\/wp\/v2\/comments?post=1084"}],"version-history":[{"count":9,"href":"https:\/\/tvtecjundiai.com.br\/news\/wp-json\/wp\/v2\/posts\/1084\/revisions"}],"predecessor-version":[{"id":1150,"href":"https:\/\/tvtecjundiai.com.br\/news\/wp-json\/wp\/v2\/posts\/1084\/revisions\/1150"}],"wp:featuredmedia":[{"embeddable":true,"href":"https:\/\/tvtecjundiai.com.br\/news\/wp-json\/wp\/v2\/media\/1085"}],"wp:attachment":[{"href":"https:\/\/tvtecjundiai.com.br\/news\/wp-json\/wp\/v2\/media?parent=1084"}],"wp:term":[{"taxonomy":"category","embeddable":true,"href":"https:\/\/tvtecjundiai.com.br\/news\/wp-json\/wp\/v2\/categories?post=1084"},{"taxonomy":"post_tag","embeddable":true,"href":"https:\/\/tvtecjundiai.com.br\/news\/wp-json\/wp\/v2\/tags?post=1084"}],"curies":[{"name":"wp","href":"https:\/\/api.w.org\/{rel}","templated":true}]}}