{"id":108464,"date":"2023-04-27T14:52:07","date_gmt":"2023-04-27T17:52:07","guid":{"rendered":"https:\/\/tvtecjundiai.com.br\/news\/?p=108464"},"modified":"2023-04-27T14:52:12","modified_gmt":"2023-04-27T17:52:12","slug":"gabinete-de-leitura-ruy-barbosa-promove-encontro-literario-no-sabado-29","status":"publish","type":"post","link":"https:\/\/tvtecjundiai.com.br\/news\/2023\/04\/27\/gabinete-de-leitura-ruy-barbosa-promove-encontro-literario-no-sabado-29\/","title":{"rendered":"Gabinete de Leitura Ruy Barbosa promove encontro liter\u00e1rio no s\u00e1bado (29)"},"content":{"rendered":"\n<p>Para comemorar o anivers\u00e1rio de 115 anos, o Gabinete de Leitura Ruy Barbosa realizar\u00e1 um Encontro Liter\u00e1rio no s\u00e1bado (29) das 10h \u00e0s 14h40, com lan\u00e7amento de livros de escritores da regi\u00e3o, lan\u00e7amento da revista 7 Liter\u00e1rio e com a presen\u00e7a de escritores da Banca Canto das Letras e convidados da Academia de Letras e do Gr\u00eamio Cultural.<\/p>\n\n\n\n<p>Os participantes tamb\u00e9m poder\u00e3o acompanhar uma palestra com o tema \u2018O incentivo da leitura nos dias atuais\u2019 e apresenta\u00e7\u00f5es musicais. O encontro \u00e9 aberto ao p\u00fablico e tem como objetivo incentivar a leitura promovendo a cultura e a intera\u00e7\u00e3o na regi\u00e3o.<\/p>\n\n\n\n<p>O Gabinete de Leitura Ruy Barbosa fica na rua C\u00e2ndido Rodrigues, 301, no Centro de Jundia\u00ed.<\/p>\n\n\n\n<figure class=\"wp-block-gallery has-nested-images columns-default is-cropped wp-block-gallery-1 is-layout-flex wp-block-gallery-is-layout-flex\">\n<figure class=\"wp-block-image size-large\"><img loading=\"lazy\" decoding=\"async\" width=\"679\" height=\"960\" data-id=\"108465\" src=\"https:\/\/tvtecjundiai.com.br\/news\/wp-content\/uploads\/sites\/2\/2023\/04\/81ef5332-4a52-4b3f-976c-c4e942b3ea44-679x960-1.jpg\" alt=\"\" class=\"wp-image-108465\" srcset=\"https:\/\/tvtecjundiai.com.br\/news\/wp-content\/uploads\/sites\/2\/2023\/04\/81ef5332-4a52-4b3f-976c-c4e942b3ea44-679x960-1.jpg 679w, https:\/\/tvtecjundiai.com.br\/news\/wp-content\/uploads\/sites\/2\/2023\/04\/81ef5332-4a52-4b3f-976c-c4e942b3ea44-679x960-1-300x424.jpg 300w\" sizes=\"auto, (max-width: 679px) 100vw, 679px\" \/><\/figure>\n\n\n\n<figure class=\"wp-block-image size-large\"><img loading=\"lazy\" decoding=\"async\" width=\"679\" height=\"960\" data-id=\"108466\" src=\"https:\/\/tvtecjundiai.com.br\/news\/wp-content\/uploads\/sites\/2\/2023\/04\/9ece4ee3-4839-4107-9f21-868923b28e05-679x960-1.jpg\" alt=\"\" class=\"wp-image-108466\" srcset=\"https:\/\/tvtecjundiai.com.br\/news\/wp-content\/uploads\/sites\/2\/2023\/04\/9ece4ee3-4839-4107-9f21-868923b28e05-679x960-1.jpg 679w, https:\/\/tvtecjundiai.com.br\/news\/wp-content\/uploads\/sites\/2\/2023\/04\/9ece4ee3-4839-4107-9f21-868923b28e05-679x960-1-300x424.jpg 300w\" sizes=\"auto, (max-width: 679px) 100vw, 679px\" \/><\/figure>\n<\/figure>\n\n\n\n<p><\/p>\n\n\n\n<p><em><strong>(Fonte: TVTEC Jundia\u00ed\/Imagem: Divulga\u00e7\u00e3o\/Gabinete de Leitura Ruy Barbosa)<\/strong><\/em><\/p>\n","protected":false},"excerpt":{"rendered":"<p>A ideia \u00e9 marcar a comemora\u00e7\u00e3o do anivers\u00e1rio de 115 anos do gabinete<\/p>\n","protected":false},"author":30,"featured_media":108234,"comment_status":"closed","ping_status":"0","sticky":false,"template":"","format":"standard","meta":{"footnotes":""},"categories":[2833,8356,1],"tags":[],"class_list":["post-108464","post","type-post","status-publish","format-standard","has-post-thumbnail","hentry","category-cultura","category-jundiai","category-noticias"],"_links":{"self":[{"href":"https:\/\/tvtecjundiai.com.br\/news\/wp-json\/wp\/v2\/posts\/108464","targetHints":{"allow":["GET"]}}],"collection":[{"href":"https:\/\/tvtecjundiai.com.br\/news\/wp-json\/wp\/v2\/posts"}],"about":[{"href":"https:\/\/tvtecjundiai.com.br\/news\/wp-json\/wp\/v2\/types\/post"}],"author":[{"embeddable":true,"href":"https:\/\/tvtecjundiai.com.br\/news\/wp-json\/wp\/v2\/users\/30"}],"replies":[{"embeddable":true,"href":"https:\/\/tvtecjundiai.com.br\/news\/wp-json\/wp\/v2\/comments?post=108464"}],"version-history":[{"count":1,"href":"https:\/\/tvtecjundiai.com.br\/news\/wp-json\/wp\/v2\/posts\/108464\/revisions"}],"predecessor-version":[{"id":108467,"href":"https:\/\/tvtecjundiai.com.br\/news\/wp-json\/wp\/v2\/posts\/108464\/revisions\/108467"}],"wp:featuredmedia":[{"embeddable":true,"href":"https:\/\/tvtecjundiai.com.br\/news\/wp-json\/wp\/v2\/media\/108234"}],"wp:attachment":[{"href":"https:\/\/tvtecjundiai.com.br\/news\/wp-json\/wp\/v2\/media?parent=108464"}],"wp:term":[{"taxonomy":"category","embeddable":true,"href":"https:\/\/tvtecjundiai.com.br\/news\/wp-json\/wp\/v2\/categories?post=108464"},{"taxonomy":"post_tag","embeddable":true,"href":"https:\/\/tvtecjundiai.com.br\/news\/wp-json\/wp\/v2\/tags?post=108464"}],"curies":[{"name":"wp","href":"https:\/\/api.w.org\/{rel}","templated":true}]}}