{"id":108546,"date":"2023-04-28T17:49:43","date_gmt":"2023-04-28T20:49:43","guid":{"rendered":"https:\/\/tvtecjundiai.com.br\/news\/?p=108546"},"modified":"2023-04-28T17:49:44","modified_gmt":"2023-04-28T20:49:44","slug":"escolas-recebem-atividades-tematicas-do-dia-internacional-da-danca","status":"publish","type":"post","link":"https:\/\/tvtecjundiai.com.br\/news\/2023\/04\/28\/escolas-recebem-atividades-tematicas-do-dia-internacional-da-danca\/","title":{"rendered":"Escolas recebem atividades tem\u00e1ticas do Dia Internacional da Dan\u00e7a"},"content":{"rendered":"\n<p>Ao longo desta sexta-feira (28), diversas escolas do Munic\u00edpio receberam viv\u00eancias com os alunos para marcar o Dia Internacional da Dan\u00e7a, data comemorativa criada pela Organiza\u00e7\u00e3o das Na\u00e7\u00f5es Unidas (ONU) para o dia 29 de abril.<\/p>\n\n\n\n<p>Realizadas em parceria da Unidade de Gest\u00e3o de Cultura (UGC) com a C\u00e2mara Setorial da Dan\u00e7a do Conselho Municipal de Pol\u00edtica Cultural (CMPC) e academias e grupos de dan\u00e7a da cidade, as atividades chegaram a diversas escolas, como unidades da Educa\u00e7\u00e3o Infantil e do Ensino Fundamental da rede municipal de ensino, escolas da rede p\u00fablica estadual e, no Centro Municipal de Educa\u00e7\u00e3o de Jovens e Adultos (CMEJA).<\/p>\n\n\n<div class=\"wp-block-image\">\n<figure class=\"aligncenter size-large is-resized\"><img loading=\"lazy\" decoding=\"async\" src=\"https:\/\/tvtecjundiai.com.br\/news\/wp-content\/uploads\/sites\/2\/2023\/04\/acao-dia-da-danca-nas-escolas-emeb-benedita-camunhas_fm_-74-1280x916-1-1200x859.jpg\" alt=\"\" class=\"wp-image-108547\" width=\"686\" height=\"490\" srcset=\"https:\/\/tvtecjundiai.com.br\/news\/wp-content\/uploads\/sites\/2\/2023\/04\/acao-dia-da-danca-nas-escolas-emeb-benedita-camunhas_fm_-74-1280x916-1-1200x859.jpg 1200w, https:\/\/tvtecjundiai.com.br\/news\/wp-content\/uploads\/sites\/2\/2023\/04\/acao-dia-da-danca-nas-escolas-emeb-benedita-camunhas_fm_-74-1280x916-1-300x215.jpg 300w, https:\/\/tvtecjundiai.com.br\/news\/wp-content\/uploads\/sites\/2\/2023\/04\/acao-dia-da-danca-nas-escolas-emeb-benedita-camunhas_fm_-74-1280x916-1-768x550.jpg 768w, https:\/\/tvtecjundiai.com.br\/news\/wp-content\/uploads\/sites\/2\/2023\/04\/acao-dia-da-danca-nas-escolas-emeb-benedita-camunhas_fm_-74-1280x916-1.jpg 1280w\" sizes=\"auto, (max-width: 686px) 100vw, 686px\" \/><\/figure>\n<\/div>\n\n\n<p><\/p>\n\n\n\n<p>\u201cAinda muito envolvidos com o sucesso do\u00a0<a rel=\"noreferrer noopener\" href=\"https:\/\/cultura.jundiai.sp.gov.br\/enredanca\/\" target=\"_blank\">25\u00ba festival Enredan\u00e7a<\/a>, conseguimos levar para essas escolas atividades e viv\u00eancias tem\u00e1ticas, em parceria com o Conselho e com diversos bailarinos da regi\u00e3o, que prontamente e de forma volunt\u00e1ria se dispuseram a participar. Trata-se ainda de mais uma a\u00e7\u00e3o realizada de forma intersetorial, pela Plataforma de Educa\u00e7\u00e3o e Cultura, que prop\u00f5e atividades culturais nas escolas, em pontos descentralizados da cidade, num movimento que pretendemos ampliar cada vez mais na cidade\u201d, comentou o diretor do Departamento de Cultura da UGC, Jo\u00e3o Carlos De Luca.<\/p>\n\n\n\n<p>Entre os bailarinos envolvidos proponentes das atividades estiveram: Ambr\u00f3sia Dualc, Amanda Bassarote, Anita Grossi, Daiane Ciarrocchi, Daniel Ribeiro, Danilo Block, Giba Borges, Juliana Santos, Larissa Chiavelli, Maria Eduarda Furlan, Maria Fernanda Cirioni, Ra\u00edssa Maglio, Sara Yakov e Thabata Ferrari.<\/p>\n\n\n<div class=\"wp-block-image\">\n<figure class=\"aligncenter size-large is-resized\"><img loading=\"lazy\" decoding=\"async\" src=\"https:\/\/tvtecjundiai.com.br\/news\/wp-content\/uploads\/sites\/2\/2023\/04\/acao-dia-da-danca-nas-escolas-emeb-benedita-camunhas_fm_-115-1280x841-1-1200x788.jpg\" alt=\"\" class=\"wp-image-108549\" width=\"706\" height=\"463\" srcset=\"https:\/\/tvtecjundiai.com.br\/news\/wp-content\/uploads\/sites\/2\/2023\/04\/acao-dia-da-danca-nas-escolas-emeb-benedita-camunhas_fm_-115-1280x841-1-1200x788.jpg 1200w, https:\/\/tvtecjundiai.com.br\/news\/wp-content\/uploads\/sites\/2\/2023\/04\/acao-dia-da-danca-nas-escolas-emeb-benedita-camunhas_fm_-115-1280x841-1-300x197.jpg 300w, https:\/\/tvtecjundiai.com.br\/news\/wp-content\/uploads\/sites\/2\/2023\/04\/acao-dia-da-danca-nas-escolas-emeb-benedita-camunhas_fm_-115-1280x841-1-768x505.jpg 768w, https:\/\/tvtecjundiai.com.br\/news\/wp-content\/uploads\/sites\/2\/2023\/04\/acao-dia-da-danca-nas-escolas-emeb-benedita-camunhas_fm_-115-1280x841-1.jpg 1280w\" sizes=\"auto, (max-width: 706px) 100vw, 706px\" \/><\/figure>\n<\/div>\n\n\n<p><\/p>\n\n\n\n<p>Na Emeb Benedita Alzira, do Fazenda Grande, as atividades da manh\u00e3 ficaram por conta das bailarinas Anita e Ra\u00edssa, que propuseram para a turma do Grupo 05, da professora M\u00f4nica Florindo, exerc\u00edcios corporais, alongamentos, din\u00e2micas e dan\u00e7as ao som de m\u00fasica, alternando movimentos imitando diversos animais, com partes de corpo e est\u00e1tua.<\/p>\n\n\n\n<p>J\u00e1 na Emeb Naman Tayar, do Jardim \u00c2ngela, as atividades para a turma do Grupo 03 da professora D\u00e9bora Kelly foram mediadas pela bailarina Luana Esp\u00edndola, da IOA Dan\u00e7a, no complexo esportivo ao lado da unidade escolar. Sob a orienta\u00e7\u00e3o da professora e ao som de m\u00fasica, a crian\u00e7ada da creche percorreu um \u201cCaminho das Flores\u201d, com bambol\u00eas estilizados.<\/p>\n\n\n<div class=\"wp-block-image\">\n<figure class=\"aligncenter size-large is-resized\"><img loading=\"lazy\" decoding=\"async\" src=\"https:\/\/tvtecjundiai.com.br\/news\/wp-content\/uploads\/sites\/2\/2023\/04\/acao-dia-da-danca-nas-escolas-emeb-naman-tayar_fm_-65-1280x854-2-1200x801.jpg\" alt=\"\" class=\"wp-image-108550\" width=\"750\" height=\"500\" srcset=\"https:\/\/tvtecjundiai.com.br\/news\/wp-content\/uploads\/sites\/2\/2023\/04\/acao-dia-da-danca-nas-escolas-emeb-naman-tayar_fm_-65-1280x854-2-1200x801.jpg 1200w, https:\/\/tvtecjundiai.com.br\/news\/wp-content\/uploads\/sites\/2\/2023\/04\/acao-dia-da-danca-nas-escolas-emeb-naman-tayar_fm_-65-1280x854-2-300x200.jpg 300w, https:\/\/tvtecjundiai.com.br\/news\/wp-content\/uploads\/sites\/2\/2023\/04\/acao-dia-da-danca-nas-escolas-emeb-naman-tayar_fm_-65-1280x854-2-768x512.jpg 768w, https:\/\/tvtecjundiai.com.br\/news\/wp-content\/uploads\/sites\/2\/2023\/04\/acao-dia-da-danca-nas-escolas-emeb-naman-tayar_fm_-65-1280x854-2.jpg 1280w\" sizes=\"auto, (max-width: 750px) 100vw, 750px\" \/><\/figure>\n<\/div>\n\n\n<p><\/p>\n\n\n\n<p><strong><em>(Fonte\/Imagem: Prefeitura de Jundia\u00ed)<\/em><\/strong><\/p>\n","protected":false},"excerpt":{"rendered":"<p>Diversas escolas do Munic\u00edpio receberam viv\u00eancias com os alunos para marcar o Dia Internacional da Dan\u00e7a<\/p>\n","protected":false},"author":30,"featured_media":108548,"comment_status":"closed","ping_status":"0","sticky":false,"template":"","format":"standard","meta":{"footnotes":""},"categories":[2833,2828,8356,1,2824],"tags":[],"class_list":["post-108546","post","type-post","status-publish","format-standard","has-post-thumbnail","hentry","category-cultura","category-educacao","category-jundiai","category-noticias","category-variedades"],"_links":{"self":[{"href":"https:\/\/tvtecjundiai.com.br\/news\/wp-json\/wp\/v2\/posts\/108546","targetHints":{"allow":["GET"]}}],"collection":[{"href":"https:\/\/tvtecjundiai.com.br\/news\/wp-json\/wp\/v2\/posts"}],"about":[{"href":"https:\/\/tvtecjundiai.com.br\/news\/wp-json\/wp\/v2\/types\/post"}],"author":[{"embeddable":true,"href":"https:\/\/tvtecjundiai.com.br\/news\/wp-json\/wp\/v2\/users\/30"}],"replies":[{"embeddable":true,"href":"https:\/\/tvtecjundiai.com.br\/news\/wp-json\/wp\/v2\/comments?post=108546"}],"version-history":[{"count":2,"href":"https:\/\/tvtecjundiai.com.br\/news\/wp-json\/wp\/v2\/posts\/108546\/revisions"}],"predecessor-version":[{"id":108552,"href":"https:\/\/tvtecjundiai.com.br\/news\/wp-json\/wp\/v2\/posts\/108546\/revisions\/108552"}],"wp:featuredmedia":[{"embeddable":true,"href":"https:\/\/tvtecjundiai.com.br\/news\/wp-json\/wp\/v2\/media\/108548"}],"wp:attachment":[{"href":"https:\/\/tvtecjundiai.com.br\/news\/wp-json\/wp\/v2\/media?parent=108546"}],"wp:term":[{"taxonomy":"category","embeddable":true,"href":"https:\/\/tvtecjundiai.com.br\/news\/wp-json\/wp\/v2\/categories?post=108546"},{"taxonomy":"post_tag","embeddable":true,"href":"https:\/\/tvtecjundiai.com.br\/news\/wp-json\/wp\/v2\/tags?post=108546"}],"curies":[{"name":"wp","href":"https:\/\/api.w.org\/{rel}","templated":true}]}}