{"id":108596,"date":"2023-05-01T13:59:28","date_gmt":"2023-05-01T16:59:28","guid":{"rendered":"https:\/\/tvtecjundiai.com.br\/news\/?p=108596"},"modified":"2023-05-01T13:59:29","modified_gmt":"2023-05-01T16:59:29","slug":"salario-minimo-de-r-1-320-entra-em-vigor-nesta-segunda-02","status":"publish","type":"post","link":"https:\/\/tvtecjundiai.com.br\/news\/2023\/05\/01\/salario-minimo-de-r-1-320-entra-em-vigor-nesta-segunda-02\/","title":{"rendered":"Sal\u00e1rio m\u00ednimo de R$ 1.320 entra em vigor nesta segunda (02)"},"content":{"rendered":"\n<p>A partir desta segunda-feira (1\u00ba), o trabalhador que recebe sal\u00e1rio m\u00ednimo tem o segundo reajuste do ano. A remunera\u00e7\u00e3o mensal passou de R$ 1.302 para R$ 1.320. A\u00a0medida provis\u00f3ria\u00a0com o aumento foi publicada em edi\u00e7\u00e3o extra do\u00a0<em>Di\u00e1rio Oficial da Uni\u00e3o<\/em>.\u00a0<\/p>\n\n\n\n<p>O valor de R$ 1.320 originalmente estava previsto no Or\u00e7amento Geral da Uni\u00e3o de 2023. No entanto,&nbsp;foi adiado em quatro meses porque o sal\u00e1rio m\u00ednimo neste valor n\u00e3o permitiria pagar os benef\u00edcios do Instituto Nacional do Seguro Social (INSS) durante todo o ano.<\/p>\n\n\n\n<p>O aumento para R$ 1.320 ficou em&nbsp;discuss\u00e3o porque os R$ 6,8 bilh\u00f5es destinados pela Emenda Constitucional da Transi\u00e7\u00e3o se mostraram insuficientes para bancar o aumento dos benef\u00edcios do Instituto Nacional do Seguro Social (INSS) atrelados ao sal\u00e1rio m\u00ednimo. Isso porque a forte concess\u00e3o de aposentadorias e pens\u00f5es no segundo semestre do ano passado criou impacto maior que o estimado para os gastos do INSS neste ano.<\/p>\n\n\n\n<p>De acordo com o Minist\u00e9rio da Fazenda, al\u00e9m dos R$ 6,8 bilh\u00f5es, o governo precisaria de R$ 7,7 bilh\u00f5es para bancar o aumento do sal\u00e1rio m\u00ednimo para R$ 1.320 ainda em janeiro. Inicialmente, a equipe econ\u00f4mica queria adiar o reajuste para 2024, mas o governo conseguiu encontrar recursos para o novo aumento do m\u00ednimo. O dinheiro veio do recadastramento do Bolsa Fam\u00edlia, que eliminou 1,2 milh\u00e3o de benefici\u00e1rios em situa\u00e7\u00e3o irregular apenas em abril.<\/p>\n\n\n\n<p>\u201cO relator [do Or\u00e7amento], depois que o projeto foi encaminhado ao governo federal, refor\u00e7ou o or\u00e7amento do Minist\u00e9rio da Previd\u00eancia em R$ 6,8 bilh\u00f5es. S\u00f3 que esse recurso foi consumido pelo andar da fila do INSS [redu\u00e7\u00e3o da fila de pedidos]. A partir do in\u00edcio do processo eleitoral, a fila come\u00e7ou a andar\u201d, disse o ministro da Fazenda, Fernando Haddad, em janeiro.<\/p>\n\n\n\n<p>Segundo o ministro, a acelera\u00e7\u00e3o da inclus\u00e3o de aposentadorias e pens\u00f5es consumiu os R$ 6,8 bilh\u00f5es. \u201cPedimos para a Previd\u00eancia refazer os c\u00e1lculos, para repassar na mesa de negocia\u00e7\u00e3o que ser\u00e1 aberta com os sindicatos. O presidente cumpre a palavra este m\u00eas e cumprir\u00e1 a palavra este ano [sobre a valoriza\u00e7\u00e3o do sal\u00e1rio m\u00ednimo acima da infla\u00e7\u00e3o]\u201d, acrescentou o ministro na ocasi\u00e3o.<\/p>\n\n\n\n<h2 class=\"wp-block-heading\">Projeto<\/h2>\n\n\n\n<p>Ap\u00f3s os dois reajustes deste ano, um em janeiro e outro agora em maio, o governo busca discutir uma pol\u00edtica de valoriza\u00e7\u00e3o permanente do sal\u00e1rio m\u00ednimo a partir de 2024. Na \u00faltima sexta-feira (28), o ministro do Trabalho e Emprego, Luiz Marinho, informou que o governo em breve enviar\u00e1 um projeto de lei que&nbsp;<a href=\"https:\/\/agenciabrasil.ebc.com.br\/economia\/noticia\/2023-04\/luiz-marinho-confirma-isencao-do-ir-para-quem-ganha-ate-r-2640\" target=\"_blank\" rel=\"noreferrer noopener\">retoma a f\u00f3rmula que vigorou de 2012 at\u00e9 2019<\/a>.<\/p>\n\n\n\n<p>Pela pol\u00edtica anterior, o sal\u00e1rio m\u00ednimo era corrigido pela infla\u00e7\u00e3o do ano anterior, pelo \u00cdndice Nacional de Pre\u00e7os ao Consumidor (INPC)\u00a0e o crescimento do Produto Interno Bruto (PIB) de dois anos antes. Caso o PIB encolha, haver\u00e1 apenas a reposi\u00e7\u00e3o pela infla\u00e7\u00e3o. O Minist\u00e9rio da Fazenda defendia outra f\u00f3rmula, que incluiria a varia\u00e7\u00e3o do PIB\u00a0<em>per capita<\/em>\u00a0e teria impacto menor no Or\u00e7amento, mas foi vencido.<\/p>\n\n\n<div class=\"wp-block-image\">\n<figure class=\"aligncenter size-full is-resized\"><img loading=\"lazy\" decoding=\"async\" src=\"https:\/\/tvtecjundiai.com.br\/news\/wp-content\/uploads\/sites\/2\/2023\/05\/dinheiro-27-3.jpg\" alt=\"\" class=\"wp-image-108597\" width=\"622\" height=\"389\" srcset=\"https:\/\/tvtecjundiai.com.br\/news\/wp-content\/uploads\/sites\/2\/2023\/05\/dinheiro-27-3.jpg 1200w, https:\/\/tvtecjundiai.com.br\/news\/wp-content\/uploads\/sites\/2\/2023\/05\/dinheiro-27-3-300x188.jpg 300w, https:\/\/tvtecjundiai.com.br\/news\/wp-content\/uploads\/sites\/2\/2023\/05\/dinheiro-27-3-768x480.jpg 768w\" sizes=\"auto, (max-width: 622px) 100vw, 622px\" \/><\/figure>\n<\/div>\n\n\n<p><\/p>\n\n\n\n<p><strong><em>(Fonte\/Imagem: Ag\u00eancia Brasil)<\/em><\/strong><\/p>\n","protected":false},"excerpt":{"rendered":"<p>A\u00a0medida provis\u00f3ria\u00a0com o aumento foi publicada em edi\u00e7\u00e3o extra do\u00a0Di\u00e1rio Oficial da Uni\u00e3o<\/p>\n","protected":false},"author":30,"featured_media":108597,"comment_status":"closed","ping_status":"0","sticky":false,"template":"","format":"standard","meta":{"footnotes":""},"categories":[8363,8356,1],"tags":[],"class_list":["post-108596","post","type-post","status-publish","format-standard","has-post-thumbnail","hentry","category-emprego-2","category-jundiai","category-noticias"],"_links":{"self":[{"href":"https:\/\/tvtecjundiai.com.br\/news\/wp-json\/wp\/v2\/posts\/108596","targetHints":{"allow":["GET"]}}],"collection":[{"href":"https:\/\/tvtecjundiai.com.br\/news\/wp-json\/wp\/v2\/posts"}],"about":[{"href":"https:\/\/tvtecjundiai.com.br\/news\/wp-json\/wp\/v2\/types\/post"}],"author":[{"embeddable":true,"href":"https:\/\/tvtecjundiai.com.br\/news\/wp-json\/wp\/v2\/users\/30"}],"replies":[{"embeddable":true,"href":"https:\/\/tvtecjundiai.com.br\/news\/wp-json\/wp\/v2\/comments?post=108596"}],"version-history":[{"count":1,"href":"https:\/\/tvtecjundiai.com.br\/news\/wp-json\/wp\/v2\/posts\/108596\/revisions"}],"predecessor-version":[{"id":108598,"href":"https:\/\/tvtecjundiai.com.br\/news\/wp-json\/wp\/v2\/posts\/108596\/revisions\/108598"}],"wp:featuredmedia":[{"embeddable":true,"href":"https:\/\/tvtecjundiai.com.br\/news\/wp-json\/wp\/v2\/media\/108597"}],"wp:attachment":[{"href":"https:\/\/tvtecjundiai.com.br\/news\/wp-json\/wp\/v2\/media?parent=108596"}],"wp:term":[{"taxonomy":"category","embeddable":true,"href":"https:\/\/tvtecjundiai.com.br\/news\/wp-json\/wp\/v2\/categories?post=108596"},{"taxonomy":"post_tag","embeddable":true,"href":"https:\/\/tvtecjundiai.com.br\/news\/wp-json\/wp\/v2\/tags?post=108596"}],"curies":[{"name":"wp","href":"https:\/\/api.w.org\/{rel}","templated":true}]}}