{"id":108605,"date":"2023-05-02T09:51:46","date_gmt":"2023-05-02T12:51:46","guid":{"rendered":"https:\/\/tvtecjundiai.com.br\/news\/?p=108605"},"modified":"2023-05-02T09:51:47","modified_gmt":"2023-05-02T12:51:47","slug":"prefeitura-de-jundiai-amplia-efetivo-da-gm-com-mais-27-integrantes","status":"publish","type":"post","link":"https:\/\/tvtecjundiai.com.br\/news\/2023\/05\/02\/prefeitura-de-jundiai-amplia-efetivo-da-gm-com-mais-27-integrantes\/","title":{"rendered":"Prefeitura de Jundia\u00ed amplia efetivo da GM com mais 27 integrantes"},"content":{"rendered":"\n<p>A Prefeitura de Jundia\u00ed fez o chamamento de 27 candidatos a Guarda Municipal, que passaram em concurso p\u00fablico. O complemento ao efetivo ser\u00e1 destinado para refor\u00e7ar as guarni\u00e7\u00f5es e programas de seguran\u00e7a da cidade, que recebe investimentos na ordem de R$ 60 milh\u00f5es.<\/p>\n\n\n\n<p>\u201cCom planejamento e responsabilidade nos investimentos chegamos ao maior efetivo da hist\u00f3ria da Guarda Municipal de Jundia\u00ed, no ano passado. Com a amplia\u00e7\u00e3o das a\u00e7\u00f5es, novas estruturas e, consequentemente, maior oferta de servi\u00e7os, o efetivo tamb\u00e9m \u00e9 estruturado de maneira alinhada. S\u00e3o cerca de R$ 60 milh\u00f5es em investimentos para o setor que est\u00e3o em andamento\u201d, comenta o prefeito Luiz Fernando Machado.<\/p>\n\n\n\n<p>Em novembro de 2022, foram formados 44 guardas municipais. Na oportunidade, a corpora\u00e7\u00e3o chegou ao maior efetivo da hist\u00f3ria, com 403 guardas municipais. No in\u00edcio deste ano, 60 candidatos foram chamados e est\u00e3o em reta de final de forma\u00e7\u00e3o.<\/p>\n\n\n<div class=\"wp-block-image\">\n<figure class=\"aligncenter size-large is-resized\"><img loading=\"lazy\" decoding=\"async\" src=\"https:\/\/tvtecjundiai.com.br\/news\/wp-content\/uploads\/sites\/2\/2023\/05\/formatura_novos_guardas_municipais_pa-157-1280x854-1-1200x801.jpg\" alt=\"\" class=\"wp-image-108606\" width=\"788\" height=\"525\" srcset=\"https:\/\/tvtecjundiai.com.br\/news\/wp-content\/uploads\/sites\/2\/2023\/05\/formatura_novos_guardas_municipais_pa-157-1280x854-1-1200x801.jpg 1200w, https:\/\/tvtecjundiai.com.br\/news\/wp-content\/uploads\/sites\/2\/2023\/05\/formatura_novos_guardas_municipais_pa-157-1280x854-1-300x200.jpg 300w, https:\/\/tvtecjundiai.com.br\/news\/wp-content\/uploads\/sites\/2\/2023\/05\/formatura_novos_guardas_municipais_pa-157-1280x854-1-768x512.jpg 768w, https:\/\/tvtecjundiai.com.br\/news\/wp-content\/uploads\/sites\/2\/2023\/05\/formatura_novos_guardas_municipais_pa-157-1280x854-1.jpg 1280w\" sizes=\"auto, (max-width: 788px) 100vw, 788px\" \/><figcaption class=\"wp-element-caption\">Guarda Municipal de Jundia\u00ed chegou ao maior efetivo da hist\u00f3ria, em novembro de 2022<\/figcaption><\/figure>\n<\/div>\n\n\n<p>Para o comandante da GM, Benedito Marcos Moreno, o refor\u00e7o no efetivo \u00e9 importante para os programas Guardi\u00e3 Maria da Penha e Ronda Escola \u201cAnjos da Guarda\u201d, inclusive sendo refer\u00eancia para outras corpora\u00e7\u00f5es. \u201cO ingresso de novos guardas rep\u00f5e as baixas por aposentadorias, al\u00e9m de garantir o crescimento do trabalho. Estamos com cerca de 60 novos GMs em forma\u00e7\u00e3o. Esse novo quantitativo iniciar\u00e1 o processo na sequ\u00eancia\u201d, detalha o comandante, refor\u00e7ando a informa\u00e7\u00e3o de amplia\u00e7\u00e3o de quase um ter\u00e7o da corpora\u00e7\u00e3o em menos de um ano.<\/p>\n\n\n\n<p>\u201cCom o aumento do efetivo estamos tendo respostas positivas nos programas que est\u00e3o sendo executados pela GMJ, como Guardi\u00e3 Maria da Penha e Ronda Escola \u201cAnjos da Guarda\u201d, inclusive sendo refer\u00eancia para outras corpora\u00e7\u00f5es\u201d, explica o comandante Benedito Marcos Moreno.<\/p>\n\n\n<div class=\"wp-block-image\">\n<figure class=\"aligncenter size-large is-resized\"><img loading=\"lazy\" decoding=\"async\" src=\"https:\/\/tvtecjundiai.com.br\/news\/wp-content\/uploads\/sites\/2\/2023\/05\/emeb-flavio-dangieri-voa-pe-special-olympics-bolao-anjos-da-guarda_fm_-17-1-1280x854-1-1200x801.jpg\" alt=\"\" class=\"wp-image-108607\" width=\"776\" height=\"517\" srcset=\"https:\/\/tvtecjundiai.com.br\/news\/wp-content\/uploads\/sites\/2\/2023\/05\/emeb-flavio-dangieri-voa-pe-special-olympics-bolao-anjos-da-guarda_fm_-17-1-1280x854-1-1200x801.jpg 1200w, https:\/\/tvtecjundiai.com.br\/news\/wp-content\/uploads\/sites\/2\/2023\/05\/emeb-flavio-dangieri-voa-pe-special-olympics-bolao-anjos-da-guarda_fm_-17-1-1280x854-1-300x200.jpg 300w, https:\/\/tvtecjundiai.com.br\/news\/wp-content\/uploads\/sites\/2\/2023\/05\/emeb-flavio-dangieri-voa-pe-special-olympics-bolao-anjos-da-guarda_fm_-17-1-1280x854-1-768x512.jpg 768w, https:\/\/tvtecjundiai.com.br\/news\/wp-content\/uploads\/sites\/2\/2023\/05\/emeb-flavio-dangieri-voa-pe-special-olympics-bolao-anjos-da-guarda_fm_-17-1-1280x854-1.jpg 1280w\" sizes=\"auto, (max-width: 776px) 100vw, 776px\" \/><figcaption class=\"wp-element-caption\">Refor\u00e7o na seguran\u00e7a escolar \u00e9 um dos prop\u00f3sitos para a chegada de novos Guardas Municipais<\/figcaption><\/figure>\n<\/div>\n\n\n<p>O investimento de R$ 60 milh\u00f5es que est\u00e1 em andamento na corpora\u00e7\u00e3o contempla o aumento do efetivo, infraestrutura, tecnologia e intelig\u00eancia da informa\u00e7\u00e3o. \u201cA sede da corpora\u00e7\u00e3o, na regi\u00e3o Sul, j\u00e1 est\u00e1 em constru\u00e7\u00e3o, dando forma ao complexo de Seguran\u00e7a e Urg\u00eancia e Emerg\u00eancia da cidade. Ainda h\u00e1 o canil, em constru\u00e7\u00e3o na regi\u00e3o Oeste, amplia\u00e7\u00e3o da frota, 200 novas c\u00e2meras e tecnologia para a intelig\u00eancia e agilidade do servi\u00e7o. Todos os investimentos constam no Plano Municipal de Seguran\u00e7a e trar\u00e3o maior sensa\u00e7\u00e3o de seguran\u00e7a para a popula\u00e7\u00e3o\u201d, comenta o gestor de Governo e Finan\u00e7as (UGGF) Jos\u00e9 Antonio Parimoschi.<\/p>\n\n\n\n<p>\u201cEsses investimentos contribuem para a moderniza\u00e7\u00e3o cont\u00ednua da Corpora\u00e7\u00e3o. \u00c9 importante que tenhamos guardas treinados e capacitados n\u00e3o s\u00f3 para Jundia\u00ed, mas para apoiar toda a regi\u00e3o metropolitana\u201d, destacou a gestora de Seguran\u00e7a Municipal, coronel Carla Basson.<\/p>\n\n\n\n<p>Mais informa\u00e7\u00f5es no site:<br>https:\/\/imprensaoficial.jundiai.sp.gov.br\/edicao-5259\/<\/p>\n\n\n\n<p><strong><em>(Fonte\/Imagem: Prefeitura de Jundia\u00ed)<\/em><\/strong><\/p>\n","protected":false},"excerpt":{"rendered":"<p>Guarda Municipal de Jundia\u00ed chegou ao maior efetivo da hist\u00f3ria, em novembro de 2022<\/p>\n","protected":false},"author":30,"featured_media":108606,"comment_status":"closed","ping_status":"0","sticky":false,"template":"","format":"standard","meta":{"footnotes":""},"categories":[8356,1,4739],"tags":[],"class_list":["post-108605","post","type-post","status-publish","format-standard","has-post-thumbnail","hentry","category-jundiai","category-noticias","category-policia"],"_links":{"self":[{"href":"https:\/\/tvtecjundiai.com.br\/news\/wp-json\/wp\/v2\/posts\/108605","targetHints":{"allow":["GET"]}}],"collection":[{"href":"https:\/\/tvtecjundiai.com.br\/news\/wp-json\/wp\/v2\/posts"}],"about":[{"href":"https:\/\/tvtecjundiai.com.br\/news\/wp-json\/wp\/v2\/types\/post"}],"author":[{"embeddable":true,"href":"https:\/\/tvtecjundiai.com.br\/news\/wp-json\/wp\/v2\/users\/30"}],"replies":[{"embeddable":true,"href":"https:\/\/tvtecjundiai.com.br\/news\/wp-json\/wp\/v2\/comments?post=108605"}],"version-history":[{"count":1,"href":"https:\/\/tvtecjundiai.com.br\/news\/wp-json\/wp\/v2\/posts\/108605\/revisions"}],"predecessor-version":[{"id":108608,"href":"https:\/\/tvtecjundiai.com.br\/news\/wp-json\/wp\/v2\/posts\/108605\/revisions\/108608"}],"wp:featuredmedia":[{"embeddable":true,"href":"https:\/\/tvtecjundiai.com.br\/news\/wp-json\/wp\/v2\/media\/108606"}],"wp:attachment":[{"href":"https:\/\/tvtecjundiai.com.br\/news\/wp-json\/wp\/v2\/media?parent=108605"}],"wp:term":[{"taxonomy":"category","embeddable":true,"href":"https:\/\/tvtecjundiai.com.br\/news\/wp-json\/wp\/v2\/categories?post=108605"},{"taxonomy":"post_tag","embeddable":true,"href":"https:\/\/tvtecjundiai.com.br\/news\/wp-json\/wp\/v2\/tags?post=108605"}],"curies":[{"name":"wp","href":"https:\/\/api.w.org\/{rel}","templated":true}]}}