{"id":108612,"date":"2023-05-02T11:39:23","date_gmt":"2023-05-02T14:39:23","guid":{"rendered":"https:\/\/tvtecjundiai.com.br\/news\/?p=108612"},"modified":"2023-05-02T11:40:17","modified_gmt":"2023-05-02T14:40:17","slug":"primeira-semana-de-maio-em-jundiai-sera-de-sol-e-clima-ameno","status":"publish","type":"post","link":"https:\/\/tvtecjundiai.com.br\/news\/2023\/05\/02\/primeira-semana-de-maio-em-jundiai-sera-de-sol-e-clima-ameno\/","title":{"rendered":"Primeira semana de maio em Jundia\u00ed ser\u00e1 de sol e clima ameno"},"content":{"rendered":"\n<p>Os primeiros dias do m\u00eas de maio em Jundia\u00ed ser\u00e3o de sol e sem previs\u00e3o de chuva a partir desta ter\u00e7a-feira (02). Segundo o Climatempo, os term\u00f4metros devem ficar entre 16\u00b0C e 29\u00b0C.<\/p>\n\n\n\n<p>Nesta quarta-feira (03), o dia \u00e9 de sol com algumas nuvens, sem chuva. Os term\u00f4metros ficam entre 16\u00b0C e 28\u00b0C.<\/p>\n\n\n<div class=\"wp-block-image\">\n<figure class=\"aligncenter size-large is-resized\"><img loading=\"lazy\" decoding=\"async\" src=\"https:\/\/tvtecjundiai.com.br\/news\/wp-content\/uploads\/sites\/2\/2023\/05\/1683038293806-720x960.jpg\" alt=\"\" class=\"wp-image-108613\" width=\"498\" height=\"664\" srcset=\"https:\/\/tvtecjundiai.com.br\/news\/wp-content\/uploads\/sites\/2\/2023\/05\/1683038293806-720x960.jpg 720w, https:\/\/tvtecjundiai.com.br\/news\/wp-content\/uploads\/sites\/2\/2023\/05\/1683038293806-300x400.jpg 300w, https:\/\/tvtecjundiai.com.br\/news\/wp-content\/uploads\/sites\/2\/2023\/05\/1683038293806-768x1024.jpg 768w, https:\/\/tvtecjundiai.com.br\/news\/wp-content\/uploads\/sites\/2\/2023\/05\/1683038293806-1152x1536.jpg 1152w, https:\/\/tvtecjundiai.com.br\/news\/wp-content\/uploads\/sites\/2\/2023\/05\/1683038293806.jpg 1200w\" sizes=\"auto, (max-width: 498px) 100vw, 498px\" \/><\/figure>\n<\/div>\n\n\n<p><\/p>\n\n\n\n<p><strong>Confira a previs\u00e3o detalhada na cidade, de acordo com o Climatempo<\/strong><\/p>\n\n\n\n<p><strong>Quinta-feira (04):<\/strong>&nbsp;Sol com algumas nuvens durante o dia, sem chuva. A temperatura fica entre 17\u00b0C e 28\u00b0C.<\/p>\n\n\n\n<p><strong>Sexta-feira (05):<\/strong>&nbsp;Sol com algumas nuvens durante o dia, sem chuva. Os term\u00f4metros ficam entre 19\u00b0C e 29\u00b0C.<\/p>\n\n\n\n<p><strong>S\u00e1bado (06):<\/strong>&nbsp;Dia de sol com muitas nuvens \u00e0 tarde. \u00c1 noite a nebulosidade diminui. Os term\u00f4metros ficam entre 19\u00b0C e 28\u00b0C.<\/p>\n\n\n\n<p><strong><em>(Fonte: TVTEC Jundia\u00ed\/Imagem: Juliano Justino)<\/em><\/strong><\/p>\n","protected":false},"excerpt":{"rendered":"<p>Segundo o Climatempo, os term\u00f4metros devem ficar entre 16\u00b0C e 29\u00b0C.<\/p>\n","protected":false},"author":30,"featured_media":108613,"comment_status":"closed","ping_status":"0","sticky":false,"template":"","format":"standard","meta":{"footnotes":""},"categories":[3185,8356,1],"tags":[],"class_list":["post-108612","post","type-post","status-publish","format-standard","has-post-thumbnail","hentry","category-clima","category-jundiai","category-noticias"],"_links":{"self":[{"href":"https:\/\/tvtecjundiai.com.br\/news\/wp-json\/wp\/v2\/posts\/108612","targetHints":{"allow":["GET"]}}],"collection":[{"href":"https:\/\/tvtecjundiai.com.br\/news\/wp-json\/wp\/v2\/posts"}],"about":[{"href":"https:\/\/tvtecjundiai.com.br\/news\/wp-json\/wp\/v2\/types\/post"}],"author":[{"embeddable":true,"href":"https:\/\/tvtecjundiai.com.br\/news\/wp-json\/wp\/v2\/users\/30"}],"replies":[{"embeddable":true,"href":"https:\/\/tvtecjundiai.com.br\/news\/wp-json\/wp\/v2\/comments?post=108612"}],"version-history":[{"count":2,"href":"https:\/\/tvtecjundiai.com.br\/news\/wp-json\/wp\/v2\/posts\/108612\/revisions"}],"predecessor-version":[{"id":108615,"href":"https:\/\/tvtecjundiai.com.br\/news\/wp-json\/wp\/v2\/posts\/108612\/revisions\/108615"}],"wp:featuredmedia":[{"embeddable":true,"href":"https:\/\/tvtecjundiai.com.br\/news\/wp-json\/wp\/v2\/media\/108613"}],"wp:attachment":[{"href":"https:\/\/tvtecjundiai.com.br\/news\/wp-json\/wp\/v2\/media?parent=108612"}],"wp:term":[{"taxonomy":"category","embeddable":true,"href":"https:\/\/tvtecjundiai.com.br\/news\/wp-json\/wp\/v2\/categories?post=108612"},{"taxonomy":"post_tag","embeddable":true,"href":"https:\/\/tvtecjundiai.com.br\/news\/wp-json\/wp\/v2\/tags?post=108612"}],"curies":[{"name":"wp","href":"https:\/\/api.w.org\/{rel}","templated":true}]}}