{"id":108619,"date":"2023-05-02T15:10:45","date_gmt":"2023-05-02T18:10:45","guid":{"rendered":"https:\/\/tvtecjundiai.com.br\/news\/?p=108619"},"modified":"2023-05-02T15:10:45","modified_gmt":"2023-05-02T18:10:45","slug":"vacina-contra-gripe-esta-disponivel-para-profissionais-da-educacao","status":"publish","type":"post","link":"https:\/\/tvtecjundiai.com.br\/news\/2023\/05\/02\/vacina-contra-gripe-esta-disponivel-para-profissionais-da-educacao\/","title":{"rendered":"Vacina contra gripe est\u00e1 dispon\u00edvel para profissionais da Educa\u00e7\u00e3o"},"content":{"rendered":"\n<p>Jundia\u00ed amplia nesta ter\u00e7a-feira (2) a vacina\u00e7\u00e3o contra Influenza para todos os profissionais da Educa\u00e7\u00e3o. A aplica\u00e7\u00e3o da dose ocorre, durante a semana, nas Unidades B\u00e1sicas de Sa\u00fade (UBSs), Novas UBSs e Cl\u00ednicas da Fam\u00edlia, no hor\u00e1rio das salas de vacinas de cada equipamento.<\/p>\n\n\n\n<p>O profissional de Educa\u00e7\u00e3o deve apresentar documento que comprove a condi\u00e7\u00e3o, podendo ser carteira de trabalho, contrato, declara\u00e7\u00e3o ou holerite.<\/p>\n\n\n\n<p>No Munic\u00edpio, a campanha ainda contempla pessoas a partir de 60 anos, crian\u00e7as de 6 meses a menores de 6 anos (5 anos, 11 meses e 29 dias), trabalhadores da sa\u00fade, gestantes, pu\u00e9rperas, povos ind\u00edgenas, profissionais das for\u00e7as de seguran\u00e7a e salvamento, profissionais das for\u00e7as armadas, pessoas com defici\u00eancia permanente, caminhoneiros, trabalhadores de transporte coletivo rodovi\u00e1rio para passageiros urbano e de longo curso, trabalhadores portu\u00e1rios, funcion\u00e1rios do sistema prisional e pessoas portadoras de doen\u00e7as cr\u00f4nicas n\u00e3o transmiss\u00edveis e outras condi\u00e7\u00f5es cl\u00ednicas especiais.<\/p>\n\n\n<div class=\"wp-block-image\">\n<figure class=\"aligncenter size-large is-resized\"><img loading=\"lazy\" decoding=\"async\" src=\"https:\/\/tvtecjundiai.com.br\/news\/wp-content\/uploads\/sites\/2\/2023\/05\/vacinacao-influenza-e-covid19_fm_-9-1200x800.jpg\" alt=\"\" class=\"wp-image-108620\" width=\"752\" height=\"501\" srcset=\"https:\/\/tvtecjundiai.com.br\/news\/wp-content\/uploads\/sites\/2\/2023\/05\/vacinacao-influenza-e-covid19_fm_-9-1200x800.jpg 1200w, https:\/\/tvtecjundiai.com.br\/news\/wp-content\/uploads\/sites\/2\/2023\/05\/vacinacao-influenza-e-covid19_fm_-9-300x200.jpg 300w, https:\/\/tvtecjundiai.com.br\/news\/wp-content\/uploads\/sites\/2\/2023\/05\/vacinacao-influenza-e-covid19_fm_-9-768x512.jpg 768w, https:\/\/tvtecjundiai.com.br\/news\/wp-content\/uploads\/sites\/2\/2023\/05\/vacinacao-influenza-e-covid19_fm_-9.jpg 1280w\" sizes=\"auto, (max-width: 752px) 100vw, 752px\" \/><figcaption class=\"wp-element-caption\">O profissional de Educa\u00e7\u00e3o deve apresentar documento que comprove a condi\u00e7\u00e3o<\/figcaption><\/figure>\n<\/div>\n\n\n<p>Anualmente, a vacina contra gripe \u00e9 atualizada para que a dose seja efetiva na prote\u00e7\u00e3o contra as cepas do v\u00edrus que circulam no ano anterior. Neste ano, o Minist\u00e9rio da Sa\u00fade novamente refor\u00e7ou que o imunizante pode ser aplicado junto a qualquer vacina do Programa Nacional de Imuniza\u00e7\u00f5es e tamb\u00e9m com as doses contra o coronav\u00edrus.<\/p>\n\n\n\n<p><strong>Covid-19 e rotina<\/strong><br>As salas de vacina\u00e7\u00e3o dos equipamentos de sa\u00fade tamb\u00e9m realizam a aplica\u00e7\u00e3o das doses contra Covid-19 e as vacinas previstas no Calend\u00e1rio Nacional de Imuniza\u00e7\u00e3o do Minist\u00e9rio da Sa\u00fade para crian\u00e7as, adolescentes e adultos.<\/p>\n\n\n\n<p>Em Jundia\u00ed, a Pfizer bivalente est\u00e1 dispon\u00edvel para todas as pessoas a partir de 18 anos, desde que tenham recebido, no m\u00ednimo, duas doses da vacina monovalente (Janssen, Pfizer, CoronaVac ou Astrazeneca), sendo a \u00faltima dose h\u00e1, pelo menos, quatro meses.<\/p>\n\n\n\n<p><a href=\"https:\/\/jundiai.sp.gov.br\/saude\/rede-de-atendimento\/rede-completa-de-atendimento\/\">CONFIRA OS ENDERE\u00c7OS<\/a><\/p>\n\n\n\n<p><strong><em>(Fonte\/Imagem: Prefeitura de Jundia\u00ed)<\/em><\/strong><\/p>\n","protected":false},"excerpt":{"rendered":"<p>O profissional de Educa\u00e7\u00e3o deve apresentar documento que comprove a condi\u00e7\u00e3o<\/p>\n","protected":false},"author":30,"featured_media":108620,"comment_status":"closed","ping_status":"0","sticky":false,"template":"","format":"standard","meta":{"footnotes":""},"categories":[2828,8356,1,2839,8355],"tags":[],"class_list":["post-108619","post","type-post","status-publish","format-standard","has-post-thumbnail","hentry","category-educacao","category-jundiai","category-noticias","category-saude","category-saude-3"],"_links":{"self":[{"href":"https:\/\/tvtecjundiai.com.br\/news\/wp-json\/wp\/v2\/posts\/108619","targetHints":{"allow":["GET"]}}],"collection":[{"href":"https:\/\/tvtecjundiai.com.br\/news\/wp-json\/wp\/v2\/posts"}],"about":[{"href":"https:\/\/tvtecjundiai.com.br\/news\/wp-json\/wp\/v2\/types\/post"}],"author":[{"embeddable":true,"href":"https:\/\/tvtecjundiai.com.br\/news\/wp-json\/wp\/v2\/users\/30"}],"replies":[{"embeddable":true,"href":"https:\/\/tvtecjundiai.com.br\/news\/wp-json\/wp\/v2\/comments?post=108619"}],"version-history":[{"count":1,"href":"https:\/\/tvtecjundiai.com.br\/news\/wp-json\/wp\/v2\/posts\/108619\/revisions"}],"predecessor-version":[{"id":108621,"href":"https:\/\/tvtecjundiai.com.br\/news\/wp-json\/wp\/v2\/posts\/108619\/revisions\/108621"}],"wp:featuredmedia":[{"embeddable":true,"href":"https:\/\/tvtecjundiai.com.br\/news\/wp-json\/wp\/v2\/media\/108620"}],"wp:attachment":[{"href":"https:\/\/tvtecjundiai.com.br\/news\/wp-json\/wp\/v2\/media?parent=108619"}],"wp:term":[{"taxonomy":"category","embeddable":true,"href":"https:\/\/tvtecjundiai.com.br\/news\/wp-json\/wp\/v2\/categories?post=108619"},{"taxonomy":"post_tag","embeddable":true,"href":"https:\/\/tvtecjundiai.com.br\/news\/wp-json\/wp\/v2\/tags?post=108619"}],"curies":[{"name":"wp","href":"https:\/\/api.w.org\/{rel}","templated":true}]}}