{"id":108622,"date":"2023-05-02T16:15:56","date_gmt":"2023-05-02T19:15:56","guid":{"rendered":"https:\/\/tvtecjundiai.com.br\/news\/?p=108622"},"modified":"2023-05-02T16:16:00","modified_gmt":"2023-05-02T19:16:00","slug":"inscricao-para-seletiva-de-futebol-feminino-e-prorrogada","status":"publish","type":"post","link":"https:\/\/tvtecjundiai.com.br\/news\/2023\/05\/02\/inscricao-para-seletiva-de-futebol-feminino-e-prorrogada\/","title":{"rendered":"Inscri\u00e7\u00e3o para seletiva de futebol feminino \u00e9 prorrogada"},"content":{"rendered":"\n<p>A Unidade de Gest\u00e3o de Esporte e Lazer (UGEL) prorrogou at\u00e9 as 18h desta quinta-feira (4) a inscri\u00e7\u00e3o para a seletiva de futebol feminino para as categorias sub-17 (meninas nascidas em 2006 e 2007) e sub-15 (nascidas em 2008, 2009 e 2010). As inscri\u00e7\u00f5es s\u00e3o gratuitas e podem ser feitas no&nbsp;<a href=\"https:\/\/docs.google.com\/forms\/d\/e\/1FAIpQLSfajyCZESRKrtOgnIREzP5DBxiwP5gCdrcxQhGw6iiJLLx_QQ\/viewform\">link<\/a>.<\/p>\n\n\n\n<p>Os testes ocorrem no pr\u00f3ximo s\u00e1bado (6), a partir das 9h, no Centro Esportivo Rom\u00e3o de Souza (rua Lu\u00eds Benachio, s\/n\u00ba, Col\u00f4nia). Al\u00e9m de serem convidadas a treinar com o Time Jundia\u00ed, as atletas selecionadas poder\u00e3o vir a representar a cidade em campeonatos\/torneios oficiais.<\/p>\n\n\n\n<p>No dia do teste, \u00e9 necess\u00e1rio chegar com 15 minutos de anteced\u00eancia, trajando roupa adequada para a pr\u00e1tica esportiva e apresentar um documento com foto.<\/p>\n\n\n<div class=\"wp-block-image\">\n<figure class=\"aligncenter size-full is-resized\"><img loading=\"lazy\" decoding=\"async\" src=\"https:\/\/tvtecjundiai.com.br\/news\/wp-content\/uploads\/sites\/2\/2023\/05\/seletiva-futebol-feminino-1024x960-1.jpg\" alt=\"\" class=\"wp-image-108623\" width=\"626\" height=\"586\" srcset=\"https:\/\/tvtecjundiai.com.br\/news\/wp-content\/uploads\/sites\/2\/2023\/05\/seletiva-futebol-feminino-1024x960-1.jpg 1024w, https:\/\/tvtecjundiai.com.br\/news\/wp-content\/uploads\/sites\/2\/2023\/05\/seletiva-futebol-feminino-1024x960-1-300x281.jpg 300w, https:\/\/tvtecjundiai.com.br\/news\/wp-content\/uploads\/sites\/2\/2023\/05\/seletiva-futebol-feminino-1024x960-1-768x720.jpg 768w\" sizes=\"auto, (max-width: 626px) 100vw, 626px\" \/><\/figure>\n<\/div>\n\n\n<p><em><strong>(Fonte\/Imagem: Prefeitura de Jundia\u00ed)<\/strong><\/em><\/p>\n","protected":false},"excerpt":{"rendered":"<p>Os testes ocorrem no pr\u00f3ximo s\u00e1bado (6), a partir das 9h, no Centro Esportivo Rom\u00e3o de Souza<\/p>\n","protected":false},"author":30,"featured_media":108624,"comment_status":"closed","ping_status":"0","sticky":false,"template":"","format":"standard","meta":{"footnotes":""},"categories":[2827,8356,1],"tags":[],"class_list":["post-108622","post","type-post","status-publish","format-standard","has-post-thumbnail","hentry","category-esportes-e-lazer","category-jundiai","category-noticias"],"_links":{"self":[{"href":"https:\/\/tvtecjundiai.com.br\/news\/wp-json\/wp\/v2\/posts\/108622","targetHints":{"allow":["GET"]}}],"collection":[{"href":"https:\/\/tvtecjundiai.com.br\/news\/wp-json\/wp\/v2\/posts"}],"about":[{"href":"https:\/\/tvtecjundiai.com.br\/news\/wp-json\/wp\/v2\/types\/post"}],"author":[{"embeddable":true,"href":"https:\/\/tvtecjundiai.com.br\/news\/wp-json\/wp\/v2\/users\/30"}],"replies":[{"embeddable":true,"href":"https:\/\/tvtecjundiai.com.br\/news\/wp-json\/wp\/v2\/comments?post=108622"}],"version-history":[{"count":1,"href":"https:\/\/tvtecjundiai.com.br\/news\/wp-json\/wp\/v2\/posts\/108622\/revisions"}],"predecessor-version":[{"id":108625,"href":"https:\/\/tvtecjundiai.com.br\/news\/wp-json\/wp\/v2\/posts\/108622\/revisions\/108625"}],"wp:featuredmedia":[{"embeddable":true,"href":"https:\/\/tvtecjundiai.com.br\/news\/wp-json\/wp\/v2\/media\/108624"}],"wp:attachment":[{"href":"https:\/\/tvtecjundiai.com.br\/news\/wp-json\/wp\/v2\/media?parent=108622"}],"wp:term":[{"taxonomy":"category","embeddable":true,"href":"https:\/\/tvtecjundiai.com.br\/news\/wp-json\/wp\/v2\/categories?post=108622"},{"taxonomy":"post_tag","embeddable":true,"href":"https:\/\/tvtecjundiai.com.br\/news\/wp-json\/wp\/v2\/tags?post=108622"}],"curies":[{"name":"wp","href":"https:\/\/api.w.org\/{rel}","templated":true}]}}