{"id":108638,"date":"2023-05-02T17:26:20","date_gmt":"2023-05-02T20:26:20","guid":{"rendered":"https:\/\/tvtecjundiai.com.br\/news\/?p=108638"},"modified":"2023-05-02T17:26:21","modified_gmt":"2023-05-02T20:26:21","slug":"mes-da-luta-antimanicomial-e-celebrado-com-diversas-atividades","status":"publish","type":"post","link":"https:\/\/tvtecjundiai.com.br\/news\/2023\/05\/02\/mes-da-luta-antimanicomial-e-celebrado-com-diversas-atividades\/","title":{"rendered":"M\u00eas da Luta Antimanicomial \u00e9 celebrado com diversas atividades"},"content":{"rendered":"\n<p>Desde o final da d\u00e9cada de 1970, maio \u00e9 marcado como o m\u00eas de Luta Antimanicomial, celebrando a nova proposta de cuidado \u00e0s pessoas com transtornos mentais a partir do fechamento de manic\u00f4mios e do movimento de Reforma Psiqui\u00e1trica Brasileira. No Munic\u00edpio, a Coordena\u00e7\u00e3o de Sa\u00fade Mental da Unidade de Gest\u00e3o de Promo\u00e7\u00e3o da Sa\u00fade (UGPS) promove eventos com o tema \u201cSa\u00fade Mental e o Direito \u00e0 Cidade: constru\u00e7\u00f5es e reinven\u00e7\u00f5es poss\u00edveis para o habitar em liberdade\u201d.<br><br>A programa\u00e7\u00e3o come\u00e7a nesta quarta-feira (3), com uma roda de conversa na Escola de Gest\u00e3o P\u00fablica de Jundia\u00ed sobre \u201cTrajet\u00f3ria e atualiza\u00e7\u00f5es das a\u00e7\u00f5es da Reforma Psiqui\u00e1trica Brasileira \u2013 Diretrizes e desafios para seguirmos em frente\u201d, com a psic\u00f3loga e precursora dos processos de desinstitucionaliza\u00e7\u00e3o no Estado de S\u00e3o Paulo, Mirsa Dellosi.<br><br>Na sexta-feira (5), das 13h \u00e0s 16h, ser\u00e3o realizadas interven\u00e7\u00e3o e caminhada na regi\u00e3o central, com trabalhadores e usu\u00e1rios dos servi\u00e7os de sa\u00fade mental da cidade. A a\u00e7\u00e3o tamb\u00e9m integrar\u00e1 o Sexta no Centro. J\u00e1 no dia 11, das 8h30 \u00e0s 17h, ser\u00e1 promovido o F\u00f3rum da Luta Antimanicomial, no Sesc Jundia\u00ed. As inscri\u00e7\u00f5es ser\u00e3o divulgadas em breve.<\/p>\n\n\n<div class=\"wp-block-image\">\n<figure class=\"aligncenter size-large is-resized\"><img loading=\"lazy\" decoding=\"async\" src=\"https:\/\/tvtecjundiai.com.br\/news\/wp-content\/uploads\/sites\/2\/2023\/05\/atendimentos_caps-iii-4-1-1280x854-2-1200x801.jpg\" alt=\"\" class=\"wp-image-108640\" width=\"738\" height=\"492\" srcset=\"https:\/\/tvtecjundiai.com.br\/news\/wp-content\/uploads\/sites\/2\/2023\/05\/atendimentos_caps-iii-4-1-1280x854-2-1200x801.jpg 1200w, https:\/\/tvtecjundiai.com.br\/news\/wp-content\/uploads\/sites\/2\/2023\/05\/atendimentos_caps-iii-4-1-1280x854-2-300x200.jpg 300w, https:\/\/tvtecjundiai.com.br\/news\/wp-content\/uploads\/sites\/2\/2023\/05\/atendimentos_caps-iii-4-1-1280x854-2-768x512.jpg 768w, https:\/\/tvtecjundiai.com.br\/news\/wp-content\/uploads\/sites\/2\/2023\/05\/atendimentos_caps-iii-4-1-1280x854-2.jpg 1280w\" sizes=\"auto, (max-width: 738px) 100vw, 738px\" \/><figcaption class=\"wp-element-caption\">O Munic\u00edpio conta com rede completa para o cuidado \u00e0s pessoas com transtornos mentais<\/figcaption><\/figure>\n<\/div>\n\n\n<p>\u201cAo longo do m\u00eas, tamb\u00e9m participaremos de a\u00e7\u00f5es em outras localidades, como a marcha que ocorrer\u00e1 na Avenida Paulista, na capital, e o InterCAPS, em Campinas. Anualmente, \u00e9 importante celebrarmos esse novo processo de reorganiza\u00e7\u00e3o do modelo assistencial, lembrando que a preserva\u00e7\u00e3o dos v\u00ednculos familiares e comunit\u00e1rios \u00e9 a forma mais efetiva e humana de tratamento, e que a interna\u00e7\u00e3o, quando necess\u00e1ria, deve se constituir como medida excepcional e o mais breve poss\u00edvel\u201d, destaca o coordenador de Sa\u00fade Mental da UGPS, Alexandre Moreno Sandri.<\/p>\n\n\n\n<p><strong>Rede de atendimento<\/strong><br>Em Jundia\u00ed, a Pol\u00edtica Nacional de Sa\u00fade Mental, amparada nos princ\u00edpios do cuidado em liberdade e da reabilita\u00e7\u00e3o psicossocial, se materializa na Rede de Aten\u00e7\u00e3o Psicossocial. A partir da RAPS, s\u00e3o disponibilizados quatro Centros de Aten\u00e7\u00e3o Psicossocial (CAPS), sendo dois servi\u00e7os para adultos (CAPS III e CAPS II), um servi\u00e7o para crian\u00e7as e adolescentes (CAPS Infantojuvenil) e um servi\u00e7o para pessoas com necessidades decorrentes do uso de \u00e1lcool e drogas (CAPS AD III).<\/p>\n\n\n\n<p>Tamb\u00e9m integram as Unidades B\u00e1sicas de Sa\u00fade (UBSs), Novas UBSs e Cl\u00ednicas da Fam\u00edlia, as equipes dos N\u00facleo Ampliado de Sa\u00fade da Fam\u00edlia (NASFs) e do Consult\u00f3rio na Rua, as Resid\u00eancias Terap\u00eauticas, as Unidades de Acolhimento, os leitos de retaguarda no Hospital S\u00e3o Vicente e no Hospital Universit\u00e1rio e os Centros de Conviv\u00eancia, entre outros equipamentos.<\/p>\n\n\n<div class=\"wp-block-image\">\n<figure class=\"aligncenter size-large is-resized\"><img loading=\"lazy\" decoding=\"async\" src=\"https:\/\/tvtecjundiai.com.br\/news\/wp-content\/uploads\/sites\/2\/2023\/05\/atendimentos_caps-iii-124-1280x854-1-1200x801.jpg\" alt=\"\" class=\"wp-image-108641\" width=\"714\" height=\"476\" srcset=\"https:\/\/tvtecjundiai.com.br\/news\/wp-content\/uploads\/sites\/2\/2023\/05\/atendimentos_caps-iii-124-1280x854-1-1200x801.jpg 1200w, https:\/\/tvtecjundiai.com.br\/news\/wp-content\/uploads\/sites\/2\/2023\/05\/atendimentos_caps-iii-124-1280x854-1-300x200.jpg 300w, https:\/\/tvtecjundiai.com.br\/news\/wp-content\/uploads\/sites\/2\/2023\/05\/atendimentos_caps-iii-124-1280x854-1-768x512.jpg 768w, https:\/\/tvtecjundiai.com.br\/news\/wp-content\/uploads\/sites\/2\/2023\/05\/atendimentos_caps-iii-124-1280x854-1.jpg 1280w\" sizes=\"auto, (max-width: 714px) 100vw, 714px\" \/><figcaption class=\"wp-element-caption\">As Pr\u00e1ticas Integrativas e Complementares em Sa\u00fade integram as a\u00e7\u00f5es de cuidado<\/figcaption><\/figure>\n<\/div>\n\n\n<p>\u201c\u00c9 sempre importante lembrar que o cuidado em sa\u00fade mental demanda interven\u00e7\u00f5es m\u00faltiplas, n\u00e3o podendo ser centrado em uma \u00fanica oferta, uma vez que o objetivo \u00e9 a melhoria da qualidade de vida do indiv\u00edduo. Desta forma, o cuidado tamb\u00e9m pode ser ofertado por meio de escuta acolhedora ao sofrimento ps\u00edquico, das Pr\u00e1ticas Integrativas e Complementares em Sa\u00fade, como auriculoterapia, pr\u00e1ticas meditativas, fitoterapia e relaxamento guiado, e das atividades de conviv\u00eancia, como a\u00e7\u00f5es envolvendo atividades f\u00edsicas, al\u00e9m das ofertas cl\u00e1ssicas, de atendimento m\u00e9dico e psicoterapias, sejam elas individuais ou grupais\u201d, acrescenta Sandri.<\/p>\n\n\n\n<p>Em 2022, foram realizados cerca de 78 mil atendimentos \u00e0 casos completos nos CAPS de Jundia\u00ed e aproximadamente 13,5 mil atendimentos de pessoas com transtornos mentais leves e moderados nos equipamentos da aten\u00e7\u00e3o b\u00e1sica.<\/p>\n\n\n\n<p><em><strong>(Fonte\/Imagem: Prefeitura de Jundia\u00ed)<\/strong><\/em><\/p>\n","protected":false},"excerpt":{"rendered":"<p>O Munic\u00edpio conta com rede completa para o cuidado \u00e0s pessoas com transtornos mentais<\/p>\n","protected":false},"author":30,"featured_media":108639,"comment_status":"closed","ping_status":"0","sticky":false,"template":"","format":"standard","meta":{"footnotes":""},"categories":[8356,1,2839,8355],"tags":[],"class_list":["post-108638","post","type-post","status-publish","format-standard","has-post-thumbnail","hentry","category-jundiai","category-noticias","category-saude","category-saude-3"],"_links":{"self":[{"href":"https:\/\/tvtecjundiai.com.br\/news\/wp-json\/wp\/v2\/posts\/108638","targetHints":{"allow":["GET"]}}],"collection":[{"href":"https:\/\/tvtecjundiai.com.br\/news\/wp-json\/wp\/v2\/posts"}],"about":[{"href":"https:\/\/tvtecjundiai.com.br\/news\/wp-json\/wp\/v2\/types\/post"}],"author":[{"embeddable":true,"href":"https:\/\/tvtecjundiai.com.br\/news\/wp-json\/wp\/v2\/users\/30"}],"replies":[{"embeddable":true,"href":"https:\/\/tvtecjundiai.com.br\/news\/wp-json\/wp\/v2\/comments?post=108638"}],"version-history":[{"count":1,"href":"https:\/\/tvtecjundiai.com.br\/news\/wp-json\/wp\/v2\/posts\/108638\/revisions"}],"predecessor-version":[{"id":108642,"href":"https:\/\/tvtecjundiai.com.br\/news\/wp-json\/wp\/v2\/posts\/108638\/revisions\/108642"}],"wp:featuredmedia":[{"embeddable":true,"href":"https:\/\/tvtecjundiai.com.br\/news\/wp-json\/wp\/v2\/media\/108639"}],"wp:attachment":[{"href":"https:\/\/tvtecjundiai.com.br\/news\/wp-json\/wp\/v2\/media?parent=108638"}],"wp:term":[{"taxonomy":"category","embeddable":true,"href":"https:\/\/tvtecjundiai.com.br\/news\/wp-json\/wp\/v2\/categories?post=108638"},{"taxonomy":"post_tag","embeddable":true,"href":"https:\/\/tvtecjundiai.com.br\/news\/wp-json\/wp\/v2\/tags?post=108638"}],"curies":[{"name":"wp","href":"https:\/\/api.w.org\/{rel}","templated":true}]}}