{"id":108643,"date":"2023-05-02T17:29:55","date_gmt":"2023-05-02T20:29:55","guid":{"rendered":"https:\/\/tvtecjundiai.com.br\/news\/?p=108643"},"modified":"2023-05-02T17:29:56","modified_gmt":"2023-05-02T20:29:56","slug":"prefeitura-amplia-em-200-a-oferta-de-atendimentos-no-cadastro-unico","status":"publish","type":"post","link":"https:\/\/tvtecjundiai.com.br\/news\/2023\/05\/02\/prefeitura-amplia-em-200-a-oferta-de-atendimentos-no-cadastro-unico\/","title":{"rendered":"Prefeitura amplia em 200% a oferta de atendimentos no Cadastro \u00danico"},"content":{"rendered":"\n<p>A Prefeitura de Jundia\u00ed, por meio da Unidade de Assist\u00eancia e Desenvolvimento Social (UGADS), ampliou em 200% a oferta de vagas para atendimento \u00e0s pessoas que recebem algum benef\u00edcio do Governo Federal ou est\u00e3o inscritas no Cadastro \u00danico (Cad\u00danico). O sistema \u00e9 respons\u00e1vel pelo gerenciamento de dados de benefici\u00e1rios de programas como Bolsa Fam\u00edlia, Benef\u00edcio de Presta\u00e7\u00e3o Continuada (BPC), entre outros.<\/p>\n\n\n\n<p>Com o refor\u00e7o, a capacidade de atendimento \u00e9 de 390\/semana contra 130 anteriormente. Cada atendimento dura, em m\u00e9dia, 30 minutos, dependendo do n\u00famero de benefici\u00e1rios cadastrados na fam\u00edlia.<\/p>\n\n\n\n<p>Em Jundia\u00ed, atualmente s\u00e3o 741 fam\u00edlias em averigua\u00e7\u00e3o cadastral por conta do Bolsa Fam\u00edlia e 1.745 fam\u00edlias em averigua\u00e7\u00e3o cadastral por conta do Bolsa Fam\u00edlia e do BPC (Benef\u00edcio de presta\u00e7\u00e3o continuada). \u201cO fato das fam\u00edlias estarem em listagem de averigua\u00e7\u00e3o, n\u00e3o significa dizer que o benef\u00edcio j\u00e1 est\u00e1 bloqueado, suspenso ou cancelado. E sim, significa que h\u00e1 uma inconsist\u00eancia que precisa ser verificada. As a\u00e7\u00f5es de bloqueio, cancelamento e suspens\u00e3o acontecer\u00e3o ao longo do ano, atrav\u00e9s do Governo Federal, caso a irregularidade seja comprovada ou o cadastro n\u00e3o seja atualizado\u201d, disse a diretora do Departamento de Vigil\u00e2ncia Social da UGADS, Renata Mangieri.<\/p>\n\n\n<div class=\"wp-block-image\">\n<figure class=\"aligncenter size-large is-resized\"><img loading=\"lazy\" decoding=\"async\" src=\"https:\/\/tvtecjundiai.com.br\/news\/wp-content\/uploads\/sites\/2\/2023\/05\/ugads-cadastro-unico_fm_-18-1-1280x854-2-1200x801.jpg\" alt=\"\" class=\"wp-image-108645\" width=\"776\" height=\"517\" srcset=\"https:\/\/tvtecjundiai.com.br\/news\/wp-content\/uploads\/sites\/2\/2023\/05\/ugads-cadastro-unico_fm_-18-1-1280x854-2-1200x801.jpg 1200w, https:\/\/tvtecjundiai.com.br\/news\/wp-content\/uploads\/sites\/2\/2023\/05\/ugads-cadastro-unico_fm_-18-1-1280x854-2-300x200.jpg 300w, https:\/\/tvtecjundiai.com.br\/news\/wp-content\/uploads\/sites\/2\/2023\/05\/ugads-cadastro-unico_fm_-18-1-1280x854-2-768x512.jpg 768w, https:\/\/tvtecjundiai.com.br\/news\/wp-content\/uploads\/sites\/2\/2023\/05\/ugads-cadastro-unico_fm_-18-1-1280x854-2.jpg 1280w\" sizes=\"auto, (max-width: 776px) 100vw, 776px\" \/><figcaption class=\"wp-element-caption\">Prefeitura amplia em 200% a oferta de atendimentos no Cadastro \u00danico<\/figcaption><\/figure>\n<\/div>\n\n\n<p>A gestora de Assist\u00eancia e Desenvolvimento Social, Maria Brant, explica ainda que as equipes da UGADS, atrav\u00e9s do cruzamento de dados, j\u00e1 est\u00e3o fazendo contato com os benefici\u00e1rios para novos agendamentos. \u201c\u00c9 importante frisar que o sistema do Cadastro \u00danico exige uma s\u00e9rie de dados e documenta\u00e7\u00f5es e que, a aus\u00eancia de um s\u00f3 deles, de todos os moradores da resid\u00eancia, impede a conclus\u00e3o das informa\u00e7\u00f5es. Por isso, o atendimento ser\u00e1 feito somente via agendamento pr\u00e9vio feito pela UGADS, para que a pessoa compare\u00e7a com tudo de que ela precisa para sair de l\u00e1 com a atualiza\u00e7\u00e3o conclu\u00edda\u201d, refor\u00e7ou.<\/p>\n\n\n\n<p>O Cadastro \u00danico fica na rua Marechal Deodoro da Fonseca, 504 \u2013 Centro. Mais informa\u00e7\u00f5es ou d\u00favidas pode ser tiradas pelos telefones (11) 4589-9350 e 94033-0084.<\/p>\n\n\n\n<p><em><strong>(Fonte\/Imagem: Prefeitura de Jundia\u00ed)<\/strong><\/em><\/p>\n","protected":false},"excerpt":{"rendered":"<p>Prefeitura amplia em 200% a oferta de atendimentos no Cadastro \u00danico<\/p>\n","protected":false},"author":30,"featured_media":108645,"comment_status":"closed","ping_status":"0","sticky":false,"template":"","format":"standard","meta":{"footnotes":""},"categories":[8356,1],"tags":[],"class_list":["post-108643","post","type-post","status-publish","format-standard","has-post-thumbnail","hentry","category-jundiai","category-noticias"],"_links":{"self":[{"href":"https:\/\/tvtecjundiai.com.br\/news\/wp-json\/wp\/v2\/posts\/108643","targetHints":{"allow":["GET"]}}],"collection":[{"href":"https:\/\/tvtecjundiai.com.br\/news\/wp-json\/wp\/v2\/posts"}],"about":[{"href":"https:\/\/tvtecjundiai.com.br\/news\/wp-json\/wp\/v2\/types\/post"}],"author":[{"embeddable":true,"href":"https:\/\/tvtecjundiai.com.br\/news\/wp-json\/wp\/v2\/users\/30"}],"replies":[{"embeddable":true,"href":"https:\/\/tvtecjundiai.com.br\/news\/wp-json\/wp\/v2\/comments?post=108643"}],"version-history":[{"count":1,"href":"https:\/\/tvtecjundiai.com.br\/news\/wp-json\/wp\/v2\/posts\/108643\/revisions"}],"predecessor-version":[{"id":108646,"href":"https:\/\/tvtecjundiai.com.br\/news\/wp-json\/wp\/v2\/posts\/108643\/revisions\/108646"}],"wp:featuredmedia":[{"embeddable":true,"href":"https:\/\/tvtecjundiai.com.br\/news\/wp-json\/wp\/v2\/media\/108645"}],"wp:attachment":[{"href":"https:\/\/tvtecjundiai.com.br\/news\/wp-json\/wp\/v2\/media?parent=108643"}],"wp:term":[{"taxonomy":"category","embeddable":true,"href":"https:\/\/tvtecjundiai.com.br\/news\/wp-json\/wp\/v2\/categories?post=108643"},{"taxonomy":"post_tag","embeddable":true,"href":"https:\/\/tvtecjundiai.com.br\/news\/wp-json\/wp\/v2\/tags?post=108643"}],"curies":[{"name":"wp","href":"https:\/\/api.w.org\/{rel}","templated":true}]}}