{"id":108647,"date":"2023-05-03T09:48:05","date_gmt":"2023-05-03T12:48:05","guid":{"rendered":"https:\/\/tvtecjundiai.com.br\/news\/?p=108647"},"modified":"2023-05-03T09:48:08","modified_gmt":"2023-05-03T12:48:08","slug":"acessibilidade-do-centro-das-artes-e-aprovada-por-pessoas-com-deficiencia","status":"publish","type":"post","link":"https:\/\/tvtecjundiai.com.br\/news\/2023\/05\/03\/acessibilidade-do-centro-das-artes-e-aprovada-por-pessoas-com-deficiencia\/","title":{"rendered":"Acessibilidade do Centro das Artes \u00e9 aprovada por pessoas com defici\u00eancia"},"content":{"rendered":"\n<p>Membros do Conselho Municipal da Pessoa com Defici\u00eancia, Conselho Estadual para Assuntos da Pessoa com Defici\u00eancia, Assessoria de Pol\u00edticas para o Idoso, Conselho Municipal de Direitos da Pessoa Idosa e Instituto Luiz Braille realizaram uma vistoria nas obras de revitaliza\u00e7\u00e3o do Centro das Artes para conferir a acessibilidade no local, na ter\u00e7a-feira (02). O projeto foi aprovado ap\u00f3s visita pelos espa\u00e7os, acompanhado do Gestor de Cultura, Marcelo Peroni.<\/p>\n\n\n\n<p>O Centro das Artes conta com piso t\u00e1til para acesso a todas as instala\u00e7\u00f5es do pr\u00e9dio, dois elevadores para cadeirantes, banheiros e camarins adaptados, bilheteria e bebedouros acess\u00edveis e, uma cabine de audiodescri\u00e7\u00e3o na sala de espet\u00e1culos Gl\u00f3ria Rocha.<\/p>\n\n\n<div class=\"wp-block-image\">\n<figure class=\"aligncenter size-large is-resized\"><img loading=\"lazy\" decoding=\"async\" src=\"https:\/\/tvtecjundiai.com.br\/news\/wp-content\/uploads\/sites\/2\/2023\/05\/visita-acessibilidade-centro-das-artes_fm_-66-1280x854-1-1200x801.jpg\" alt=\"\" class=\"wp-image-108648\" width=\"752\" height=\"501\" srcset=\"https:\/\/tvtecjundiai.com.br\/news\/wp-content\/uploads\/sites\/2\/2023\/05\/visita-acessibilidade-centro-das-artes_fm_-66-1280x854-1-1200x801.jpg 1200w, https:\/\/tvtecjundiai.com.br\/news\/wp-content\/uploads\/sites\/2\/2023\/05\/visita-acessibilidade-centro-das-artes_fm_-66-1280x854-1-300x200.jpg 300w, https:\/\/tvtecjundiai.com.br\/news\/wp-content\/uploads\/sites\/2\/2023\/05\/visita-acessibilidade-centro-das-artes_fm_-66-1280x854-1-768x512.jpg 768w, https:\/\/tvtecjundiai.com.br\/news\/wp-content\/uploads\/sites\/2\/2023\/05\/visita-acessibilidade-centro-das-artes_fm_-66-1280x854-1.jpg 1280w\" sizes=\"auto, (max-width: 752px) 100vw, 752px\" \/><figcaption class=\"wp-element-caption\">Acessibilidade do local foi aprovada pelos visitantes<\/figcaption><\/figure>\n<\/div>\n\n\n<p>Para o presidente do Conselho da Pessoa com Defici\u00eancia, Filipi Lima, a acessibilidade do Centro das Artes mostra que Jundia\u00ed \u00e9 uma cidade para todos. \u201cFicamos muito contentes de ver que, cada vez mais, as pessoas com defici\u00eancia ganham espa\u00e7o e s\u00e3o inclu\u00eddas na sociedade. O Centro das Artes \u00e9 um espa\u00e7o tradicional e \u00e9 fundamental que todos tenham acesso\u201d, opina.<\/p>\n\n\n\n<p>A conselheira no Conselho Estadual para Assuntos da Pessoa com Defici\u00eancia, Ivanilde Oliveira de Jesus revelou estar emocionada com a visita. \u201cQuero dar os parab\u00e9ns a todos que fizeram esse projeto. O espa\u00e7o est\u00e1 maravilhoso e totalmente acess\u00edvel. Estamos muito felizes em saber que os espet\u00e1culos ter\u00e3o audiodescri\u00e7\u00e3o para pessoas cegas, assim saberemos as express\u00f5es dos artistas e o que acontece quando n\u00e3o tem fala, trazendo detalhes da apresenta\u00e7\u00e3o\u201d, comenta.<\/p>\n\n\n<div class=\"wp-block-image\">\n<figure class=\"aligncenter size-large is-resized\"><img loading=\"lazy\" decoding=\"async\" src=\"https:\/\/tvtecjundiai.com.br\/news\/wp-content\/uploads\/sites\/2\/2023\/05\/visita-acessibilidade-centro-das-artes_fm_-27-1-1280x854-1-1200x801.jpg\" alt=\"\" class=\"wp-image-108649\" width=\"754\" height=\"503\" srcset=\"https:\/\/tvtecjundiai.com.br\/news\/wp-content\/uploads\/sites\/2\/2023\/05\/visita-acessibilidade-centro-das-artes_fm_-27-1-1280x854-1-1200x801.jpg 1200w, https:\/\/tvtecjundiai.com.br\/news\/wp-content\/uploads\/sites\/2\/2023\/05\/visita-acessibilidade-centro-das-artes_fm_-27-1-1280x854-1-300x200.jpg 300w, https:\/\/tvtecjundiai.com.br\/news\/wp-content\/uploads\/sites\/2\/2023\/05\/visita-acessibilidade-centro-das-artes_fm_-27-1-1280x854-1-768x512.jpg 768w, https:\/\/tvtecjundiai.com.br\/news\/wp-content\/uploads\/sites\/2\/2023\/05\/visita-acessibilidade-centro-das-artes_fm_-27-1-1280x854-1.jpg 1280w\" sizes=\"auto, (max-width: 754px) 100vw, 754px\" \/><figcaption class=\"wp-element-caption\">Piso t\u00e1til dar\u00e1 acesso a todas as instala\u00e7\u00f5es do Centro das Artes<\/figcaption><\/figure>\n<\/div>\n\n\n<p>\u201cO Centro das Artes \u00e9 um importante equipamento da cidade, tanto para os artistas quanto para a popula\u00e7\u00e3o. O espa\u00e7o, portanto, foi projetado para garantir a acessibilidade e a inclus\u00e3o de todos nos eventos culturais do munic\u00edpio\u201d, afirma Marcelo Peroni. O espa\u00e7o recebeu investimentos de cerca de R$7 milh\u00f5es.<\/p>\n\n\n\n<p><strong><em>(Fonte\/Imagem: Prefeitura de Jundia\u00ed)<\/em><\/strong><\/p>\n","protected":false},"excerpt":{"rendered":"<p>Acessibilidade do local foi aprovada pelos visitantes<\/p>\n","protected":false},"author":30,"featured_media":108648,"comment_status":"closed","ping_status":"0","sticky":false,"template":"","format":"standard","meta":{"footnotes":""},"categories":[8356,5697,1],"tags":[],"class_list":["post-108647","post","type-post","status-publish","format-standard","has-post-thumbnail","hentry","category-jundiai","category-mobilidade-noticias","category-noticias"],"_links":{"self":[{"href":"https:\/\/tvtecjundiai.com.br\/news\/wp-json\/wp\/v2\/posts\/108647","targetHints":{"allow":["GET"]}}],"collection":[{"href":"https:\/\/tvtecjundiai.com.br\/news\/wp-json\/wp\/v2\/posts"}],"about":[{"href":"https:\/\/tvtecjundiai.com.br\/news\/wp-json\/wp\/v2\/types\/post"}],"author":[{"embeddable":true,"href":"https:\/\/tvtecjundiai.com.br\/news\/wp-json\/wp\/v2\/users\/30"}],"replies":[{"embeddable":true,"href":"https:\/\/tvtecjundiai.com.br\/news\/wp-json\/wp\/v2\/comments?post=108647"}],"version-history":[{"count":1,"href":"https:\/\/tvtecjundiai.com.br\/news\/wp-json\/wp\/v2\/posts\/108647\/revisions"}],"predecessor-version":[{"id":108650,"href":"https:\/\/tvtecjundiai.com.br\/news\/wp-json\/wp\/v2\/posts\/108647\/revisions\/108650"}],"wp:featuredmedia":[{"embeddable":true,"href":"https:\/\/tvtecjundiai.com.br\/news\/wp-json\/wp\/v2\/media\/108648"}],"wp:attachment":[{"href":"https:\/\/tvtecjundiai.com.br\/news\/wp-json\/wp\/v2\/media?parent=108647"}],"wp:term":[{"taxonomy":"category","embeddable":true,"href":"https:\/\/tvtecjundiai.com.br\/news\/wp-json\/wp\/v2\/categories?post=108647"},{"taxonomy":"post_tag","embeddable":true,"href":"https:\/\/tvtecjundiai.com.br\/news\/wp-json\/wp\/v2\/tags?post=108647"}],"curies":[{"name":"wp","href":"https:\/\/api.w.org\/{rel}","templated":true}]}}