{"id":108651,"date":"2023-05-03T11:30:30","date_gmt":"2023-05-03T14:30:30","guid":{"rendered":"https:\/\/tvtecjundiai.com.br\/news\/?p=108651"},"modified":"2023-05-03T11:30:34","modified_gmt":"2023-05-03T14:30:34","slug":"live-da-cultura-traz-informacoes-e-mais-apresentacoes-artisticas-da-lei-aldir-blanc","status":"publish","type":"post","link":"https:\/\/tvtecjundiai.com.br\/news\/2023\/05\/03\/live-da-cultura-traz-informacoes-e-mais-apresentacoes-artisticas-da-lei-aldir-blanc\/","title":{"rendered":"Live da Cultura traz informa\u00e7\u00f5es e mais apresenta\u00e7\u00f5es art\u00edsticas da Lei Aldir Blanc"},"content":{"rendered":"\n<p>Al\u00e9m de orienta\u00e7\u00f5es em geral sobre editais de concursos e festivais abertos pela Unidade de Gest\u00e3o de Cultura (UGC), bem como detalhes da agenda cultural, do Cadastro de Artistas e de um bate-papo com a classe art\u00edstica, a \u201cLive: Espa\u00e7o Cultura\u201d desta quarta-feira (03) tamb\u00e9m trar\u00e1 conte\u00fados art\u00edsticos em v\u00eddeo, contemplados pelos editais da Lei Aldir Blanc lan\u00e7ados pelo Munic\u00edpio em 2021.<\/p>\n\n\n\n<p>Com media\u00e7\u00e3o do diretor do Departamento de Cultura da UGC, Jo\u00e3o Carlos De Luca, a live come\u00e7a \u00e0s 16h, com transmiss\u00e3o ao vivo pelos canais da Cultura no&nbsp;<a href=\"https:\/\/www.facebook.com\/culturajundiai\" target=\"_blank\" rel=\"noreferrer noopener\">Facebook<\/a>&nbsp;e&nbsp;<a href=\"https:\/\/www.youtube.com\/c\/CulturaJundia%C3%AD\/featured\" target=\"_blank\" rel=\"noreferrer noopener\">YouTube<\/a>.<\/p>\n\n\n\n<p>Os v\u00eddeos apresentados esta semana ser\u00e3o os seguintes trabalhos, contemplados na categoria \u201cPropostas Formativas Virtuais\u201d dos editais: \u201cDramaturgia e Performance do Corpo Gordo\u201d, de Vive Almeida, e \u201cDa ideia \u00e0 realiza\u00e7\u00e3o\u201d, de Rosangela Torrezin.<\/p>\n\n\n\n<figure class=\"wp-block-gallery has-nested-images columns-default is-cropped wp-block-gallery-1 is-layout-flex wp-block-gallery-is-layout-flex\">\n<figure class=\"wp-block-image size-large\"><img loading=\"lazy\" decoding=\"async\" width=\"1200\" height=\"674\" data-id=\"108652\" src=\"https:\/\/tvtecjundiai.com.br\/news\/wp-content\/uploads\/sites\/2\/2023\/05\/lei_algir_blanc_vive_almeida-1280x719-1-1200x674.jpeg\" alt=\"\" class=\"wp-image-108652\" srcset=\"https:\/\/tvtecjundiai.com.br\/news\/wp-content\/uploads\/sites\/2\/2023\/05\/lei_algir_blanc_vive_almeida-1280x719-1-1200x674.jpeg 1200w, https:\/\/tvtecjundiai.com.br\/news\/wp-content\/uploads\/sites\/2\/2023\/05\/lei_algir_blanc_vive_almeida-1280x719-1-300x169.jpeg 300w, https:\/\/tvtecjundiai.com.br\/news\/wp-content\/uploads\/sites\/2\/2023\/05\/lei_algir_blanc_vive_almeida-1280x719-1-768x431.jpeg 768w, https:\/\/tvtecjundiai.com.br\/news\/wp-content\/uploads\/sites\/2\/2023\/05\/lei_algir_blanc_vive_almeida-1280x719-1.jpeg 1280w\" sizes=\"auto, (max-width: 1200px) 100vw, 1200px\" \/><\/figure>\n\n\n\n<figure class=\"wp-block-image size-large\"><img loading=\"lazy\" decoding=\"async\" width=\"1200\" height=\"674\" data-id=\"108653\" src=\"https:\/\/tvtecjundiai.com.br\/news\/wp-content\/uploads\/sites\/2\/2023\/05\/lei_algir_blanc_rosangela_torrezin-1200x674.jpeg\" alt=\"\" class=\"wp-image-108653\" srcset=\"https:\/\/tvtecjundiai.com.br\/news\/wp-content\/uploads\/sites\/2\/2023\/05\/lei_algir_blanc_rosangela_torrezin-1200x674.jpeg 1200w, https:\/\/tvtecjundiai.com.br\/news\/wp-content\/uploads\/sites\/2\/2023\/05\/lei_algir_blanc_rosangela_torrezin-300x169.jpeg 300w, https:\/\/tvtecjundiai.com.br\/news\/wp-content\/uploads\/sites\/2\/2023\/05\/lei_algir_blanc_rosangela_torrezin-768x431.jpeg 768w, https:\/\/tvtecjundiai.com.br\/news\/wp-content\/uploads\/sites\/2\/2023\/05\/lei_algir_blanc_rosangela_torrezin.jpeg 1280w\" sizes=\"auto, (max-width: 1200px) 100vw, 1200px\" \/><\/figure>\n<\/figure>\n\n\n\n<p class=\"has-text-align-center\"><em>Trabalhos art\u00edsticos apresentados da semana ser\u00e3o de Vive Almeida e Rosangela Torrezin<\/em><\/p>\n\n\n\n<p>\u201cDramaturgia e Performance do Corpo Gordo\u201d \u00e9 uma videoaula com experi\u00eancias de Vive Almeida, a partir de sua experi\u00eancia profissional e de sua pesquisa como atriz no Teatro do Osso, com metodologia a partir de quatro classifica\u00e7\u00f5es: corpo social, corpo pol\u00edtico, corpo afeto e corpo po\u00e9tico.<\/p>\n\n\n\n<p>J\u00e1 \u201cDa ideia \u00e0 realiza\u00e7\u00e3o\u201d tem como ideia central despertar artistas; fazedores, estudantes e amantes de Cultura, amadores e profissionais; al\u00e9m de cidad\u00e3os em geral para a necessidade do planejamento na elabora\u00e7\u00e3o e divulga\u00e7\u00e3o para a concretiza\u00e7\u00e3o de uma ideia.<\/p>\n\n\n\n<p>Mesmo ap\u00f3s as suas realiza\u00e7\u00f5es, todas as lives podem ser acompanhadas pelos artistas no\u00a0<a rel=\"noreferrer noopener\" href=\"https:\/\/cultura.jundiai.sp.gov.br\/videos\/\" target=\"_blank\">site da Cultura<\/a>.<\/p>\n\n\n\n<p><strong><em>(Fonte\/Imagem: Prefeitura de Jundia\u00ed)<\/em><\/strong><\/p>\n","protected":false},"excerpt":{"rendered":"<p>Trabalhos art\u00edsticos apresentados da semana ser\u00e3o de Vive Almeida e Rosangela Torrezin<\/p>\n","protected":false},"author":30,"featured_media":108652,"comment_status":"closed","ping_status":"0","sticky":false,"template":"","format":"standard","meta":{"footnotes":""},"categories":[2833,8356,1],"tags":[],"class_list":["post-108651","post","type-post","status-publish","format-standard","has-post-thumbnail","hentry","category-cultura","category-jundiai","category-noticias"],"_links":{"self":[{"href":"https:\/\/tvtecjundiai.com.br\/news\/wp-json\/wp\/v2\/posts\/108651","targetHints":{"allow":["GET"]}}],"collection":[{"href":"https:\/\/tvtecjundiai.com.br\/news\/wp-json\/wp\/v2\/posts"}],"about":[{"href":"https:\/\/tvtecjundiai.com.br\/news\/wp-json\/wp\/v2\/types\/post"}],"author":[{"embeddable":true,"href":"https:\/\/tvtecjundiai.com.br\/news\/wp-json\/wp\/v2\/users\/30"}],"replies":[{"embeddable":true,"href":"https:\/\/tvtecjundiai.com.br\/news\/wp-json\/wp\/v2\/comments?post=108651"}],"version-history":[{"count":1,"href":"https:\/\/tvtecjundiai.com.br\/news\/wp-json\/wp\/v2\/posts\/108651\/revisions"}],"predecessor-version":[{"id":108654,"href":"https:\/\/tvtecjundiai.com.br\/news\/wp-json\/wp\/v2\/posts\/108651\/revisions\/108654"}],"wp:featuredmedia":[{"embeddable":true,"href":"https:\/\/tvtecjundiai.com.br\/news\/wp-json\/wp\/v2\/media\/108652"}],"wp:attachment":[{"href":"https:\/\/tvtecjundiai.com.br\/news\/wp-json\/wp\/v2\/media?parent=108651"}],"wp:term":[{"taxonomy":"category","embeddable":true,"href":"https:\/\/tvtecjundiai.com.br\/news\/wp-json\/wp\/v2\/categories?post=108651"},{"taxonomy":"post_tag","embeddable":true,"href":"https:\/\/tvtecjundiai.com.br\/news\/wp-json\/wp\/v2\/tags?post=108651"}],"curies":[{"name":"wp","href":"https:\/\/api.w.org\/{rel}","templated":true}]}}