{"id":108655,"date":"2023-05-03T12:22:02","date_gmt":"2023-05-03T15:22:02","guid":{"rendered":"https:\/\/tvtecjundiai.com.br\/news\/?p=108655"},"modified":"2023-05-03T12:22:03","modified_gmt":"2023-05-03T15:22:03","slug":"grendacc-de-jundiai-realiza-bazar-especial-para-o-dia-das-maes","status":"publish","type":"post","link":"https:\/\/tvtecjundiai.com.br\/news\/2023\/05\/03\/grendacc-de-jundiai-realiza-bazar-especial-para-o-dia-das-maes\/","title":{"rendered":"Grendacc de Jundia\u00ed realiza Bazar Especial para o Dia das M\u00e3es"},"content":{"rendered":"\n<p>O Bazar Permanente do Grendacc preparou diversas novidades para o Dia das M\u00e3es, que este ano ser\u00e1 comemorado em 14 de maio. Entre as op\u00e7\u00f5es de presentes h\u00e1 roupas, cal\u00e7ados, acess\u00f3rios, pe\u00e7as de decora\u00e7\u00e3o e cestas de guloseimas.<\/p>\n\n\n\n<p>Para melhor atender aos clientes, o Bazar Permanente estar\u00e1 trazendo novidades di\u00e1rias at\u00e9 13 de maio e vai funcionar de segunda a sexta, das 9h \u00e0s 16h; e no s\u00e1bado (dia 13), das 9h \u00e0s 14h. Est\u00e3o \u00e0 venda botas, bolsas, len\u00e7os, bijuterias, casacos, camisas, vestidos e muito mais. Tudo com excelentes pre\u00e7os e selecionados pelas volunt\u00e1rias e pela coordenadora do bazar, T\u00e2nia Cervantes.<\/p>\n\n\n\n<p>As pe\u00e7as doadas ao Grendacc passam por triagem, higieniza\u00e7\u00e3o, s\u00e3o passadas, embaladas e s\u00f3 depois colocas \u00e0 venda no espa\u00e7o \u2013 que \u00e9 dividido por setor. As compras podem ser pagas em dinheiro, PIX, cart\u00e3o de d\u00e9bito ou cr\u00e9dito.<\/p>\n\n\n<div class=\"wp-block-image\">\n<figure class=\"aligncenter size-full\"><img loading=\"lazy\" decoding=\"async\" width=\"1024\" height=\"576\" src=\"https:\/\/tvtecjundiai.com.br\/news\/wp-content\/uploads\/sites\/2\/2023\/05\/BDBDBB56-3A79-4D62-9A32-8DD6DB6AFC1D.jpeg\" alt=\"\" class=\"wp-image-108656\" srcset=\"https:\/\/tvtecjundiai.com.br\/news\/wp-content\/uploads\/sites\/2\/2023\/05\/BDBDBB56-3A79-4D62-9A32-8DD6DB6AFC1D.jpeg 1024w, https:\/\/tvtecjundiai.com.br\/news\/wp-content\/uploads\/sites\/2\/2023\/05\/BDBDBB56-3A79-4D62-9A32-8DD6DB6AFC1D-300x169.jpeg 300w, https:\/\/tvtecjundiai.com.br\/news\/wp-content\/uploads\/sites\/2\/2023\/05\/BDBDBB56-3A79-4D62-9A32-8DD6DB6AFC1D-768x432.jpeg 768w\" sizes=\"auto, (max-width: 1024px) 100vw, 1024px\" \/><figcaption class=\"wp-element-caption\">Est\u00e3o \u00e0 venda botas, bolsas, len\u00e7os, bijuterias, casacos, camisas, vestidos e muito mais.<\/figcaption><\/figure>\n<\/div>\n\n\n<h4 class=\"wp-block-heading\" id=\"h-grendacc-no-paco-municipal\">Grendacc no Pa\u00e7o Municipal<\/h4>\n\n\n\n<p>Al\u00e9m do Bazar Permanente, o Grendacc realiza bazares em feiras, empresas e espa\u00e7os p\u00fablicos, sempre com 100% da renda destinada ao Hospital da Crian\u00e7a.<\/p>\n\n\n\n<p>Assim, de 8 a 12 de maio, das 8h \u00e0s 17h, o Grendacc vender\u00e1 seu artesanato no piso t\u00e9rreo da Prefeitura Municipal de Jundia\u00ed. As volunt\u00e1rias da institui\u00e7\u00e3o confeccionam as pe\u00e7as \u00e0 m\u00e3o. H\u00e1 bolsas, necessaires, toalhas de patchwork, guardanapos, naninhas, chaveiros, kits com toalhas de m\u00e3o e sabonete, al\u00e9m de copos e canecas.<\/p>\n\n\n\n<h3 class=\"wp-block-heading\">Bazar de Noivas<\/h3>\n\n\n\n<p>De 25 a 27 de maio, das 9h \u00e0s 16h, o Grendacc estar\u00e1 no Espa\u00e7o Bazar de Marcas da institui\u00e7\u00e3o com o Bazar Especial de Noivas e Roupas de Festa. Estar\u00e3o \u00e0 venda vestidos de noivas, de daminhas e de madrinhas, ternos e camisas, al\u00e9m de sapatos femininos, masculinos e infantis e acess\u00f3rios.<\/p>\n\n\n\n<p>Novamente, 100% do total arrecadado tamb\u00e9m ir\u00e1 para o Hospital da Crian\u00e7a do Grendacc. O Espa\u00e7o Bazar de Marcas fica na rua Ol\u00edvio Boa, esquina com a Av. Dr. Manoel Ildefonso Archer de Castilho \u2013 Parque da Represa.<\/p>\n\n\n\n<p><strong><em>(Fonte\/Imagem: Assessoria Grendacc)<\/em><\/strong><\/p>\n","protected":false},"excerpt":{"rendered":"<p>Est\u00e3o \u00e0 venda botas, bolsas, len\u00e7os, bijuterias, casacos, camisas, vestidos e muito mais<\/p>\n","protected":false},"author":30,"featured_media":108656,"comment_status":"closed","ping_status":"0","sticky":false,"template":"","format":"standard","meta":{"footnotes":""},"categories":[8356,1],"tags":[],"class_list":["post-108655","post","type-post","status-publish","format-standard","has-post-thumbnail","hentry","category-jundiai","category-noticias"],"_links":{"self":[{"href":"https:\/\/tvtecjundiai.com.br\/news\/wp-json\/wp\/v2\/posts\/108655","targetHints":{"allow":["GET"]}}],"collection":[{"href":"https:\/\/tvtecjundiai.com.br\/news\/wp-json\/wp\/v2\/posts"}],"about":[{"href":"https:\/\/tvtecjundiai.com.br\/news\/wp-json\/wp\/v2\/types\/post"}],"author":[{"embeddable":true,"href":"https:\/\/tvtecjundiai.com.br\/news\/wp-json\/wp\/v2\/users\/30"}],"replies":[{"embeddable":true,"href":"https:\/\/tvtecjundiai.com.br\/news\/wp-json\/wp\/v2\/comments?post=108655"}],"version-history":[{"count":1,"href":"https:\/\/tvtecjundiai.com.br\/news\/wp-json\/wp\/v2\/posts\/108655\/revisions"}],"predecessor-version":[{"id":108657,"href":"https:\/\/tvtecjundiai.com.br\/news\/wp-json\/wp\/v2\/posts\/108655\/revisions\/108657"}],"wp:featuredmedia":[{"embeddable":true,"href":"https:\/\/tvtecjundiai.com.br\/news\/wp-json\/wp\/v2\/media\/108656"}],"wp:attachment":[{"href":"https:\/\/tvtecjundiai.com.br\/news\/wp-json\/wp\/v2\/media?parent=108655"}],"wp:term":[{"taxonomy":"category","embeddable":true,"href":"https:\/\/tvtecjundiai.com.br\/news\/wp-json\/wp\/v2\/categories?post=108655"},{"taxonomy":"post_tag","embeddable":true,"href":"https:\/\/tvtecjundiai.com.br\/news\/wp-json\/wp\/v2\/tags?post=108655"}],"curies":[{"name":"wp","href":"https:\/\/api.w.org\/{rel}","templated":true}]}}