{"id":108658,"date":"2023-05-03T13:51:19","date_gmt":"2023-05-03T16:51:19","guid":{"rendered":"https:\/\/tvtecjundiai.com.br\/news\/?p=108658"},"modified":"2023-05-03T13:51:20","modified_gmt":"2023-05-03T16:51:20","slug":"programa-de-aceleracao-com-jovens-tem-inicio-no-jundiai-empreendedora","status":"publish","type":"post","link":"https:\/\/tvtecjundiai.com.br\/news\/2023\/05\/03\/programa-de-aceleracao-com-jovens-tem-inicio-no-jundiai-empreendedora\/","title":{"rendered":"Programa de Acelera\u00e7\u00e3o com Jovens tem in\u00edcio no Jundia\u00ed Empreendedora"},"content":{"rendered":"\n<p>Desenvolvido pela Unidade de Gest\u00e3o de Governo e Finan\u00e7as (UGGF), o Programa de Acelera\u00e7\u00e3o com Jovens, que oferece um curso de qualifica\u00e7\u00e3o gratuito a jovens do Jardim Fepasa e regi\u00e3o, teve in\u00edcio nesta ter\u00e7a-feira (02), no Espa\u00e7o Jundia\u00ed Empreendedora. A primeira aula, ministrada pelo Coordenador de Empreendedorismo do Sebrae Jundia\u00ed, Marcelo Duarte, trouxe o tema \u201cVoca\u00e7\u00e3o: Ingressando no Ensino Superior e Guia de Profiss\u00f5es\u201d.<\/p>\n\n\n\n<p>O garoto Isac Dimitri Ometo Ferraz, de apenas 13 anos, compareceu ao primeiro dia e se mostrou empolgado para aprender os primeiros conceitos de empreendedorismo. \u201cTenho o sonho de fazer vendas online e preciso aprender muitas coisas sobre o assunto, como as formas de fazer e o ramo mais atrativo. O curso me ajudar\u00e1 a iniciar essa caminhada\u201d, revelou.<\/p>\n\n\n\n<p>O curso ter\u00e1 carga hor\u00e1ria de 70 horas. As aulas ser\u00e3o divididas nos eixos: Empreendedorismo, Cidadania, Sa\u00fade, Tecnologia, Portugu\u00eas e Linguagens e Comportamento. Ser\u00e3o abordados temas na \u00e1rea da gera\u00e7\u00e3o de emprego e renda, como o empreendedorismo e a tecnologia, al\u00e9m de qualidade de vida e sa\u00fade, direitos e deveres, rela\u00e7\u00f5es interpessoais, entre outros.<\/p>\n\n\n<div class=\"wp-block-image\">\n<figure class=\"aligncenter size-large is-resized\"><img loading=\"lazy\" decoding=\"async\" src=\"https:\/\/tvtecjundiai.com.br\/news\/wp-content\/uploads\/sites\/2\/2023\/05\/inicio_curso_jundiai_empreendedora_jovens_fepasa_pa-1-1280x854-1-1200x801.jpg\" alt=\"\" class=\"wp-image-108659\" width=\"750\" height=\"500\" srcset=\"https:\/\/tvtecjundiai.com.br\/news\/wp-content\/uploads\/sites\/2\/2023\/05\/inicio_curso_jundiai_empreendedora_jovens_fepasa_pa-1-1280x854-1-1200x801.jpg 1200w, https:\/\/tvtecjundiai.com.br\/news\/wp-content\/uploads\/sites\/2\/2023\/05\/inicio_curso_jundiai_empreendedora_jovens_fepasa_pa-1-1280x854-1-300x200.jpg 300w, https:\/\/tvtecjundiai.com.br\/news\/wp-content\/uploads\/sites\/2\/2023\/05\/inicio_curso_jundiai_empreendedora_jovens_fepasa_pa-1-1280x854-1-768x512.jpg 768w, https:\/\/tvtecjundiai.com.br\/news\/wp-content\/uploads\/sites\/2\/2023\/05\/inicio_curso_jundiai_empreendedora_jovens_fepasa_pa-1-1280x854-1.jpg 1280w\" sizes=\"auto, (max-width: 750px) 100vw, 750px\" \/><figcaption class=\"wp-element-caption\">Isac sonha em ter o pr\u00f3prio neg\u00f3cio de vendas online<\/figcaption><\/figure>\n<\/div>\n\n\n<p>Presente na abertura das aulas, o Gestor de Governo e Finan\u00e7as, Jos\u00e9 Antonio Parimoschi, elogiou a iniciativa. \u201cEssa \u00e9 uma oportunidade incr\u00edvel para que os jovens comecem a se destacar pensando no futuro pessoal e profissional. O caminho a ser percorrido depende de cada um, mas o Governo est\u00e1 ao lado para ajuda-los a encontrar esse caminho\u201d, comentou Parimoschi.<\/p>\n\n\n\n<p>Para o Gestor Adjunto de Governo e idealizador da proposta, Jones Martins, a conclus\u00e3o do curso ser\u00e1 um ponto de destaque no curr\u00edculo de cada um. \u201cEstamos promovendo uma antecipa\u00e7\u00e3o de conte\u00fados que eles teriam em cursos superiores, de uma forma mais pr\u00e1tica e divertida. A ideia \u00e9 deixa-los preparados para todos os desafios n\u00e3o s\u00f3 do mercado de trabalho, mas da vida\u201d, afirmou.<\/p>\n\n\n<div class=\"wp-block-image\">\n<figure class=\"aligncenter size-large is-resized\"><img loading=\"lazy\" decoding=\"async\" src=\"https:\/\/tvtecjundiai.com.br\/news\/wp-content\/uploads\/sites\/2\/2023\/05\/inicio_curso_jundiai_empreendedora_jovens_fepasa_pa-64-1280x854-1-1200x801.jpg\" alt=\"\" class=\"wp-image-108660\" width=\"766\" height=\"510\" srcset=\"https:\/\/tvtecjundiai.com.br\/news\/wp-content\/uploads\/sites\/2\/2023\/05\/inicio_curso_jundiai_empreendedora_jovens_fepasa_pa-64-1280x854-1-1200x801.jpg 1200w, https:\/\/tvtecjundiai.com.br\/news\/wp-content\/uploads\/sites\/2\/2023\/05\/inicio_curso_jundiai_empreendedora_jovens_fepasa_pa-64-1280x854-1-300x200.jpg 300w, https:\/\/tvtecjundiai.com.br\/news\/wp-content\/uploads\/sites\/2\/2023\/05\/inicio_curso_jundiai_empreendedora_jovens_fepasa_pa-64-1280x854-1-768x512.jpg 768w, https:\/\/tvtecjundiai.com.br\/news\/wp-content\/uploads\/sites\/2\/2023\/05\/inicio_curso_jundiai_empreendedora_jovens_fepasa_pa-64-1280x854-1.jpg 1280w\" sizes=\"auto, (max-width: 766px) 100vw, 766px\" \/><figcaption class=\"wp-element-caption\">Jos\u00e9 Antonio Parimoschi ressaltou a import\u00e2ncia do poder p\u00fablico estar ao lado dos jovens<\/figcaption><\/figure>\n<\/div>\n\n\n<p>O projeto piloto, que ser\u00e1 avaliado para aplica\u00e7\u00e3o em outras regi\u00f5es futuramente, tem previs\u00e3o para ser finalizado no m\u00eas de julho e conta com a parceria da Facul IV2, Instituto Federal, SENAC e SEBRAE. Pela Prefeitura, tamb\u00e9m estiveram presentes na abertura do curso a Assessora de Pol\u00edticas para a Juventude, Let\u00edcia Atique Branco; a Diretoria da Unidade de Parcerias Estrat\u00e9gicas, Daniele Ruiz; o Diretor de Fomento ao Com\u00e9rcio e Servi\u00e7os, Enrico Milamonti; al\u00e9m das Assessoras de Pol\u00edticas Governamentais Tamires Arruda e Roseane Cruz.<\/p>\n\n\n\n<p><strong><em>(Fonte\/Imagem: Prefeitura de Jundia\u00ed)<\/em><\/strong><\/p>\n","protected":false},"excerpt":{"rendered":"<p>Jos\u00e9 Antonio Parimoschi ressaltou a import\u00e2ncia do poder p\u00fablico estar ao lado dos jovens<\/p>\n","protected":false},"author":30,"featured_media":108659,"comment_status":"closed","ping_status":"0","sticky":false,"template":"","format":"standard","meta":{"footnotes":""},"categories":[5038,8363,8356,1],"tags":[],"class_list":["post-108658","post","type-post","status-publish","format-standard","has-post-thumbnail","hentry","category-emprego","category-emprego-2","category-jundiai","category-noticias"],"_links":{"self":[{"href":"https:\/\/tvtecjundiai.com.br\/news\/wp-json\/wp\/v2\/posts\/108658","targetHints":{"allow":["GET"]}}],"collection":[{"href":"https:\/\/tvtecjundiai.com.br\/news\/wp-json\/wp\/v2\/posts"}],"about":[{"href":"https:\/\/tvtecjundiai.com.br\/news\/wp-json\/wp\/v2\/types\/post"}],"author":[{"embeddable":true,"href":"https:\/\/tvtecjundiai.com.br\/news\/wp-json\/wp\/v2\/users\/30"}],"replies":[{"embeddable":true,"href":"https:\/\/tvtecjundiai.com.br\/news\/wp-json\/wp\/v2\/comments?post=108658"}],"version-history":[{"count":1,"href":"https:\/\/tvtecjundiai.com.br\/news\/wp-json\/wp\/v2\/posts\/108658\/revisions"}],"predecessor-version":[{"id":108661,"href":"https:\/\/tvtecjundiai.com.br\/news\/wp-json\/wp\/v2\/posts\/108658\/revisions\/108661"}],"wp:featuredmedia":[{"embeddable":true,"href":"https:\/\/tvtecjundiai.com.br\/news\/wp-json\/wp\/v2\/media\/108659"}],"wp:attachment":[{"href":"https:\/\/tvtecjundiai.com.br\/news\/wp-json\/wp\/v2\/media?parent=108658"}],"wp:term":[{"taxonomy":"category","embeddable":true,"href":"https:\/\/tvtecjundiai.com.br\/news\/wp-json\/wp\/v2\/categories?post=108658"},{"taxonomy":"post_tag","embeddable":true,"href":"https:\/\/tvtecjundiai.com.br\/news\/wp-json\/wp\/v2\/tags?post=108658"}],"curies":[{"name":"wp","href":"https:\/\/api.w.org\/{rel}","templated":true}]}}