{"id":108662,"date":"2023-05-03T13:52:58","date_gmt":"2023-05-03T16:52:58","guid":{"rendered":"https:\/\/tvtecjundiai.com.br\/news\/?p=108662"},"modified":"2023-05-03T13:52:59","modified_gmt":"2023-05-03T16:52:59","slug":"lei-de-diretrizes-orcamentarias-sera-apresenta-em-audiencia-publica-na-camara-municipal","status":"publish","type":"post","link":"https:\/\/tvtecjundiai.com.br\/news\/2023\/05\/03\/lei-de-diretrizes-orcamentarias-sera-apresenta-em-audiencia-publica-na-camara-municipal\/","title":{"rendered":"Lei de Diretrizes Or\u00e7ament\u00e1rias ser\u00e1 apresenta em audi\u00eancia p\u00fablica na C\u00e2mara Municipal"},"content":{"rendered":"\n<p>Promovida pela C\u00e2mara Municipal de Jundia\u00ed, audi\u00eancia p\u00fablica conjunta com a Unidade de Gest\u00e3o de Governo e Finan\u00e7as (UGGF), detalhando o projeto de Lei de Diretrizes Or\u00e7ament\u00e1rias (LDO) para o ano de 2024.<\/p>\n\n\n\n<p>A audi\u00eancia ser\u00e1 realizada no dia 18 de maio, a partir das 19h, na C\u00e2mara Municipal de Jundia\u00ed e ser\u00e1 aberta \u00e0 popula\u00e7\u00e3o, tamb\u00e9m haver\u00e1 transmiss\u00e3o ao vivo pela TV C\u00e2mara (12.2 UHF e 4 NET\/Claro) e pelos canais do Facebook e YouTube da C\u00e2mara Municipal.<\/p>\n\n\n\n<p>\u201cA audi\u00eancia p\u00fablica \u00e9 uma maneira de aproximar o cidad\u00e3o da administra\u00e7\u00e3o p\u00fablica, al\u00e9m de ser uma medida transparente da gest\u00e3o. No fim, o importante \u00e9 prestar um servi\u00e7o de qualidade aos contribuintes, ent\u00e3o nada mais justo que eles participem desse momento de defini\u00e7\u00f5es\u201d, afirma o Gestor de Governo e Finan\u00e7as, Jos\u00e9 Antonio Parimoschi.<\/p>\n\n\n\n<p>A LDO \u00e9 a pe\u00e7a que norteia a prepara\u00e7\u00e3o do Or\u00e7amento Municipal, estabelecendo as metas e as prioridades para o or\u00e7amento anual do ano seguinte. Ela deve ser elaborada logo no in\u00edcio de cada ano e encaminhada para aprova\u00e7\u00e3o do Poder Legislativo.<\/p>\n\n\n\n<p>Durante a audi\u00eancia, tanto os mun\u00edcipes presentes, quanto os que acompanhar\u00e3o de forma remota, poder\u00e3o tirar as d\u00favidas e enviar contribui\u00e7\u00f5es e apontamentos.<\/p>\n\n\n<div class=\"wp-block-image\">\n<figure class=\"aligncenter size-large is-resized\"><img loading=\"lazy\" decoding=\"async\" src=\"https:\/\/tvtecjundiai.com.br\/news\/wp-content\/uploads\/sites\/2\/2023\/05\/audiencia-publica-ldo-2024-jose-antonio-parimoschi-e-luiz-fernando-boscolo_fm_-17-1280x854-1-1200x801.jpg\" alt=\"\" class=\"wp-image-108663\" width=\"786\" height=\"524\" srcset=\"https:\/\/tvtecjundiai.com.br\/news\/wp-content\/uploads\/sites\/2\/2023\/05\/audiencia-publica-ldo-2024-jose-antonio-parimoschi-e-luiz-fernando-boscolo_fm_-17-1280x854-1-1200x801.jpg 1200w, https:\/\/tvtecjundiai.com.br\/news\/wp-content\/uploads\/sites\/2\/2023\/05\/audiencia-publica-ldo-2024-jose-antonio-parimoschi-e-luiz-fernando-boscolo_fm_-17-1280x854-1-300x200.jpg 300w, https:\/\/tvtecjundiai.com.br\/news\/wp-content\/uploads\/sites\/2\/2023\/05\/audiencia-publica-ldo-2024-jose-antonio-parimoschi-e-luiz-fernando-boscolo_fm_-17-1280x854-1-768x512.jpg 768w, https:\/\/tvtecjundiai.com.br\/news\/wp-content\/uploads\/sites\/2\/2023\/05\/audiencia-publica-ldo-2024-jose-antonio-parimoschi-e-luiz-fernando-boscolo_fm_-17-1280x854-1.jpg 1280w\" sizes=\"auto, (max-width: 786px) 100vw, 786px\" \/><figcaption class=\"wp-element-caption\">Nova audi\u00eancia p\u00fablica da LDO ser\u00e1 apresentada no dia 18 de maio<\/figcaption><\/figure>\n<\/div>\n\n\n<p><strong><em>(Fonte\/Imagem: Prefeitura de Jundia\u00ed)<\/em><\/strong><\/p>\n","protected":false},"excerpt":{"rendered":"<p>Nova audi\u00eancia p\u00fablica da LDO ser\u00e1 apresentada no dia 18 de maio<\/p>\n","protected":false},"author":30,"featured_media":108663,"comment_status":"closed","ping_status":"0","sticky":false,"template":"","format":"standard","meta":{"footnotes":""},"categories":[8356,1],"tags":[],"class_list":["post-108662","post","type-post","status-publish","format-standard","has-post-thumbnail","hentry","category-jundiai","category-noticias"],"_links":{"self":[{"href":"https:\/\/tvtecjundiai.com.br\/news\/wp-json\/wp\/v2\/posts\/108662","targetHints":{"allow":["GET"]}}],"collection":[{"href":"https:\/\/tvtecjundiai.com.br\/news\/wp-json\/wp\/v2\/posts"}],"about":[{"href":"https:\/\/tvtecjundiai.com.br\/news\/wp-json\/wp\/v2\/types\/post"}],"author":[{"embeddable":true,"href":"https:\/\/tvtecjundiai.com.br\/news\/wp-json\/wp\/v2\/users\/30"}],"replies":[{"embeddable":true,"href":"https:\/\/tvtecjundiai.com.br\/news\/wp-json\/wp\/v2\/comments?post=108662"}],"version-history":[{"count":1,"href":"https:\/\/tvtecjundiai.com.br\/news\/wp-json\/wp\/v2\/posts\/108662\/revisions"}],"predecessor-version":[{"id":108664,"href":"https:\/\/tvtecjundiai.com.br\/news\/wp-json\/wp\/v2\/posts\/108662\/revisions\/108664"}],"wp:featuredmedia":[{"embeddable":true,"href":"https:\/\/tvtecjundiai.com.br\/news\/wp-json\/wp\/v2\/media\/108663"}],"wp:attachment":[{"href":"https:\/\/tvtecjundiai.com.br\/news\/wp-json\/wp\/v2\/media?parent=108662"}],"wp:term":[{"taxonomy":"category","embeddable":true,"href":"https:\/\/tvtecjundiai.com.br\/news\/wp-json\/wp\/v2\/categories?post=108662"},{"taxonomy":"post_tag","embeddable":true,"href":"https:\/\/tvtecjundiai.com.br\/news\/wp-json\/wp\/v2\/tags?post=108662"}],"curies":[{"name":"wp","href":"https:\/\/api.w.org\/{rel}","templated":true}]}}