{"id":108676,"date":"2023-05-03T17:28:13","date_gmt":"2023-05-03T20:28:13","guid":{"rendered":"https:\/\/tvtecjundiai.com.br\/news\/?p=108676"},"modified":"2023-05-03T17:28:14","modified_gmt":"2023-05-03T20:28:14","slug":"comercio-de-jundiai-abre-ate-as-18h-neste-sabado-6","status":"publish","type":"post","link":"https:\/\/tvtecjundiai.com.br\/news\/2023\/05\/03\/comercio-de-jundiai-abre-ate-as-18h-neste-sabado-6\/","title":{"rendered":"Com\u00e9rcio de Jundia\u00ed abre at\u00e9 \u00e0s 18h neste s\u00e1bado (6)"},"content":{"rendered":"\n<p>Neste s\u00e1bado (6), o com\u00e9rcio do Centro e dos bairros de Jundia\u00ed se prepara para receber os consumidores at\u00e9 as 18h. Esse \u00e9 o primeiro s\u00e1bado do m\u00eas ap\u00f3s o quinto dia \u00fatil, o que deve favorecer a movimenta\u00e7\u00e3o da economia regional.<\/p>\n\n\n\n<p>Al\u00e9m disso, o Centro ter\u00e1 diversas atra\u00e7\u00f5es na Pra\u00e7a Marechal Floriano Peixoto (Pra\u00e7a do Coreto) como passeios no trenzinho Expresso da Alegria, food trucks e m\u00fasica com apoio cultural do Sesc Jundia\u00ed.<\/p>\n\n\n\n<p>Os passeios gratuitos no trenzinho Expresso da Alegria acontecem das 10 \u00e0s 14h, com embarque junto dos personagens infantis. J\u00e1 das 12h \u00e0s 13h30 acontecer\u00e1 a apresenta\u00e7\u00e3o musical \u201cEureka on the Street\u201d.<\/p>\n\n\n\n<p>J\u00e1 na sexta-feira, (12), antev\u00e9spera do Dia das M\u00e3es, os lojistas que desejarem poder\u00e3o atender at\u00e9 as 22h. No s\u00e1bado (13), as lojas tamb\u00e9m poder\u00e3o funcionar at\u00e9 \u00e0s 18h, tamb\u00e9m com passeios no Expresso da Alegria e food trucks. No mesmo dia, das 12h \u00e0s 13h30 acontecer\u00e1 a apresenta\u00e7\u00e3o circense com a \u201cCia. Tramp de Palha\u00e7os\u201d.<\/p>\n\n\n<div class=\"wp-block-image\">\n<figure class=\"aligncenter size-large is-resized\"><img loading=\"lazy\" decoding=\"async\" src=\"https:\/\/tvtecjundiai.com.br\/news\/wp-content\/uploads\/sites\/2\/2023\/05\/Comercio-central-de-Jundiai-2-Divulgacao-1200x800.jpeg\" alt=\"\" class=\"wp-image-108677\" width=\"726\" height=\"484\" srcset=\"https:\/\/tvtecjundiai.com.br\/news\/wp-content\/uploads\/sites\/2\/2023\/05\/Comercio-central-de-Jundiai-2-Divulgacao-1200x800.jpeg 1200w, https:\/\/tvtecjundiai.com.br\/news\/wp-content\/uploads\/sites\/2\/2023\/05\/Comercio-central-de-Jundiai-2-Divulgacao-300x200.jpeg 300w, https:\/\/tvtecjundiai.com.br\/news\/wp-content\/uploads\/sites\/2\/2023\/05\/Comercio-central-de-Jundiai-2-Divulgacao-768x512.jpeg 768w, https:\/\/tvtecjundiai.com.br\/news\/wp-content\/uploads\/sites\/2\/2023\/05\/Comercio-central-de-Jundiai-2-Divulgacao.jpeg 1280w\" sizes=\"auto, (max-width: 726px) 100vw, 726px\" \/><\/figure>\n<\/div>\n\n\n<p><\/p>\n\n\n\n<h3 class=\"wp-block-heading\" id=\"h-expectativa-para-o-dia-das-maes\">Expectativa para o Dia das M\u00e3es\u00a0<\/h3>\n\n\n\n<p>O cen\u00e1rio \u00e9 positivo para o Dia das M\u00e3es no Estado de S\u00e3o Paulo com proje\u00e7\u00e3o de crescimento de 3% nas vendas no m\u00eas de maio e o faturamento deve atingir R$ 56,5 bilh\u00f5es. Os dados s\u00e3o do levantamento da Federa\u00e7\u00e3o do Com\u00e9rcio de Bens, Servi\u00e7os e Turismo do Estado de S\u00e3o Paulo (FecomercioSP).&nbsp;<\/p>\n\n\n\n<p>Al\u00e9m disso, de acordo com a pesquisa, os setores de vestu\u00e1rio, tecidos e cal\u00e7ados apresentam previs\u00e3o de eleva\u00e7\u00e3o de 7% nas vendas. J\u00e1 perfumaria, assim como lojas de m\u00f3veis e decora\u00e7\u00e3o, devem obter crescimento de 4% nas vendas. O crescimento nas vendas das lojas de eletrodom\u00e9sticos, eletr\u00f4nicos e lojas de departamento deve chegar a 3%, na compara\u00e7\u00e3o com maio de 2022. Os produtos mais procurados s\u00e3o celulares e aparelhos de TV e som, assim como computadores.<\/p>\n\n\n\n<p><strong><em>(Fonte\/Imagem: Sincomercio Jundia\u00ed)<\/em><\/strong><\/p>\n","protected":false},"excerpt":{"rendered":"<p>Al\u00e9m disso, o Centro ter\u00e1 diversas atra\u00e7\u00f5es na Pra\u00e7a Marechal Floriano Peixoto<\/p>\n","protected":false},"author":30,"featured_media":108677,"comment_status":"closed","ping_status":"0","sticky":false,"template":"","format":"standard","meta":{"footnotes":""},"categories":[8356,8354,1],"tags":[],"class_list":["post-108676","post","type-post","status-publish","format-standard","has-post-thumbnail","hentry","category-jundiai","category-lazer","category-noticias"],"_links":{"self":[{"href":"https:\/\/tvtecjundiai.com.br\/news\/wp-json\/wp\/v2\/posts\/108676","targetHints":{"allow":["GET"]}}],"collection":[{"href":"https:\/\/tvtecjundiai.com.br\/news\/wp-json\/wp\/v2\/posts"}],"about":[{"href":"https:\/\/tvtecjundiai.com.br\/news\/wp-json\/wp\/v2\/types\/post"}],"author":[{"embeddable":true,"href":"https:\/\/tvtecjundiai.com.br\/news\/wp-json\/wp\/v2\/users\/30"}],"replies":[{"embeddable":true,"href":"https:\/\/tvtecjundiai.com.br\/news\/wp-json\/wp\/v2\/comments?post=108676"}],"version-history":[{"count":1,"href":"https:\/\/tvtecjundiai.com.br\/news\/wp-json\/wp\/v2\/posts\/108676\/revisions"}],"predecessor-version":[{"id":108678,"href":"https:\/\/tvtecjundiai.com.br\/news\/wp-json\/wp\/v2\/posts\/108676\/revisions\/108678"}],"wp:featuredmedia":[{"embeddable":true,"href":"https:\/\/tvtecjundiai.com.br\/news\/wp-json\/wp\/v2\/media\/108677"}],"wp:attachment":[{"href":"https:\/\/tvtecjundiai.com.br\/news\/wp-json\/wp\/v2\/media?parent=108676"}],"wp:term":[{"taxonomy":"category","embeddable":true,"href":"https:\/\/tvtecjundiai.com.br\/news\/wp-json\/wp\/v2\/categories?post=108676"},{"taxonomy":"post_tag","embeddable":true,"href":"https:\/\/tvtecjundiai.com.br\/news\/wp-json\/wp\/v2\/tags?post=108676"}],"curies":[{"name":"wp","href":"https:\/\/api.w.org\/{rel}","templated":true}]}}