{"id":108679,"date":"2023-05-03T17:38:06","date_gmt":"2023-05-03T20:38:06","guid":{"rendered":"https:\/\/tvtecjundiai.com.br\/news\/?p=108679"},"modified":"2023-05-03T17:38:07","modified_gmt":"2023-05-03T20:38:07","slug":"visam-identifica-dois-morcegos-positivos-para-raiva","status":"publish","type":"post","link":"https:\/\/tvtecjundiai.com.br\/news\/2023\/05\/03\/visam-identifica-dois-morcegos-positivos-para-raiva\/","title":{"rendered":"VISAM identifica dois morcegos positivos para raiva"},"content":{"rendered":"\n<p>A Vigil\u00e2ncia em Sa\u00fade Ambiental (VISAM) \u2013 \u00f3rg\u00e3o da Unidade de Gest\u00e3o de Promo\u00e7\u00e3o da Sa\u00fade (UGPS) \u2013 identificou mais dois morcegos positivos para raiva, nos bairros Jardim do Lago e Corrupira. Al\u00e9m das orienta\u00e7\u00f5es aos mun\u00edcipes das localidades em que foram encontrados, foi realizada a busca de sinais de col\u00f4nias desses animais nas regi\u00f5es pr\u00f3ximas e a vacina\u00e7\u00e3o de c\u00e3es contactantes, em um dos casos.<br><br>Os dois morcegos encontrados s\u00e3o inset\u00edvoros, das esp\u00e9cies Myotis nigricans e Molossus rufus \u2013 muito comuns no Munic\u00edpio. Neste ano, a cidade contabiliza 11 casos. Desses, quatro foram encontrados no mesmo local. Em 2022, foram tr\u00eas registros.<\/p>\n\n\n\n<p>O coordenador da VISAM, veterin\u00e1rio Luis Gustavo Grijota Nascimento, reitera a orienta\u00e7\u00e3o de que, no caso de identifica\u00e7\u00e3o de um morcego em situa\u00e7\u00f5es n\u00e3o usuais, como no interior de resid\u00eancias, nos quintais, voando durante o dia, ou ca\u00eddos no ch\u00e3o, deve-se contatar imediatamente o \u00f3rg\u00e3o pelos telefones (11) 4589-6340 e (11) 4589-6350 para que os t\u00e9cnicos fa\u00e7am a retirada segura do animal. Havendo a possibilidade, tamb\u00e9m deve-se isolar o c\u00f4modo em que o animal foi encontrado e\/ou imobiliz\u00e1-lo, colocando sobre ele um anteparo como balde, pote de sorvete, pano ou uma caixa. Tanto o recolhimento como o diagn\u00f3stico desses morcegos integram as atividades do Programa Municipal de Vigil\u00e2ncia da Raiva.<\/p>\n\n\n<div class=\"wp-block-image\">\n<figure class=\"aligncenter size-large\"><img loading=\"lazy\" decoding=\"async\" width=\"1200\" height=\"745\" src=\"https:\/\/tvtecjundiai.com.br\/news\/wp-content\/uploads\/sites\/2\/2023\/05\/morcego-2-1-1200x745.jpg\" alt=\"\" class=\"wp-image-108680\" srcset=\"https:\/\/tvtecjundiai.com.br\/news\/wp-content\/uploads\/sites\/2\/2023\/05\/morcego-2-1-1200x745.jpg 1200w, https:\/\/tvtecjundiai.com.br\/news\/wp-content\/uploads\/sites\/2\/2023\/05\/morcego-2-1-300x186.jpg 300w, https:\/\/tvtecjundiai.com.br\/news\/wp-content\/uploads\/sites\/2\/2023\/05\/morcego-2-1-768x477.jpg 768w, https:\/\/tvtecjundiai.com.br\/news\/wp-content\/uploads\/sites\/2\/2023\/05\/morcego-2-1.jpg 1280w\" sizes=\"auto, (max-width: 1200px) 100vw, 1200px\" \/><figcaption class=\"wp-element-caption\">Ap\u00f3s a comunica\u00e7\u00e3o, o morcego \u00e9 recolhido e diagnosticado<\/figcaption><\/figure>\n<\/div>\n\n\n<p>\u201c\u00c9 importante que as pessoas continuem seguindo as recomenda\u00e7\u00f5es e nos comunicando para tomarmos as medidas preconizadas. O n\u00famero de casos deste ano, inclusive, tem rela\u00e7\u00e3o com a sensibiliza\u00e7\u00e3o da popula\u00e7\u00e3o \u00e0s orienta\u00e7\u00f5es dadas sobre o procedimento a ser adotado quando se deparar com morcegos em locais ou com comportamento incomuns\u201d, destaca.<\/p>\n\n\n\n<p>O coordenador do \u00f3rg\u00e3o ainda lembra que os morcegos s\u00e3o animais protegidos por lei, sendo considerados \u00fateis ao homem e \u00e0 natureza, devendo ser preservados. \u201cDos morcegos recolhidos, apenas uma pequena parcela \u00e9 positiva para a raiva. Eles s\u00e3o animais importantes e as pessoas n\u00e3o devem mata-los ou agredi-los.\u201d<\/p>\n\n\n\n<p>Tamb\u00e9m \u00e9 importante que c\u00e3es e gatos recebam, anualmente, a vacina antirr\u00e1bica. O imunizante \u00e9 disponibilizado gratuitamente pela VISAM, a partir de agendamento telef\u00f4nico.<\/p>\n\n\n\n<p><strong><em>(Fonte\/Imagem: Prefeitura de Jundia\u00ed)<\/em><\/strong><\/p>\n","protected":false},"excerpt":{"rendered":"<p>Ap\u00f3s a comunica\u00e7\u00e3o, o morcego \u00e9 recolhido e diagnosticado<\/p>\n","protected":false},"author":30,"featured_media":108680,"comment_status":"closed","ping_status":"0","sticky":false,"template":"","format":"standard","meta":{"footnotes":""},"categories":[8356,1,2839,8355],"tags":[],"class_list":["post-108679","post","type-post","status-publish","format-standard","has-post-thumbnail","hentry","category-jundiai","category-noticias","category-saude","category-saude-3"],"_links":{"self":[{"href":"https:\/\/tvtecjundiai.com.br\/news\/wp-json\/wp\/v2\/posts\/108679","targetHints":{"allow":["GET"]}}],"collection":[{"href":"https:\/\/tvtecjundiai.com.br\/news\/wp-json\/wp\/v2\/posts"}],"about":[{"href":"https:\/\/tvtecjundiai.com.br\/news\/wp-json\/wp\/v2\/types\/post"}],"author":[{"embeddable":true,"href":"https:\/\/tvtecjundiai.com.br\/news\/wp-json\/wp\/v2\/users\/30"}],"replies":[{"embeddable":true,"href":"https:\/\/tvtecjundiai.com.br\/news\/wp-json\/wp\/v2\/comments?post=108679"}],"version-history":[{"count":1,"href":"https:\/\/tvtecjundiai.com.br\/news\/wp-json\/wp\/v2\/posts\/108679\/revisions"}],"predecessor-version":[{"id":108681,"href":"https:\/\/tvtecjundiai.com.br\/news\/wp-json\/wp\/v2\/posts\/108679\/revisions\/108681"}],"wp:featuredmedia":[{"embeddable":true,"href":"https:\/\/tvtecjundiai.com.br\/news\/wp-json\/wp\/v2\/media\/108680"}],"wp:attachment":[{"href":"https:\/\/tvtecjundiai.com.br\/news\/wp-json\/wp\/v2\/media?parent=108679"}],"wp:term":[{"taxonomy":"category","embeddable":true,"href":"https:\/\/tvtecjundiai.com.br\/news\/wp-json\/wp\/v2\/categories?post=108679"},{"taxonomy":"post_tag","embeddable":true,"href":"https:\/\/tvtecjundiai.com.br\/news\/wp-json\/wp\/v2\/tags?post=108679"}],"curies":[{"name":"wp","href":"https:\/\/api.w.org\/{rel}","templated":true}]}}