{"id":108689,"date":"2023-05-04T09:48:29","date_gmt":"2023-05-04T12:48:29","guid":{"rendered":"https:\/\/tvtecjundiai.com.br\/news\/?p=108689"},"modified":"2023-05-04T09:48:30","modified_gmt":"2023-05-04T12:48:30","slug":"fens-abre-pre-inscricoes-para-terceira-e-quarta-edicoes-deste-ano","status":"publish","type":"post","link":"https:\/\/tvtecjundiai.com.br\/news\/2023\/05\/04\/fens-abre-pre-inscricoes-para-terceira-e-quarta-edicoes-deste-ano\/","title":{"rendered":"FENS abre pr\u00e9-inscri\u00e7\u00f5es para terceira e quarta edi\u00e7\u00f5es deste ano"},"content":{"rendered":"\n<p>O empreendedor ter\u00e1, neste ano, mais duas oportunidades para apresentar a marca, fazer networking e vender produtos e servi\u00e7os na FENS (Feira do Empreendedor, Neg\u00f3cios e Servi\u00e7os), que se transformou no maior Outlet de Jundia\u00ed e regi\u00e3o. A edi\u00e7\u00e3o da Imprensa Oficial do Munic\u00edpio desta quarta (3) traz o edital de chamamento p\u00fablico da Unidade de Gest\u00e3o de Desenvolvimento Econ\u00f4mico, Ci\u00eancia e Tecnologia (UGDECT) para interessados na terceira e quarta edi\u00e7\u00f5es da feira \u2013 que acontecem em agosto e novembro.<\/p>\n\n\n\n<p>\u201cA FENS possibilita n\u00e3o apenas a divulga\u00e7\u00e3o do trabalho dos empreendedores, como tamb\u00e9m a integra\u00e7\u00e3o entre eles. Continuaremos trabalhando para fortalecer o com\u00e9rcio local, a gera\u00e7\u00e3o de empregos e renda no munic\u00edpio\u201d, comentou o prefeito Luiz Fernando Machado.<\/p>\n\n\n<div class=\"wp-block-image\">\n<figure class=\"aligncenter size-large\"><img loading=\"lazy\" decoding=\"async\" width=\"1200\" height=\"801\" src=\"https:\/\/tvtecjundiai.com.br\/news\/wp-content\/uploads\/sites\/2\/2023\/05\/luiz-fernando-machado-abertura-2-fens-feira-do-empreendedor-negocios-e-servicos_fm_-142-1-1280x854-1-1200x801.jpg\" alt=\"\" class=\"wp-image-108690\" srcset=\"https:\/\/tvtecjundiai.com.br\/news\/wp-content\/uploads\/sites\/2\/2023\/05\/luiz-fernando-machado-abertura-2-fens-feira-do-empreendedor-negocios-e-servicos_fm_-142-1-1280x854-1-1200x801.jpg 1200w, https:\/\/tvtecjundiai.com.br\/news\/wp-content\/uploads\/sites\/2\/2023\/05\/luiz-fernando-machado-abertura-2-fens-feira-do-empreendedor-negocios-e-servicos_fm_-142-1-1280x854-1-300x200.jpg 300w, https:\/\/tvtecjundiai.com.br\/news\/wp-content\/uploads\/sites\/2\/2023\/05\/luiz-fernando-machado-abertura-2-fens-feira-do-empreendedor-negocios-e-servicos_fm_-142-1-1280x854-1-768x512.jpg 768w, https:\/\/tvtecjundiai.com.br\/news\/wp-content\/uploads\/sites\/2\/2023\/05\/luiz-fernando-machado-abertura-2-fens-feira-do-empreendedor-negocios-e-servicos_fm_-142-1-1280x854-1.jpg 1280w\" sizes=\"auto, (max-width: 1200px) 100vw, 1200px\" \/><figcaption class=\"wp-element-caption\">Prefeito Luiz Fernando Machado destaca a\u00e7\u00f5es para o fortalecimento do com\u00e9rcio local<\/figcaption><\/figure>\n<\/div>\n\n\n<p>A participa\u00e7\u00e3o \u00e9 totalmente custeada pela Prefeitura de Jundia\u00ed, como forma de potencializar o com\u00e9rcio e fomentar o empreendedorismo na cidade. A exemplo da edi\u00e7\u00e3o passada, realizada em mar\u00e7o, est\u00e3o mantidos os dois finais de semana de evento (com empresas diferentes de um final de semana para o outro) e tamb\u00e9m a disponibiliza\u00e7\u00e3o de 220 estandes, al\u00e9m de 25 pontos para foodtrucks.<\/p>\n\n\n\n<p>A terceira edi\u00e7\u00e3o da FENS ser\u00e1 nos dias 18, 19, 20, 25, 26 e 27 de agosto. J\u00e1 a quarta edi\u00e7\u00e3o acontecer\u00e1 dias 24, 25 e 26 de novembro, 1, 2 e 3 de dezembro. \u00c0s sextas, a feira funcionar\u00e1 das 12h \u00e0s 22h; aos s\u00e1bados, das 10h \u00e0s 22h; e nos domingos, das 10h \u00e0s 20h. O local \u00e9 o Parque Comendador Ant\u00f4nio Carbonari, o \u201cParque da Uva\u201d, que tamb\u00e9m conta com atra\u00e7\u00f5es musicais e art\u00edsticas, pra\u00e7a de alimenta\u00e7\u00e3o, recrea\u00e7\u00e3o e brincadeiras para as crian\u00e7as.<\/p>\n\n\n\n<p><strong>Inscri\u00e7\u00e3o<\/strong><\/p>\n\n\n\n<p>Os interessados poder\u00e3o efetuar a pr\u00e9-inscri\u00e7\u00e3o somente por meio do formul\u00e1rio Google Forms,&nbsp;<a href=\"https:\/\/docs.google.com\/forms\/d\/e\/1FAIpQLSfJ--DA0XRWyJy7oHompDaavyH6_y6tlvyCoJE28JeT0lTxyg\/closedform\" target=\"_blank\" rel=\"noreferrer noopener\">pelo link<\/a>, no per\u00edodo de 4 de maio a 21 de agosto de 2023. Ele estar\u00e1 dispon\u00edvel, tamb\u00e9m, pelo&nbsp;<a rel=\"noreferrer noopener\" href=\"https:\/\/negocios.jundiai.sp.gov.br\/\" target=\"_blank\">portal Jundia\u00ed Empreendedora<\/a>.<\/p>\n\n\n<div class=\"wp-block-image\">\n<figure class=\"aligncenter size-large\"><img loading=\"lazy\" decoding=\"async\" width=\"1200\" height=\"900\" src=\"https:\/\/tvtecjundiai.com.br\/news\/wp-content\/uploads\/sites\/2\/2023\/05\/img-4910-1280x960-1-1200x900.jpg\" alt=\"\" class=\"wp-image-108691\" srcset=\"https:\/\/tvtecjundiai.com.br\/news\/wp-content\/uploads\/sites\/2\/2023\/05\/img-4910-1280x960-1-1200x900.jpg 1200w, https:\/\/tvtecjundiai.com.br\/news\/wp-content\/uploads\/sites\/2\/2023\/05\/img-4910-1280x960-1-300x225.jpg 300w, https:\/\/tvtecjundiai.com.br\/news\/wp-content\/uploads\/sites\/2\/2023\/05\/img-4910-1280x960-1-768x576.jpg 768w, https:\/\/tvtecjundiai.com.br\/news\/wp-content\/uploads\/sites\/2\/2023\/05\/img-4910-1280x960-1.jpg 1280w\" sizes=\"auto, (max-width: 1200px) 100vw, 1200px\" \/><figcaption class=\"wp-element-caption\">Quase 30 mil pessoas passaram pela FENS nos dois finais de semana de mar\u00e7o, no Parque da Uva<\/figcaption><\/figure>\n<\/div>\n\n\n<p>Para participar da FENS \u00e9 necess\u00e1rio ser pessoa jur\u00eddica, nas modalidades Microempreendedor Individual (MEI), Microempresa (ME) e Empresa de Pequeno Porte (EPP) em Jundia\u00ed. Confira as\u00a0<a rel=\"noreferrer noopener\" href=\"https:\/\/drive.google.com\/file\/d\/1Ky-dCz7bXh_KAjuzpCDdTLrcuy72LUZB\/view?usp=share_link\" target=\"_blank\">regras no edital<\/a>.<\/p>\n\n\n\n<p>Idealizador da feira, o gestor de Desenvolvimento Econ\u00f4mico, Ci\u00eancia e Tecnologia, Cristiano Lopes, ressaltou a import\u00e2ncia do evento para quem empreende na cidade. \u201cAs duas primeiras edi\u00e7\u00f5es da FENS foram um sucesso, com a \u00faltima, em mar\u00e7o, atingindo um&nbsp;<a href=\"https:\/\/jundiai.sp.gov.br\/noticias\/2023\/03\/16\/ampliada-fens-gera-r-15-mi-em-faturamento-e-reune-quase-30-mil-pessoas\/\" target=\"_blank\" rel=\"noreferrer noopener\">faturamento de R$ 1,5 milh\u00e3o<\/a>&nbsp;para os empreendedores. Aumentamos a estrutura da feira, colocamos mais um final de semana para dar oportunidade a mais empreendedores participarem e isso deu muito certo. Esse trabalho para incentivar a cultura do empreendedorismo e construir um ambiente de gera\u00e7\u00e3o de neg\u00f3cios \u00e9 cont\u00ednuo e mostra que estamos no caminho certo\u201d.<\/p>\n\n\n<div class=\"wp-block-image\">\n<figure class=\"aligncenter size-large\"><img loading=\"lazy\" decoding=\"async\" width=\"1200\" height=\"801\" src=\"https:\/\/tvtecjundiai.com.br\/news\/wp-content\/uploads\/sites\/2\/2023\/05\/2-fens-feira-do-empreendedor-negocios-e-servicos_fm_-58-1280x854-1-1200x801.jpg\" alt=\"\" class=\"wp-image-108692\" srcset=\"https:\/\/tvtecjundiai.com.br\/news\/wp-content\/uploads\/sites\/2\/2023\/05\/2-fens-feira-do-empreendedor-negocios-e-servicos_fm_-58-1280x854-1-1200x801.jpg 1200w, https:\/\/tvtecjundiai.com.br\/news\/wp-content\/uploads\/sites\/2\/2023\/05\/2-fens-feira-do-empreendedor-negocios-e-servicos_fm_-58-1280x854-1-300x200.jpg 300w, https:\/\/tvtecjundiai.com.br\/news\/wp-content\/uploads\/sites\/2\/2023\/05\/2-fens-feira-do-empreendedor-negocios-e-servicos_fm_-58-1280x854-1-768x512.jpg 768w, https:\/\/tvtecjundiai.com.br\/news\/wp-content\/uploads\/sites\/2\/2023\/05\/2-fens-feira-do-empreendedor-negocios-e-servicos_fm_-58-1280x854-1.jpg 1280w\" sizes=\"auto, (max-width: 1200px) 100vw, 1200px\" \/><figcaption class=\"wp-element-caption\">Empreendedores t\u00eam oportunidade de apresentar produtos e servi\u00e7os \u00e0 popula\u00e7\u00e3o<\/figcaption><\/figure>\n<\/div>\n\n\n<p>O gestor de Governo e Finan\u00e7as, Jos\u00e9 Antonio Parimoschi, lembra que um dos eixos do Programa de Governo \u00e9 o est\u00edmulo \u00e0 economia local, al\u00e9m de atrair novas empresas e neg\u00f3cios para Jundia\u00ed. \u201cO poder p\u00fablico \u00e9 parceiro dos empreendedores, queremos andar juntos com eles, dando o suporte que precisam para prosperarem. Trabalhamos para fomentar novos neg\u00f3cios e desburocratizar os processos para os empres\u00e1rios. Temos a miss\u00e3o de promover e alavancar a economia, al\u00e9m de gerar novas oportunidades, sem perder a nossa qualidade de vida\u201d.<\/p>\n\n\n\n<p><strong><em>(Fonte\/Imagem: Prefeitura de Jundia\u00ed)<\/em><\/strong><\/p>\n","protected":false},"excerpt":{"rendered":"<p>Empreendedores t\u00eam oportunidade de apresentar produtos e servi\u00e7os \u00e0 popula\u00e7\u00e3o<\/p>\n","protected":false},"author":30,"featured_media":108691,"comment_status":"closed","ping_status":"0","sticky":false,"template":"","format":"standard","meta":{"footnotes":""},"categories":[8356,1,2824],"tags":[],"class_list":["post-108689","post","type-post","status-publish","format-standard","has-post-thumbnail","hentry","category-jundiai","category-noticias","category-variedades"],"_links":{"self":[{"href":"https:\/\/tvtecjundiai.com.br\/news\/wp-json\/wp\/v2\/posts\/108689","targetHints":{"allow":["GET"]}}],"collection":[{"href":"https:\/\/tvtecjundiai.com.br\/news\/wp-json\/wp\/v2\/posts"}],"about":[{"href":"https:\/\/tvtecjundiai.com.br\/news\/wp-json\/wp\/v2\/types\/post"}],"author":[{"embeddable":true,"href":"https:\/\/tvtecjundiai.com.br\/news\/wp-json\/wp\/v2\/users\/30"}],"replies":[{"embeddable":true,"href":"https:\/\/tvtecjundiai.com.br\/news\/wp-json\/wp\/v2\/comments?post=108689"}],"version-history":[{"count":1,"href":"https:\/\/tvtecjundiai.com.br\/news\/wp-json\/wp\/v2\/posts\/108689\/revisions"}],"predecessor-version":[{"id":108693,"href":"https:\/\/tvtecjundiai.com.br\/news\/wp-json\/wp\/v2\/posts\/108689\/revisions\/108693"}],"wp:featuredmedia":[{"embeddable":true,"href":"https:\/\/tvtecjundiai.com.br\/news\/wp-json\/wp\/v2\/media\/108691"}],"wp:attachment":[{"href":"https:\/\/tvtecjundiai.com.br\/news\/wp-json\/wp\/v2\/media?parent=108689"}],"wp:term":[{"taxonomy":"category","embeddable":true,"href":"https:\/\/tvtecjundiai.com.br\/news\/wp-json\/wp\/v2\/categories?post=108689"},{"taxonomy":"post_tag","embeddable":true,"href":"https:\/\/tvtecjundiai.com.br\/news\/wp-json\/wp\/v2\/tags?post=108689"}],"curies":[{"name":"wp","href":"https:\/\/api.w.org\/{rel}","templated":true}]}}