{"id":108697,"date":"2023-05-04T10:58:10","date_gmt":"2023-05-04T13:58:10","guid":{"rendered":"https:\/\/tvtecjundiai.com.br\/news\/?p=108697"},"modified":"2023-05-04T10:58:16","modified_gmt":"2023-05-04T13:58:16","slug":"saude-inicia-programacao-do-mes-da-luta-antimanicomial","status":"publish","type":"post","link":"https:\/\/tvtecjundiai.com.br\/news\/2023\/05\/04\/saude-inicia-programacao-do-mes-da-luta-antimanicomial\/","title":{"rendered":"Sa\u00fade inicia programa\u00e7\u00e3o do M\u00eas da Luta Antimanicomial"},"content":{"rendered":"\n<p>Com uma roda de conversa com a psic\u00f3loga e precursora dos processos de desinstitucionaliza\u00e7\u00e3o no Estado de S\u00e3o Paulo, Mirsa Dellosi, foram abertas na \u00faltima quarta-feira (3) as atividades do M\u00eas de Luta Antimanicomial, promovidas pela Coordena\u00e7\u00e3o de Sa\u00fade Mental da Unidade de Gest\u00e3o de Promo\u00e7\u00e3o da Sa\u00fade (UGPS). O evento ocorreu na Escola de Governo de Jundia\u00ed.<\/p>\n\n\n\n<p>Neste ano, as a\u00e7\u00f5es tem como tema \u201cSa\u00fade Mental e o Direito \u00e0 Cidade: constru\u00e7\u00f5es e reinven\u00e7\u00f5es poss\u00edveis para o habitar em liberdade\u201d. Mirsa trouxe sua viv\u00eancia no processo de fechamento de manic\u00f4mios, al\u00e9m de atualiza\u00e7\u00f5es sobre a Reforma Psiqui\u00e1trica Brasileira.<\/p>\n\n\n<div class=\"wp-block-image\">\n<figure class=\"aligncenter size-large is-resized\"><img loading=\"lazy\" decoding=\"async\" src=\"https:\/\/tvtecjundiai.com.br\/news\/wp-content\/uploads\/sites\/2\/2023\/05\/abertura_mes_de_luta_antimanicomial_pa-41-1280x854-1-1200x801.jpg\" alt=\"A psic\u00f3loga destacou a import\u00e2ncia da pol\u00edtica de sa\u00fade mental de Jundia\u00ed\" class=\"wp-image-108698\" width=\"840\" height=\"560\" srcset=\"https:\/\/tvtecjundiai.com.br\/news\/wp-content\/uploads\/sites\/2\/2023\/05\/abertura_mes_de_luta_antimanicomial_pa-41-1280x854-1-1200x801.jpg 1200w, https:\/\/tvtecjundiai.com.br\/news\/wp-content\/uploads\/sites\/2\/2023\/05\/abertura_mes_de_luta_antimanicomial_pa-41-1280x854-1-300x200.jpg 300w, https:\/\/tvtecjundiai.com.br\/news\/wp-content\/uploads\/sites\/2\/2023\/05\/abertura_mes_de_luta_antimanicomial_pa-41-1280x854-1-768x512.jpg 768w, https:\/\/tvtecjundiai.com.br\/news\/wp-content\/uploads\/sites\/2\/2023\/05\/abertura_mes_de_luta_antimanicomial_pa-41-1280x854-1.jpg 1280w\" sizes=\"auto, (max-width: 840px) 100vw, 840px\" \/><figcaption class=\"wp-element-caption\">A psic\u00f3loga destacou a import\u00e2ncia da pol\u00edtica de sa\u00fade mental de Jundia\u00ed<\/figcaption><\/figure>\n<\/div>\n\n\n<p>\u201cO cuidado em liberdade, o respeito e o direito de ir e vir s\u00e3o fundamentais. Trancar n\u00e3o \u00e9 tratar. Jundia\u00ed tem uma pol\u00edtica de sa\u00fade mental j\u00e1 tra\u00e7ada e implantada. \u00c9 uma cidade que est\u00e1 de parab\u00e9ns por suas a\u00e7\u00f5es e por mobilizar a sociedade em torno da Luta Antimanicomial\u201d, acrescentou.<\/p>\n\n\n\n<p>Para o Coordenador de Sa\u00fade Mental da UGPS, Alexandre Moreno Sandri, o evento foi positivo, ao reunir trabalhadores e usu\u00e1rios dos servi\u00e7os, e uma especialista que vivenciou o processo. \u201cAnualmente, no m\u00eas de maio, fazemos quest\u00e3o de reiterar a import\u00e2ncia da desinstitucionaliza\u00e7\u00e3o das pessoas com transtornos mentais e da retomada da vida na cidade, celebrando o movimento de Reforma Psiqui\u00e1trica Brasileira. Ainda temos desafios, mas os avan\u00e7os alcan\u00e7ados s\u00e3o importantes, pois a inclus\u00e3o \u00e9 o melhor cuidado\u201d, afirmou.<\/p>\n\n\n\n<p><strong>Programa\u00e7\u00e3o<\/strong><br>Nesta sexta-feira (5), das 13h \u00e0s 16h, a programa\u00e7\u00e3o continua com interven\u00e7\u00e3o e caminhada na regi\u00e3o central, com trabalhadores e usu\u00e1rios dos servi\u00e7os de sa\u00fade mental da cidade. A a\u00e7\u00e3o integra as atividades da Sexta no Centro.<\/p>\n\n\n\n<p>No dia 11, das 8h30 \u00e0s 17h, ser\u00e1 promovido o F\u00f3rum da Luta Antimanicomial, no Sesc Jundia\u00ed. As inscri\u00e7\u00f5es est\u00e3o abertas e podem ser feitas no\u00a0<a href=\"https:\/\/forms.gle\/dhURhi3CNzLwMCfd8\">link<\/a>. As vagas s\u00e3o limitadas.<\/p>\n\n\n\n<p><strong><em>(Fonte\/Imagem: Prefeitura de Jundia\u00ed)<\/em><\/strong><\/p>\n","protected":false},"excerpt":{"rendered":"<p>A psic\u00f3loga destacou a import\u00e2ncia da pol\u00edtica de sa\u00fade mental de Jundia\u00ed<\/p>\n","protected":false},"author":30,"featured_media":108698,"comment_status":"closed","ping_status":"0","sticky":false,"template":"","format":"standard","meta":{"footnotes":""},"categories":[8356,1,2839,8355],"tags":[],"class_list":["post-108697","post","type-post","status-publish","format-standard","has-post-thumbnail","hentry","category-jundiai","category-noticias","category-saude","category-saude-3"],"_links":{"self":[{"href":"https:\/\/tvtecjundiai.com.br\/news\/wp-json\/wp\/v2\/posts\/108697","targetHints":{"allow":["GET"]}}],"collection":[{"href":"https:\/\/tvtecjundiai.com.br\/news\/wp-json\/wp\/v2\/posts"}],"about":[{"href":"https:\/\/tvtecjundiai.com.br\/news\/wp-json\/wp\/v2\/types\/post"}],"author":[{"embeddable":true,"href":"https:\/\/tvtecjundiai.com.br\/news\/wp-json\/wp\/v2\/users\/30"}],"replies":[{"embeddable":true,"href":"https:\/\/tvtecjundiai.com.br\/news\/wp-json\/wp\/v2\/comments?post=108697"}],"version-history":[{"count":1,"href":"https:\/\/tvtecjundiai.com.br\/news\/wp-json\/wp\/v2\/posts\/108697\/revisions"}],"predecessor-version":[{"id":108699,"href":"https:\/\/tvtecjundiai.com.br\/news\/wp-json\/wp\/v2\/posts\/108697\/revisions\/108699"}],"wp:featuredmedia":[{"embeddable":true,"href":"https:\/\/tvtecjundiai.com.br\/news\/wp-json\/wp\/v2\/media\/108698"}],"wp:attachment":[{"href":"https:\/\/tvtecjundiai.com.br\/news\/wp-json\/wp\/v2\/media?parent=108697"}],"wp:term":[{"taxonomy":"category","embeddable":true,"href":"https:\/\/tvtecjundiai.com.br\/news\/wp-json\/wp\/v2\/categories?post=108697"},{"taxonomy":"post_tag","embeddable":true,"href":"https:\/\/tvtecjundiai.com.br\/news\/wp-json\/wp\/v2\/tags?post=108697"}],"curies":[{"name":"wp","href":"https:\/\/api.w.org\/{rel}","templated":true}]}}