{"id":108700,"date":"2023-05-04T11:00:12","date_gmt":"2023-05-04T14:00:12","guid":{"rendered":"https:\/\/tvtecjundiai.com.br\/news\/?p=108700"},"modified":"2023-05-04T11:00:13","modified_gmt":"2023-05-04T14:00:13","slug":"projeto-de-inclusao-de-jovens-de-jundiai-e-premiado-pela-mercedes-benz","status":"publish","type":"post","link":"https:\/\/tvtecjundiai.com.br\/news\/2023\/05\/04\/projeto-de-inclusao-de-jovens-de-jundiai-e-premiado-pela-mercedes-benz\/","title":{"rendered":"Projeto de inclus\u00e3o de jovens de Jundia\u00ed \u00e9 premiado pela Mercedes-Benz"},"content":{"rendered":"\n<p>O projeto de inclus\u00e3o de jovens em situa\u00e7\u00e3o de vulnerabilidade social, \u2013 assistidos pela Unidade de Gest\u00e3o de Assist\u00eancia e Desenvolvimento Social (UGADS) da Prefeitura de Jundia\u00ed -, desenvolvido a partir de parceria da metal\u00fargica SKF, foi premiado pela Mercedes-Benz. O pr\u00eamio visa estimular e divulgar o desenvolvimento e comprometimento sustent\u00e1vel implantado na rede alem\u00e3, abrangendo n\u00e3o somente as concession\u00e1rias da rede, como os fornecedores. A Escola de Gest\u00e3o P\u00fablica de Jundia\u00ed tamb\u00e9m \u00e9 parceira do projeto.<\/p>\n\n\n\n<p>O curso de linguagem de programa\u00e7\u00e3o Python, oferecido gratuitamente pela SKF a jovens com 15 anos ou mais, foi contemplado com o Pr\u00eamio Mercedes-Benz de Responsabilidade Socioambiental. Iniciado em 2020, o curso j\u00e1 formou 36 jovens, dos quais tr\u00eas foram contratados pela empresa metal\u00fargica, que tem sede em Cajamar. O objetivo do curso \u00e9 proporcionar aos jovens uma oportunidade de aprendizado e desenvolvimento profissional na \u00e1rea de programa\u00e7\u00e3o, uma das mais promissoras e demandadas do mercado de trabalho atualmente. \u201cA iniciativa da SKF contribui para a inclus\u00e3o social e a redu\u00e7\u00e3o das desigualdades, j\u00e1 que o curso \u00e9 voltado para jovens de baixa renda e sem acesso a outras oportunidades de capacita\u00e7\u00e3o. Com o reconhecimento do Pr\u00eamio Mercedes-Benz de Responsabilidade Socioambiental, a SKF reafirma seu compromisso com a responsabilidade social e a sustentabilidade, contribuindo para a forma\u00e7\u00e3o de uma sociedade mais justa e inclusiva\u201d, disse o diretor de Tecnologia da Informa\u00e7\u00e3o da SKF, Marcelo Camargo.<\/p>\n\n\n<div class=\"wp-block-image\">\n<figure class=\"aligncenter size-large is-resized\"><img loading=\"lazy\" decoding=\"async\" src=\"https:\/\/tvtecjundiai.com.br\/news\/wp-content\/uploads\/sites\/2\/2023\/05\/ugads-reuniao-com-marcelo-camargo-da-skf_fm_-24-3-1280x854-1-1200x801.jpg\" alt=\"\" class=\"wp-image-108702\" width=\"738\" height=\"492\" srcset=\"https:\/\/tvtecjundiai.com.br\/news\/wp-content\/uploads\/sites\/2\/2023\/05\/ugads-reuniao-com-marcelo-camargo-da-skf_fm_-24-3-1280x854-1-1200x801.jpg 1200w, https:\/\/tvtecjundiai.com.br\/news\/wp-content\/uploads\/sites\/2\/2023\/05\/ugads-reuniao-com-marcelo-camargo-da-skf_fm_-24-3-1280x854-1-300x200.jpg 300w, https:\/\/tvtecjundiai.com.br\/news\/wp-content\/uploads\/sites\/2\/2023\/05\/ugads-reuniao-com-marcelo-camargo-da-skf_fm_-24-3-1280x854-1-768x512.jpg 768w, https:\/\/tvtecjundiai.com.br\/news\/wp-content\/uploads\/sites\/2\/2023\/05\/ugads-reuniao-com-marcelo-camargo-da-skf_fm_-24-3-1280x854-1.jpg 1280w\" sizes=\"auto, (max-width: 738px) 100vw, 738px\" \/><figcaption class=\"wp-element-caption\">Trof\u00e9u do Pr\u00eamio Mercedes-Benz de Responsabilidade Socioambiental<\/figcaption><\/figure>\n<\/div>\n\n\n<p>\u201cEssa parceria \u00e9 muito importante pra n\u00f3s. E a proposta da empresa vai ao encontro das iniciativas do setor de Inclus\u00e3o Produtiva da UGADS, para a capacita\u00e7\u00e3o de jovens em situa\u00e7\u00e3o de vulnerabilidade social, para que eles cres\u00e7am e tenham muitas oportunidades. O reconhecimento do projeto por uma empresa multinacional, como a Mercedes-Benz, demonstra que a jun\u00e7\u00e3o entre a iniciativa privada e o poder p\u00fablico, para o desenvolvimento de oportunidades \u00e9 essencial para a sociedade\u201d, destacou o diretor do Departamento de Planejamento, Gest\u00e3o e Finan\u00e7as da UGADS, Lucas Vicente Rodrigues.<\/p>\n\n\n\n<p><strong>NOVA TURMA<\/strong><\/p>\n\n\n\n<p>O processo seletivo para a pr\u00f3xima turma ser\u00e1 este m\u00eas. Como as plantas da empresa encontram-se localizadas em Cajamar, o curso tamb\u00e9m conta com jovens referenciados pela rede socioassistencial da cidade. \u00c9 uma parceria com a Prefeitura de Jundia\u00ed, atrav\u00e9s da Unidade de Gest\u00e3o de Assist\u00eancia e Desenvolvimento Social (UGADS), com a Secretaria Municipal de Desenvolvimento Social da Prefeitura de Cajamar. As aulas est\u00e3o previstas para acontecerem de julho a outubro.<\/p>\n\n\n<div class=\"wp-block-image\">\n<figure class=\"aligncenter size-large is-resized\"><img loading=\"lazy\" decoding=\"async\" src=\"https:\/\/tvtecjundiai.com.br\/news\/wp-content\/uploads\/sites\/2\/2023\/05\/ugads-reuniao-com-marcelo-camargo-da-skf_fm_-1-2-1280x854-1-1200x801.jpg\" alt=\"\" class=\"wp-image-108701\" width=\"732\" height=\"488\" srcset=\"https:\/\/tvtecjundiai.com.br\/news\/wp-content\/uploads\/sites\/2\/2023\/05\/ugads-reuniao-com-marcelo-camargo-da-skf_fm_-1-2-1280x854-1-1200x801.jpg 1200w, https:\/\/tvtecjundiai.com.br\/news\/wp-content\/uploads\/sites\/2\/2023\/05\/ugads-reuniao-com-marcelo-camargo-da-skf_fm_-1-2-1280x854-1-300x200.jpg 300w, https:\/\/tvtecjundiai.com.br\/news\/wp-content\/uploads\/sites\/2\/2023\/05\/ugads-reuniao-com-marcelo-camargo-da-skf_fm_-1-2-1280x854-1-768x512.jpg 768w, https:\/\/tvtecjundiai.com.br\/news\/wp-content\/uploads\/sites\/2\/2023\/05\/ugads-reuniao-com-marcelo-camargo-da-skf_fm_-1-2-1280x854-1.jpg 1280w\" sizes=\"auto, (max-width: 732px) 100vw, 732px\" \/><figcaption class=\"wp-element-caption\">Profissionais da UGADS parabenizaram a SKF<\/figcaption><\/figure>\n<\/div>\n\n\n<p><strong><em>(Fonte\/Imagem: Prefeitura de Jundia\u00ed)<\/em><\/strong><\/p>\n","protected":false},"excerpt":{"rendered":"<p>Profissionais da UGADS parabenizaram a SKF<\/p>\n","protected":false},"author":30,"featured_media":108701,"comment_status":"closed","ping_status":"0","sticky":false,"template":"","format":"standard","meta":{"footnotes":""},"categories":[8356,1],"tags":[],"class_list":["post-108700","post","type-post","status-publish","format-standard","has-post-thumbnail","hentry","category-jundiai","category-noticias"],"_links":{"self":[{"href":"https:\/\/tvtecjundiai.com.br\/news\/wp-json\/wp\/v2\/posts\/108700","targetHints":{"allow":["GET"]}}],"collection":[{"href":"https:\/\/tvtecjundiai.com.br\/news\/wp-json\/wp\/v2\/posts"}],"about":[{"href":"https:\/\/tvtecjundiai.com.br\/news\/wp-json\/wp\/v2\/types\/post"}],"author":[{"embeddable":true,"href":"https:\/\/tvtecjundiai.com.br\/news\/wp-json\/wp\/v2\/users\/30"}],"replies":[{"embeddable":true,"href":"https:\/\/tvtecjundiai.com.br\/news\/wp-json\/wp\/v2\/comments?post=108700"}],"version-history":[{"count":1,"href":"https:\/\/tvtecjundiai.com.br\/news\/wp-json\/wp\/v2\/posts\/108700\/revisions"}],"predecessor-version":[{"id":108703,"href":"https:\/\/tvtecjundiai.com.br\/news\/wp-json\/wp\/v2\/posts\/108700\/revisions\/108703"}],"wp:featuredmedia":[{"embeddable":true,"href":"https:\/\/tvtecjundiai.com.br\/news\/wp-json\/wp\/v2\/media\/108701"}],"wp:attachment":[{"href":"https:\/\/tvtecjundiai.com.br\/news\/wp-json\/wp\/v2\/media?parent=108700"}],"wp:term":[{"taxonomy":"category","embeddable":true,"href":"https:\/\/tvtecjundiai.com.br\/news\/wp-json\/wp\/v2\/categories?post=108700"},{"taxonomy":"post_tag","embeddable":true,"href":"https:\/\/tvtecjundiai.com.br\/news\/wp-json\/wp\/v2\/tags?post=108700"}],"curies":[{"name":"wp","href":"https:\/\/api.w.org\/{rel}","templated":true}]}}