{"id":108706,"date":"2023-05-04T13:50:57","date_gmt":"2023-05-04T16:50:57","guid":{"rendered":"https:\/\/tvtecjundiai.com.br\/news\/?p=108706"},"modified":"2023-05-04T13:50:57","modified_gmt":"2023-05-04T16:50:57","slug":"nova-exposicao-na-biblioteca-traz-obras-inspiradas-no-solar-da-marquesa-de-santos","status":"publish","type":"post","link":"https:\/\/tvtecjundiai.com.br\/news\/2023\/05\/04\/nova-exposicao-na-biblioteca-traz-obras-inspiradas-no-solar-da-marquesa-de-santos\/","title":{"rendered":"Nova exposi\u00e7\u00e3o na Biblioteca traz obras inspiradas no Solar da Marquesa de Santos"},"content":{"rendered":"\n<p>\u201cJardins de Tit\u00edlia\u201d, da artista pl\u00e1stica e fot\u00f3grafa Cristina Hautz, \u00e9 a nova exposi\u00e7\u00e3o da Biblioteca Municipal Professor Nelson Foot e que ficar\u00e1 montada para visita\u00e7\u00e3o gratuita at\u00e9 o dia 30 de maio, no Espa\u00e7o de exposi\u00e7\u00f5es S\u00f4nia Cintra.<\/p>\n\n\n\n<p><a href=\"https:\/\/cultura.jundiai.sp.gov.br\/exposicoes\/jardins-de-titilia\/\" target=\"_blank\" rel=\"noreferrer noopener\">CONFIRA AS FOTOS<\/a><\/p>\n\n\n\n<p>A mostra traz pe\u00e7as inspiradas nos afrescos do Solar de Domitila de Castro Canto e Melo, tamb\u00e9m conhecida como Marquesa de Santos. Tem ainda inspira\u00e7\u00e3o no livro \u201cTit\u00edlia e Dermon\u00e3o\u201d, livro em que Paula Rezzutti conta a hist\u00f3ria de amor entre a marquesa e o imperador Dom Pedro I.<\/p>\n\n\n\n<p>A Biblioteca Municipal fica na avenida Dr. Cavalcanti, 396 \u2013 Complexo Argos, e funciona de segunda a sexta-feira, das 9h \u00e0s 21h e, aos s\u00e1bados, das 10h \u00e0s 17h. Mais informa\u00e7\u00f5es pelo telefone 4527-2110.<\/p>\n\n\n<div class=\"wp-block-image\">\n<figure class=\"aligncenter size-large is-resized\"><img loading=\"lazy\" decoding=\"async\" src=\"https:\/\/tvtecjundiai.com.br\/news\/wp-content\/uploads\/sites\/2\/2023\/05\/exposicao-jardins-de-titilia-artista-cristina-hautz_fm_-17-1-1280x854-1-1200x801.jpg\" alt=\"\" class=\"wp-image-108707\" width=\"796\" height=\"531\" srcset=\"https:\/\/tvtecjundiai.com.br\/news\/wp-content\/uploads\/sites\/2\/2023\/05\/exposicao-jardins-de-titilia-artista-cristina-hautz_fm_-17-1-1280x854-1-1200x801.jpg 1200w, https:\/\/tvtecjundiai.com.br\/news\/wp-content\/uploads\/sites\/2\/2023\/05\/exposicao-jardins-de-titilia-artista-cristina-hautz_fm_-17-1-1280x854-1-300x200.jpg 300w, https:\/\/tvtecjundiai.com.br\/news\/wp-content\/uploads\/sites\/2\/2023\/05\/exposicao-jardins-de-titilia-artista-cristina-hautz_fm_-17-1-1280x854-1-768x512.jpg 768w, https:\/\/tvtecjundiai.com.br\/news\/wp-content\/uploads\/sites\/2\/2023\/05\/exposicao-jardins-de-titilia-artista-cristina-hautz_fm_-17-1-1280x854-1.jpg 1280w\" sizes=\"auto, (max-width: 796px) 100vw, 796px\" \/><figcaption class=\"wp-element-caption\">Exposi\u00e7\u00e3o pode ser visitada gratuitamente, at\u00e9 o dia 30 de maio, no Espa\u00e7o de exposi\u00e7\u00f5es S\u00f4nia Cintra da Biblioteca<\/figcaption><\/figure>\n<\/div>\n\n\n<p><strong><em>(Fonte\/Imagem: Prefeitura de Jundia\u00ed)<\/em><\/strong><\/p>\n","protected":false},"excerpt":{"rendered":"<p>Exposi\u00e7\u00e3o pode ser visitada gratuitamente, at\u00e9 o dia 30 de maio<\/p>\n","protected":false},"author":30,"featured_media":108707,"comment_status":"closed","ping_status":"0","sticky":false,"template":"","format":"standard","meta":{"footnotes":""},"categories":[2833,8356,1],"tags":[],"class_list":["post-108706","post","type-post","status-publish","format-standard","has-post-thumbnail","hentry","category-cultura","category-jundiai","category-noticias"],"_links":{"self":[{"href":"https:\/\/tvtecjundiai.com.br\/news\/wp-json\/wp\/v2\/posts\/108706","targetHints":{"allow":["GET"]}}],"collection":[{"href":"https:\/\/tvtecjundiai.com.br\/news\/wp-json\/wp\/v2\/posts"}],"about":[{"href":"https:\/\/tvtecjundiai.com.br\/news\/wp-json\/wp\/v2\/types\/post"}],"author":[{"embeddable":true,"href":"https:\/\/tvtecjundiai.com.br\/news\/wp-json\/wp\/v2\/users\/30"}],"replies":[{"embeddable":true,"href":"https:\/\/tvtecjundiai.com.br\/news\/wp-json\/wp\/v2\/comments?post=108706"}],"version-history":[{"count":1,"href":"https:\/\/tvtecjundiai.com.br\/news\/wp-json\/wp\/v2\/posts\/108706\/revisions"}],"predecessor-version":[{"id":108708,"href":"https:\/\/tvtecjundiai.com.br\/news\/wp-json\/wp\/v2\/posts\/108706\/revisions\/108708"}],"wp:featuredmedia":[{"embeddable":true,"href":"https:\/\/tvtecjundiai.com.br\/news\/wp-json\/wp\/v2\/media\/108707"}],"wp:attachment":[{"href":"https:\/\/tvtecjundiai.com.br\/news\/wp-json\/wp\/v2\/media?parent=108706"}],"wp:term":[{"taxonomy":"category","embeddable":true,"href":"https:\/\/tvtecjundiai.com.br\/news\/wp-json\/wp\/v2\/categories?post=108706"},{"taxonomy":"post_tag","embeddable":true,"href":"https:\/\/tvtecjundiai.com.br\/news\/wp-json\/wp\/v2\/tags?post=108706"}],"curies":[{"name":"wp","href":"https:\/\/api.w.org\/{rel}","templated":true}]}}