{"id":108709,"date":"2023-05-04T13:55:19","date_gmt":"2023-05-04T16:55:19","guid":{"rendered":"https:\/\/tvtecjundiai.com.br\/news\/?p=108709"},"modified":"2023-05-04T13:55:22","modified_gmt":"2023-05-04T16:55:22","slug":"emeb-antonino-messina-recebe-palestras-sobre-seguranca-no-transito","status":"publish","type":"post","link":"https:\/\/tvtecjundiai.com.br\/news\/2023\/05\/04\/emeb-antonino-messina-recebe-palestras-sobre-seguranca-no-transito\/","title":{"rendered":"EMEB Antonino Messina recebe palestras sobre seguran\u00e7a no tr\u00e2nsito"},"content":{"rendered":"\n<p>A organiza\u00e7\u00e3o do tr\u00e2nsito a partir das cores do sem\u00e1foro (verde, amarelo e vermelho), a proibi\u00e7\u00e3o do uso de celular enquanto se dirige, e a import\u00e2ncia do uso de cinto de seguran\u00e7a e da travessia nas faixas exclusivas para pedestres foram alguns dos assuntos das palestras de Educa\u00e7\u00e3o para o Tr\u00e2nsito, nesta primeira semana do Maio Amarelo em Jundia\u00ed, na EMEB Antonino Messina, no Jardim Bonfiglioli.<\/p>\n\n\n\n<p>A atividade organizada pela Unidade de Gest\u00e3o de Mobilidade e Transporte (UGMT), em parceria com a Unidade de Gest\u00e3o de Educa\u00e7\u00e3o (UGE), foi destinada a crian\u00e7as de 7 e 8 anos que interagiram com o agente de tr\u00e2nsito Vagner Quintiliano e o mascote Vaguinho, enquanto aprenderam sobre como devemos agir para evitar sinistros no tr\u00e2nsito, preservando a vida.<\/p>\n\n\n<div class=\"wp-block-image\">\n<figure class=\"aligncenter size-large is-resized\"><img loading=\"lazy\" decoding=\"async\" src=\"https:\/\/tvtecjundiai.com.br\/news\/wp-content\/uploads\/sites\/2\/2023\/05\/ugmt-palestra-maio-amarelo-emeb-antonio-messina-2-1280x811-1-1200x760.jpg\" alt=\"\" class=\"wp-image-108710\" width=\"792\" height=\"502\" srcset=\"https:\/\/tvtecjundiai.com.br\/news\/wp-content\/uploads\/sites\/2\/2023\/05\/ugmt-palestra-maio-amarelo-emeb-antonio-messina-2-1280x811-1-1200x760.jpg 1200w, https:\/\/tvtecjundiai.com.br\/news\/wp-content\/uploads\/sites\/2\/2023\/05\/ugmt-palestra-maio-amarelo-emeb-antonio-messina-2-1280x811-1-300x190.jpg 300w, https:\/\/tvtecjundiai.com.br\/news\/wp-content\/uploads\/sites\/2\/2023\/05\/ugmt-palestra-maio-amarelo-emeb-antonio-messina-2-1280x811-1-768x487.jpg 768w, https:\/\/tvtecjundiai.com.br\/news\/wp-content\/uploads\/sites\/2\/2023\/05\/ugmt-palestra-maio-amarelo-emeb-antonio-messina-2-1280x811-1.jpg 1280w\" sizes=\"auto, (max-width: 792px) 100vw, 792px\" \/><figcaption class=\"wp-element-caption\">Alunos da EMEB Antonino Messina aprenderam sobre regras e equipamentos de seguran\u00e7a de tr\u00e2nsito<\/figcaption><\/figure>\n<\/div>\n\n\n<p>As palestras em escolas e empresas fazem parte do programa Educa\u00e7\u00e3o para o Tr\u00e2nsito, realizado o ano todo, por\u00e9m, intensificado no Maio Amarelo.<br><br>\u201cA Educa\u00e7\u00e3o para o Tr\u00e2nsito visa formar cidad\u00e3os com informa\u00e7\u00f5es sobre os comportamentos seguros no tr\u00e2nsito, proporcionando a constru\u00e7\u00e3o de valores para o exerc\u00edcio da cidadania, como respeito, empatia e gentileza\u201d, afirma a respons\u00e1vel pela Divis\u00e3o de Educa\u00e7\u00e3o para o Tr\u00e2nsito, Juliana Maia.<\/p>\n\n\n\n<p>A EMEB Antonino Messina participa do Maio Amarelo desde 2019. \u201cO estudo para o tr\u00e2nsito faz parte do curr\u00edculo escolar por ser tema de urg\u00eancia social. As crian\u00e7as transportam as informa\u00e7\u00f5es para as fam\u00edlias. \u00c9 importante\u201d, explica a diretora Ana Paula Freguglia.<\/p>\n\n\n\n<p>Giovanna dos Santos, 8 anos, foi uma das alunas que acertou o significado e as cores do sem\u00e1foro. \u201cGostei muito de participar. Aprendi que a gente deve se proteger tomando cuidado nas ruas, e tamb\u00e9m atravessando na faixa de pedestres.\u201d<\/p>\n\n\n\n<p><strong>Maio Amarelo<\/strong><\/p>\n\n\n\n<p>A programa\u00e7\u00e3o que se estende durante o m\u00eas de maio contar\u00e1 com a\u00e7\u00f5es em escolas e empresas, blitze pela cidade e em rodovias que passam por Jundia\u00ed, al\u00e9m de atividades com a participa\u00e7\u00e3o do Comit\u00ea das Crian\u00e7as.<\/p>\n\n\n\n<p>Al\u00e9m disso, cartazes e banners do Maio Amarelo foram espalhados pela cidade, bem como um la\u00e7o Amarelo infl\u00e1vel foi exposto no Pa\u00e7o Municipal.<\/p>\n\n\n<div class=\"wp-block-image\">\n<figure class=\"aligncenter size-large is-resized\"><img loading=\"lazy\" decoding=\"async\" src=\"https:\/\/tvtecjundiai.com.br\/news\/wp-content\/uploads\/sites\/2\/2023\/05\/ugmt-maio-amarelo-mascote-vaguinho-emeb-antonio-messina-1280x868-1-1200x814.jpg\" alt=\"\" class=\"wp-image-108711\" width=\"794\" height=\"538\" srcset=\"https:\/\/tvtecjundiai.com.br\/news\/wp-content\/uploads\/sites\/2\/2023\/05\/ugmt-maio-amarelo-mascote-vaguinho-emeb-antonio-messina-1280x868-1-1200x814.jpg 1200w, https:\/\/tvtecjundiai.com.br\/news\/wp-content\/uploads\/sites\/2\/2023\/05\/ugmt-maio-amarelo-mascote-vaguinho-emeb-antonio-messina-1280x868-1-300x203.jpg 300w, https:\/\/tvtecjundiai.com.br\/news\/wp-content\/uploads\/sites\/2\/2023\/05\/ugmt-maio-amarelo-mascote-vaguinho-emeb-antonio-messina-1280x868-1-768x521.jpg 768w, https:\/\/tvtecjundiai.com.br\/news\/wp-content\/uploads\/sites\/2\/2023\/05\/ugmt-maio-amarelo-mascote-vaguinho-emeb-antonio-messina-1280x868-1.jpg 1280w\" sizes=\"auto, (max-width: 794px) 100vw, 794px\" \/><figcaption class=\"wp-element-caption\">Mascote Vaguinho ajudou a levar informa\u00e7\u00f5es para a crian\u00e7ada que respondeu a todas as perguntas<\/figcaption><\/figure>\n<\/div>\n\n\n<p><strong><em>Programa\u00e7\u00e3o<\/em><\/strong><\/p>\n\n\n\n<p><strong>&gt;Dia 05<\/strong>&nbsp;\u2013 Opera\u00e7\u00e3o em Rodovia<\/p>\n\n\n\n<p><strong>&gt;Dia 06<\/strong>&nbsp;\u2013 Opera\u00e7\u00e3o educativa em Avenida \u2013 Comit\u00ea das Crian\u00e7as&nbsp;<\/p>\n\n\n\n<p>A\u00e7\u00e3o em Shopping<\/p>\n\n\n\n<p>Opera\u00e7\u00e3o pelo Munic\u00edpio<\/p>\n\n\n\n<p>&gt;<strong>Dia 07&nbsp;<\/strong>\u2013 A\u00e7\u00e3o em Shopping<\/p>\n\n\n\n<p><strong>&gt;Dia 08<\/strong>&nbsp;\u2013 Palestra em empresa<\/p>\n\n\n\n<p><strong>&gt;Dia 09<\/strong>&nbsp;\u2013 A\u00e7\u00e3o com empresa<\/p>\n\n\n\n<p><strong>&gt;Dia 10<\/strong>&nbsp;\u2013 A\u00e7\u00e3o seguran\u00e7a vi\u00e1ria em \u00e1rea escolar<\/p>\n\n\n\n<p><strong>&gt;Dia 11 \u2013<\/strong>&nbsp;A\u00e7\u00e3o educativa em passarela de Rodovia<\/p>\n\n\n\n<p>Palestra em empresa<\/p>\n\n\n\n<p><strong>&gt;Dia 12<\/strong>&nbsp;\u2013 Palestras em empresas (manh\u00e3 e tarde)<\/p>\n\n\n\n<p><strong>&gt;Dia 13<\/strong>&nbsp;\u2013 Opera\u00e7\u00e3o educativa \u2013 Comit\u00ea das Crian\u00e7as&nbsp;<\/p>\n\n\n\n<p>A\u00e7\u00e3o em Shopping<\/p>\n\n\n\n<p>Opera\u00e7\u00e3o pelo Munic\u00edpio<\/p>\n\n\n\n<p><strong>&gt;Dia 14<\/strong>&nbsp;\u2013 A\u00e7\u00e3o em Shopping<\/p>\n\n\n\n<p><strong>&gt;Dia 15<\/strong>&nbsp;\u2013 Palestra em empresa<\/p>\n\n\n\n<p><strong>&gt;Dia 17&nbsp;<\/strong>\u2013 A\u00e7\u00e3o seguran\u00e7a vi\u00e1ria em \u00e1rea escolar<\/p>\n\n\n\n<p><strong>&gt;Dia 18 \u2013<\/strong>&nbsp;Opera\u00e7\u00e3o Regi\u00e3o Metropolitana de Jundia\u00ed<\/p>\n\n\n\n<p>Opera\u00e7\u00e3o educativa em Rodovia<\/p>\n\n\n\n<p><strong>&gt;Dia 19&nbsp;<\/strong>\u2013 Opera\u00e7\u00e3o em Rodovia<\/p>\n\n\n\n<p><strong>&gt;Dia 20<\/strong>&nbsp;\u2013 Opera\u00e7\u00e3o educativa \u2013 Comit\u00ea das Crian\u00e7as&nbsp;<\/p>\n\n\n\n<p>A\u00e7\u00e3o em Shopping<\/p>\n\n\n\n<p>Opera\u00e7\u00e3o pelo Munic\u00edpio<\/p>\n\n\n\n<p><strong>&gt;Dia 21<\/strong>&nbsp;\u2013 A\u00e7\u00e3o em Shopping<\/p>\n\n\n\n<p><strong>&gt;Dia 22<\/strong>&nbsp;\u2013 A\u00e7\u00e3o em empresa<\/p>\n\n\n\n<p><strong>&gt;Dia 23<\/strong>&nbsp;\u2013 Palestra em empresa<\/p>\n\n\n\n<p><strong>&gt;Dia 24<\/strong>&nbsp;\u2013 A\u00e7\u00e3o seguran\u00e7a vi\u00e1ria em \u00e1rea escolar<\/p>\n\n\n\n<p><strong>&gt;Dia 25&nbsp;<\/strong>\u2013 A\u00e7\u00e3o com empresa<\/p>\n\n\n\n<p><strong>&gt;Dia 26&nbsp;<\/strong>\u2013 Opera\u00e7\u00e3o em Rodovia<\/p>\n\n\n\n<p><strong>&gt;Dia 27<\/strong>&nbsp;\u2013 Opera\u00e7\u00e3o educativa \u2013 Comit\u00ea das Crian\u00e7as&nbsp;<\/p>\n\n\n\n<p>A\u00e7\u00e3o em Shopping<\/p>\n\n\n\n<p>Opera\u00e7\u00e3o pelo Munic\u00edpio<\/p>\n\n\n\n<p><strong>&gt;Dia 28&nbsp;<\/strong>\u2013 A\u00e7\u00e3o com SESC \u2013 bike no Parque da Cidade<\/p>\n\n\n\n<p><strong>&gt;Dia 31<\/strong>&nbsp;\u2013 A\u00e7\u00e3o seguran\u00e7a vi\u00e1ria em \u00e1rea escolar<\/p>\n\n\n\n<p>&gt;<strong>Dia 02<\/strong>\u00a0\u2013 Encerramento no audit\u00f3rio do CIESP<\/p>\n\n\n\n<p><strong><em>(Fonte\/Imagem: Prefeitura de Jundia\u00ed)<\/em><\/strong><\/p>\n","protected":false},"excerpt":{"rendered":"<p>Alunos da EMEB Antonino Messina aprenderam sobre regras e equipamentos de seguran\u00e7a de tr\u00e2nsito<\/p>\n","protected":false},"author":30,"featured_media":108711,"comment_status":"closed","ping_status":"0","sticky":false,"template":"","format":"standard","meta":{"footnotes":""},"categories":[8356,1,6151],"tags":[],"class_list":["post-108709","post","type-post","status-publish","format-standard","has-post-thumbnail","hentry","category-jundiai","category-noticias","category-transito"],"_links":{"self":[{"href":"https:\/\/tvtecjundiai.com.br\/news\/wp-json\/wp\/v2\/posts\/108709","targetHints":{"allow":["GET"]}}],"collection":[{"href":"https:\/\/tvtecjundiai.com.br\/news\/wp-json\/wp\/v2\/posts"}],"about":[{"href":"https:\/\/tvtecjundiai.com.br\/news\/wp-json\/wp\/v2\/types\/post"}],"author":[{"embeddable":true,"href":"https:\/\/tvtecjundiai.com.br\/news\/wp-json\/wp\/v2\/users\/30"}],"replies":[{"embeddable":true,"href":"https:\/\/tvtecjundiai.com.br\/news\/wp-json\/wp\/v2\/comments?post=108709"}],"version-history":[{"count":1,"href":"https:\/\/tvtecjundiai.com.br\/news\/wp-json\/wp\/v2\/posts\/108709\/revisions"}],"predecessor-version":[{"id":108712,"href":"https:\/\/tvtecjundiai.com.br\/news\/wp-json\/wp\/v2\/posts\/108709\/revisions\/108712"}],"wp:featuredmedia":[{"embeddable":true,"href":"https:\/\/tvtecjundiai.com.br\/news\/wp-json\/wp\/v2\/media\/108711"}],"wp:attachment":[{"href":"https:\/\/tvtecjundiai.com.br\/news\/wp-json\/wp\/v2\/media?parent=108709"}],"wp:term":[{"taxonomy":"category","embeddable":true,"href":"https:\/\/tvtecjundiai.com.br\/news\/wp-json\/wp\/v2\/categories?post=108709"},{"taxonomy":"post_tag","embeddable":true,"href":"https:\/\/tvtecjundiai.com.br\/news\/wp-json\/wp\/v2\/tags?post=108709"}],"curies":[{"name":"wp","href":"https:\/\/api.w.org\/{rel}","templated":true}]}}