{"id":10872,"date":"2018-05-23T10:50:17","date_gmt":"2018-05-23T13:50:17","guid":{"rendered":"https:\/\/tvtecjundiai.com.br\/news\/?p=10872"},"modified":"2018-05-23T10:50:29","modified_gmt":"2018-05-23T13:50:29","slug":"instagram-permitira-silenciar-perfis-que-voce-segue","status":"publish","type":"post","link":"https:\/\/tvtecjundiai.com.br\/news\/2018\/05\/23\/instagram-permitira-silenciar-perfis-que-voce-segue\/","title":{"rendered":"Instagram permitir\u00e1 silenciar perfis que voc\u00ea segue"},"content":{"rendered":"<div id=\"attachment_10873\" style=\"width: 410px\" class=\"wp-caption alignright\"><a href=\"https:\/\/tvtecjundiai.com.br\/news\/wp-content\/uploads\/sites\/2\/2018\/05\/captura-de-tela-do-instagram-22114250618110.jpg\"><img loading=\"lazy\" decoding=\"async\" aria-describedby=\"caption-attachment-10873\" class=\"wp-image-10873\" src=\"https:\/\/tvtecjundiai.com.br\/news\/wp-content\/uploads\/sites\/2\/2018\/05\/captura-de-tela-do-instagram-22114250618110-300x257.jpg\" alt=\"\" width=\"400\" height=\"343\" srcset=\"https:\/\/tvtecjundiai.com.br\/news\/wp-content\/uploads\/sites\/2\/2018\/05\/captura-de-tela-do-instagram-22114250618110-300x257.jpg 300w, https:\/\/tvtecjundiai.com.br\/news\/wp-content\/uploads\/sites\/2\/2018\/05\/captura-de-tela-do-instagram-22114250618110.jpg 441w\" sizes=\"auto, (max-width: 400px) 100vw, 400px\" \/><\/a><p id=\"caption-attachment-10873\" class=\"wp-caption-text\">Ser\u00e1 poss\u00edvel silenciar apenas as publica\u00e7\u00f5es ou as publica\u00e7\u00f5es e\u00a0hist\u00f3rias da pessoa<\/p><\/div>\n<p class=\"Notcias\">Com a nova funcionalidade do Instagram, em breve os usu\u00e1rios do aplicativo poder\u00e3o impedir que os perfis que seguem apare\u00e7am em sua linha do tempo. Esta op\u00e7\u00e3o j\u00e1 estava dispon\u00edvel no Twitter h\u00e1 algum tempo.<\/p>\n<p class=\"Notcias\">A rede social de fotos diz que a mudan\u00e7a ser\u00e1 enviada aos poucos para todos os usu\u00e1rios durante as pr\u00f3ximas semana. A fun\u00e7\u00e3o \u00e9 semelhante ao que\u00a0pode ser feito atualmente com as hist\u00f3rias do Instagram, que podem ser ocultadas para que parem de ser reproduzidas automaticamente.<\/p>\n<p class=\"Notcias\">Assim como no\u00a0Twitter, essa op\u00e7\u00e3o de silenciar \u00e9 apenas uma forma mais respeitosa de parar de ver as atualiza\u00e7\u00f5es de algu\u00e9m sem precisar deixar de seguir o perfil dela. Ser\u00e1 poss\u00edvel silenciar apenas as publica\u00e7\u00f5es ou as publica\u00e7\u00f5es e\u00a0hist\u00f3rias da pessoa, que n\u00e3o ter\u00e1 como saber que voc\u00ea deixou de receber o conte\u00fado postado por ela.<span class=\"wsl-inline-container wsl-concussion-target\" data-wsl-kind=\"retention\" data-wsl-format=\"2\">\u00a0<\/span><\/p>\n<p class=\"Notcias\">Essa foi apenas uma de v\u00e1rias funcionalidades novas que est\u00e3o sendo testadas pelo Instagram e\u00a0foram descobertas por uma estudante\u00a0de ci\u00eancia da computa\u00e7\u00e3o enquanto analisava o c\u00f3digo do aplicativo. Outras novidades, como grava\u00e7\u00e3o nativa de v\u00eddeos em c\u00e2mera lenta e uma vis\u00e3o de calend\u00e1rio para fotos arquivadas, ainda n\u00e3o t\u00eam data para chegar \u00e0 plataforma.<\/p>\n<p><em>Fonte: TecMundo<\/em><\/p>\n","protected":false},"excerpt":{"rendered":"<p>Mudan\u00e7a ser\u00e1 enviada aos poucos para todos os usu\u00e1rios durante as pr\u00f3ximas semana<\/p>\n","protected":false},"author":10,"featured_media":8791,"comment_status":"closed","ping_status":"closed","sticky":false,"template":"","format":"standard","meta":{"footnotes":""},"categories":[2835],"tags":[238,5,3067,15],"class_list":["post-10872","post","type-post","status-publish","format-standard","has-post-thumbnail","hentry","category-tecnologia","tag-instagram","tag-jundiai","tag-rede-social","tag-tvtec"],"_links":{"self":[{"href":"https:\/\/tvtecjundiai.com.br\/news\/wp-json\/wp\/v2\/posts\/10872","targetHints":{"allow":["GET"]}}],"collection":[{"href":"https:\/\/tvtecjundiai.com.br\/news\/wp-json\/wp\/v2\/posts"}],"about":[{"href":"https:\/\/tvtecjundiai.com.br\/news\/wp-json\/wp\/v2\/types\/post"}],"author":[{"embeddable":true,"href":"https:\/\/tvtecjundiai.com.br\/news\/wp-json\/wp\/v2\/users\/10"}],"replies":[{"embeddable":true,"href":"https:\/\/tvtecjundiai.com.br\/news\/wp-json\/wp\/v2\/comments?post=10872"}],"version-history":[{"count":2,"href":"https:\/\/tvtecjundiai.com.br\/news\/wp-json\/wp\/v2\/posts\/10872\/revisions"}],"predecessor-version":[{"id":10875,"href":"https:\/\/tvtecjundiai.com.br\/news\/wp-json\/wp\/v2\/posts\/10872\/revisions\/10875"}],"wp:featuredmedia":[{"embeddable":true,"href":"https:\/\/tvtecjundiai.com.br\/news\/wp-json\/wp\/v2\/media\/8791"}],"wp:attachment":[{"href":"https:\/\/tvtecjundiai.com.br\/news\/wp-json\/wp\/v2\/media?parent=10872"}],"wp:term":[{"taxonomy":"category","embeddable":true,"href":"https:\/\/tvtecjundiai.com.br\/news\/wp-json\/wp\/v2\/categories?post=10872"},{"taxonomy":"post_tag","embeddable":true,"href":"https:\/\/tvtecjundiai.com.br\/news\/wp-json\/wp\/v2\/tags?post=10872"}],"curies":[{"name":"wp","href":"https:\/\/api.w.org\/{rel}","templated":true}]}}