{"id":108721,"date":"2023-05-04T17:12:29","date_gmt":"2023-05-04T20:12:29","guid":{"rendered":"https:\/\/tvtecjundiai.com.br\/news\/?p=108721"},"modified":"2023-05-04T17:12:29","modified_gmt":"2023-05-04T20:12:29","slug":"jundiai-recebe-campanha-para-cadastro-de-doadores-de-medula-ossea-neste-sabado-6","status":"publish","type":"post","link":"https:\/\/tvtecjundiai.com.br\/news\/2023\/05\/04\/jundiai-recebe-campanha-para-cadastro-de-doadores-de-medula-ossea-neste-sabado-6\/","title":{"rendered":"Jundia\u00ed recebe campanha para cadastro de doadores de medula \u00f3ssea neste s\u00e1bado (6)"},"content":{"rendered":"\n<p>Neste s\u00e1bado (6), o\u00a0grupo Medula \u00d3ssea Jundia\u00ed, em parceria com o Hemocentro da Unicamp, promove mais uma campanha de cadastro de doadores. O cadastramento acontecer\u00e1 no Espa\u00e7o Jundia\u00ed Empreendedora, no Maxi Shopping Jundia\u00ed, das 10h \u00e0s 14.<\/p>\n\n\n\n<p>Para se cadastrar como doador, \u00e9 preciso ter entre 18 e 35 anos, estar em bom estado geral de sa\u00fade e n\u00e3o ter doen\u00e7a infecciosa ou incapacitante.<\/p>\n\n\n\n<p>Dessa forma, para se cadastrar, basta comparecer ao local da campanha alimentado, munido de RG, CPF e, se tiver, o Cart\u00e3o Nacional de Sa\u00fade (CNS). O uso de m\u00e1scaras \u00e9 obrigat\u00f3rio. Al\u00e9m disso, no dia do cadastro, a equipe ir\u00e1 coletar uma amostra de sangue de aproximadamente 10 ml. Essa amostra ser\u00e1 submetida a um teste de laborat\u00f3rio para identifica\u00e7\u00e3o das caracter\u00edsticas do doador.<\/p>\n\n\n<div class=\"wp-block-image\">\n<figure class=\"aligncenter size-full is-resized\"><img loading=\"lazy\" decoding=\"async\" src=\"https:\/\/tvtecjundiai.com.br\/news\/wp-content\/uploads\/sites\/2\/2023\/05\/057a4524.jpg\" alt=\"\" class=\"wp-image-108722\" width=\"653\" height=\"436\" srcset=\"https:\/\/tvtecjundiai.com.br\/news\/wp-content\/uploads\/sites\/2\/2023\/05\/057a4524.jpg 1000w, https:\/\/tvtecjundiai.com.br\/news\/wp-content\/uploads\/sites\/2\/2023\/05\/057a4524-300x200.jpg 300w, https:\/\/tvtecjundiai.com.br\/news\/wp-content\/uploads\/sites\/2\/2023\/05\/057a4524-768x512.jpg 768w\" sizes=\"auto, (max-width: 653px) 100vw, 653px\" \/><\/figure>\n<\/div>\n\n\n<p><\/p>\n\n\n\n<p><strong><em>(Fonte\/Imagem: Prefeitura de Jundia\u00ed)<\/em><\/strong><\/p>\n","protected":false},"excerpt":{"rendered":"<p>O cadastramento acontecer\u00e1 no Espa\u00e7o Jundia\u00ed Empreendedora, no Maxi Shopping Jundia\u00ed, das 10h \u00e0s 14.<\/p>\n","protected":false},"author":30,"featured_media":108722,"comment_status":"closed","ping_status":"0","sticky":false,"template":"","format":"standard","meta":{"footnotes":""},"categories":[8356,1,2839,8355],"tags":[],"class_list":["post-108721","post","type-post","status-publish","format-standard","has-post-thumbnail","hentry","category-jundiai","category-noticias","category-saude","category-saude-3"],"_links":{"self":[{"href":"https:\/\/tvtecjundiai.com.br\/news\/wp-json\/wp\/v2\/posts\/108721","targetHints":{"allow":["GET"]}}],"collection":[{"href":"https:\/\/tvtecjundiai.com.br\/news\/wp-json\/wp\/v2\/posts"}],"about":[{"href":"https:\/\/tvtecjundiai.com.br\/news\/wp-json\/wp\/v2\/types\/post"}],"author":[{"embeddable":true,"href":"https:\/\/tvtecjundiai.com.br\/news\/wp-json\/wp\/v2\/users\/30"}],"replies":[{"embeddable":true,"href":"https:\/\/tvtecjundiai.com.br\/news\/wp-json\/wp\/v2\/comments?post=108721"}],"version-history":[{"count":1,"href":"https:\/\/tvtecjundiai.com.br\/news\/wp-json\/wp\/v2\/posts\/108721\/revisions"}],"predecessor-version":[{"id":108723,"href":"https:\/\/tvtecjundiai.com.br\/news\/wp-json\/wp\/v2\/posts\/108721\/revisions\/108723"}],"wp:featuredmedia":[{"embeddable":true,"href":"https:\/\/tvtecjundiai.com.br\/news\/wp-json\/wp\/v2\/media\/108722"}],"wp:attachment":[{"href":"https:\/\/tvtecjundiai.com.br\/news\/wp-json\/wp\/v2\/media?parent=108721"}],"wp:term":[{"taxonomy":"category","embeddable":true,"href":"https:\/\/tvtecjundiai.com.br\/news\/wp-json\/wp\/v2\/categories?post=108721"},{"taxonomy":"post_tag","embeddable":true,"href":"https:\/\/tvtecjundiai.com.br\/news\/wp-json\/wp\/v2\/tags?post=108721"}],"curies":[{"name":"wp","href":"https:\/\/api.w.org\/{rel}","templated":true}]}}