{"id":108764,"date":"2023-05-05T14:37:36","date_gmt":"2023-05-05T17:37:36","guid":{"rendered":"https:\/\/tvtecjundiai.com.br\/news\/?p=108764"},"modified":"2023-05-05T14:37:37","modified_gmt":"2023-05-05T17:37:37","slug":"dia-das-maes-no-mundo-das-criancas-reune-mil-alunas-dos-centros-esportivos","status":"publish","type":"post","link":"https:\/\/tvtecjundiai.com.br\/news\/2023\/05\/05\/dia-das-maes-no-mundo-das-criancas-reune-mil-alunas-dos-centros-esportivos\/","title":{"rendered":"Dia das M\u00e3es no Mundo das Crian\u00e7as re\u00fane mil alunas dos Centros Esportivos"},"content":{"rendered":"\n<p>Dan\u00e7as e muitas outras atividades f\u00edsicas e recreativas marcaram a iniciativa da Prefeitura de Jundia\u00ed, a partir da Unidade de Gest\u00e3o de Esporte e Lazer (UGEL), em comemora\u00e7\u00e3o ao Dia das M\u00eas, nesta sexta-feira (5). O evento foi realizado no Mundo das Crian\u00e7as, reunindo cerca de 1 mil alunas de gin\u00e1stica corporal, v\u00f4lei adaptado e muscula\u00e7\u00e3o dos Centros Esportivos e das Unidades de Apoio.<\/p>\n\n\n\n<p>As amigas Marlene Ferro e Florisa Almeida, do CECCO (Centro de Conviv\u00eancia, Cultura, Trabalho e Gera\u00e7\u00e3o de Renda), j\u00e1 chegaram anunciando que iriam aproveitar cada segundo. \u201cEstamos com tudo. Adoramos essas atividades que possibilitam estarmos com outras pessoas, conversarmos e nos divertirmos\u201d, destacou Florisa.<\/p>\n\n\n<div class=\"wp-block-image\">\n<figure class=\"aligncenter size-large\"><img loading=\"lazy\" decoding=\"async\" width=\"1200\" height=\"801\" src=\"https:\/\/tvtecjundiai.com.br\/news\/wp-content\/uploads\/sites\/2\/2023\/05\/prefeito_participa_dia_das_maes_ugel_mundo_das_criancas_pa-130-1280x854-2-1200x801.jpg\" alt=\"\" class=\"wp-image-108766\" srcset=\"https:\/\/tvtecjundiai.com.br\/news\/wp-content\/uploads\/sites\/2\/2023\/05\/prefeito_participa_dia_das_maes_ugel_mundo_das_criancas_pa-130-1280x854-2-1200x801.jpg 1200w, https:\/\/tvtecjundiai.com.br\/news\/wp-content\/uploads\/sites\/2\/2023\/05\/prefeito_participa_dia_das_maes_ugel_mundo_das_criancas_pa-130-1280x854-2-300x200.jpg 300w, https:\/\/tvtecjundiai.com.br\/news\/wp-content\/uploads\/sites\/2\/2023\/05\/prefeito_participa_dia_das_maes_ugel_mundo_das_criancas_pa-130-1280x854-2-768x512.jpg 768w, https:\/\/tvtecjundiai.com.br\/news\/wp-content\/uploads\/sites\/2\/2023\/05\/prefeito_participa_dia_das_maes_ugel_mundo_das_criancas_pa-130-1280x854-2.jpg 1280w\" sizes=\"auto, (max-width: 1200px) 100vw, 1200px\" \/><figcaption class=\"wp-element-caption\">O prefeito Luiz Machado abriu o evento. A manh\u00e3 foi de muita anima\u00e7\u00e3o<\/figcaption><\/figure>\n<\/div>\n\n\n<p>No meio da multid\u00e3o tamb\u00e9m estava a esteticista Rosa Maria Silva, da turma do CECE Benedito de Lima, que levou o filho Lucas para compartilhar o momento. \u201c\u00c9 um evento muito bacana. Fa\u00e7o quest\u00e3o de sempre participar.\u201d<\/p>\n\n\n\n<p>De acordo com o gestor de Esporte e Lazer, Lu\u00eds Cl\u00e1udio Tarallo, j\u00e1 \u00e9 tradi\u00e7\u00e3o reunir as turmas espalhadas pela cidade para confraternizar. \u201cJundia\u00ed investe no esporte, a partir das melhorias nos centros esportivos, na qualifica\u00e7\u00e3o dos profissionais e dos programas esportivos que proporcionam, al\u00e9m da atividade f\u00edsicas, a conviv\u00eancia. S\u00e3o muitas as mulheres e gostarmos de comemorar, com elas, essa data t\u00e3o especial\u201d, destacou.<\/p>\n\n\n\n<figure class=\"wp-block-gallery has-nested-images columns-default is-cropped wp-block-gallery-1 is-layout-flex wp-block-gallery-is-layout-flex\">\n<figure class=\"wp-block-image size-large\"><img loading=\"lazy\" decoding=\"async\" width=\"1200\" height=\"801\" data-id=\"108769\" src=\"https:\/\/tvtecjundiai.com.br\/news\/wp-content\/uploads\/sites\/2\/2023\/05\/prefeito_participa_dia_das_maes_ugel_mundo_das_criancas_pa-8-4-1280x854-1-1200x801.jpg\" alt=\"\" class=\"wp-image-108769\" srcset=\"https:\/\/tvtecjundiai.com.br\/news\/wp-content\/uploads\/sites\/2\/2023\/05\/prefeito_participa_dia_das_maes_ugel_mundo_das_criancas_pa-8-4-1280x854-1-1200x801.jpg 1200w, https:\/\/tvtecjundiai.com.br\/news\/wp-content\/uploads\/sites\/2\/2023\/05\/prefeito_participa_dia_das_maes_ugel_mundo_das_criancas_pa-8-4-1280x854-1-300x200.jpg 300w, https:\/\/tvtecjundiai.com.br\/news\/wp-content\/uploads\/sites\/2\/2023\/05\/prefeito_participa_dia_das_maes_ugel_mundo_das_criancas_pa-8-4-1280x854-1-768x512.jpg 768w, https:\/\/tvtecjundiai.com.br\/news\/wp-content\/uploads\/sites\/2\/2023\/05\/prefeito_participa_dia_das_maes_ugel_mundo_das_criancas_pa-8-4-1280x854-1.jpg 1280w\" sizes=\"auto, (max-width: 1200px) 100vw, 1200px\" \/><figcaption class=\"wp-element-caption\">Marlene e Florisa estavam empolgadas<\/figcaption><\/figure>\n\n\n\n<figure class=\"wp-block-image size-large\"><img loading=\"lazy\" decoding=\"async\" width=\"1200\" height=\"801\" data-id=\"108768\" src=\"https:\/\/tvtecjundiai.com.br\/news\/wp-content\/uploads\/sites\/2\/2023\/05\/prefeito_participa_dia_das_maes_ugel_mundo_das_criancas_pa-2-4-1280x854-1-1200x801.jpg\" alt=\"\" class=\"wp-image-108768\" srcset=\"https:\/\/tvtecjundiai.com.br\/news\/wp-content\/uploads\/sites\/2\/2023\/05\/prefeito_participa_dia_das_maes_ugel_mundo_das_criancas_pa-2-4-1280x854-1-1200x801.jpg 1200w, https:\/\/tvtecjundiai.com.br\/news\/wp-content\/uploads\/sites\/2\/2023\/05\/prefeito_participa_dia_das_maes_ugel_mundo_das_criancas_pa-2-4-1280x854-1-300x200.jpg 300w, https:\/\/tvtecjundiai.com.br\/news\/wp-content\/uploads\/sites\/2\/2023\/05\/prefeito_participa_dia_das_maes_ugel_mundo_das_criancas_pa-2-4-1280x854-1-768x512.jpg 768w, https:\/\/tvtecjundiai.com.br\/news\/wp-content\/uploads\/sites\/2\/2023\/05\/prefeito_participa_dia_das_maes_ugel_mundo_das_criancas_pa-2-4-1280x854-1.jpg 1280w\" sizes=\"auto, (max-width: 1200px) 100vw, 1200px\" \/><figcaption class=\"wp-element-caption\">Rosa e Lucas chegaram cedinho<\/figcaption><\/figure>\n<\/figure>\n\n\n\n<p>Na abertura, o prefeito Luiz Fernando Machado ressaltou a import\u00e2ncia das a\u00e7\u00f5es nos espa\u00e7os p\u00fablicos, reunindo as gera\u00e7\u00f5es. \u201cJundia\u00ed \u00e9 a Cidade das Crian\u00e7as e, uma cidade que pensa na primeira inf\u00e2ncia, \u00e9 boa para todos. Estamos focados em pol\u00edticas p\u00fablicas, visando uma sociedade saud\u00e1vel. Sempre fico muito feliz ao ver que a popula\u00e7\u00e3o est\u00e1 nos espa\u00e7os de esporte e lazer do Munic\u00edpio, convivendo, cuidando da sa\u00fade, deixando para tr\u00e1s a depress\u00e3o e outras doen\u00e7as socioemocionais\u201d, frisou o chefe do Executivo.<\/p>\n\n\n\n<p>Ainda prestigiaram a a\u00e7\u00e3o, o vice-prefeito Gustavo Martinelli; os gestores Jos\u00e9 Ant\u00f4nio Parismoschi (Governo e Finan\u00e7as), Thiago Maia (Inova\u00e7\u00e3o e Rela\u00e7\u00e3o com o Cidad\u00e3o), Cristiano Lopes (Desenvolvimento Econ\u00f4mico, Ci\u00eancia e Tecnologia), Tiago Texera (Promo\u00e7\u00e3o da Sa\u00fade), Simone Zanotello (Administra\u00e7\u00e3o e Gest\u00e3o de Pessoas); o presidente da C\u00e2mara Municipal, Antonio Carlos Albino; e os vereadores Adilson Roberto Pereira Junior (Juninho), Adriano Santana dos Santos (Dika Xique Xique), Daniel Lemos Dias Pereira, Faouaz Taha, Qu\u00e9zia Doane de Lucca; e o diretor do Mundo das Crian\u00e7as, Luiz Trientini.<br><br>Os grupos Amorah e Gera\u00e7\u00e3o Eventos participaram no desenvolvimento das atividades, juntamente com os educadores f\u00edsicos da UGEL.<\/p>\n\n\n<div class=\"wp-block-image\">\n<figure class=\"aligncenter size-large\"><img loading=\"lazy\" decoding=\"async\" width=\"1200\" height=\"801\" src=\"https:\/\/tvtecjundiai.com.br\/news\/wp-content\/uploads\/sites\/2\/2023\/05\/prefeito_participa_dia_das_maes_ugel_mundo_das_criancas_pa-89-4-1280x854-1-1200x801.jpg\" alt=\"\" class=\"wp-image-108767\" srcset=\"https:\/\/tvtecjundiai.com.br\/news\/wp-content\/uploads\/sites\/2\/2023\/05\/prefeito_participa_dia_das_maes_ugel_mundo_das_criancas_pa-89-4-1280x854-1-1200x801.jpg 1200w, https:\/\/tvtecjundiai.com.br\/news\/wp-content\/uploads\/sites\/2\/2023\/05\/prefeito_participa_dia_das_maes_ugel_mundo_das_criancas_pa-89-4-1280x854-1-300x200.jpg 300w, https:\/\/tvtecjundiai.com.br\/news\/wp-content\/uploads\/sites\/2\/2023\/05\/prefeito_participa_dia_das_maes_ugel_mundo_das_criancas_pa-89-4-1280x854-1-768x512.jpg 768w, https:\/\/tvtecjundiai.com.br\/news\/wp-content\/uploads\/sites\/2\/2023\/05\/prefeito_participa_dia_das_maes_ugel_mundo_das_criancas_pa-89-4-1280x854-1.jpg 1280w\" sizes=\"auto, (max-width: 1200px) 100vw, 1200px\" \/><figcaption class=\"wp-element-caption\">(Fonte\/Imagem: Prefeitura de Jundia\u00ed)<\/figcaption><\/figure>\n<\/div>\n\n\n<p><strong><em>(Fonte\/Imagem: Prefeitura de Jundia\u00ed)<\/em><\/strong><\/p>\n","protected":false},"excerpt":{"rendered":"<p>O prefeito Luiz Machado abriu o evento. A manh\u00e3 foi de muita anima\u00e7\u00e3o<\/p>\n","protected":false},"author":30,"featured_media":108766,"comment_status":"closed","ping_status":"0","sticky":false,"template":"","format":"standard","meta":{"footnotes":""},"categories":[2833,8356,8354,1],"tags":[],"class_list":["post-108764","post","type-post","status-publish","format-standard","has-post-thumbnail","hentry","category-cultura","category-jundiai","category-lazer","category-noticias"],"_links":{"self":[{"href":"https:\/\/tvtecjundiai.com.br\/news\/wp-json\/wp\/v2\/posts\/108764","targetHints":{"allow":["GET"]}}],"collection":[{"href":"https:\/\/tvtecjundiai.com.br\/news\/wp-json\/wp\/v2\/posts"}],"about":[{"href":"https:\/\/tvtecjundiai.com.br\/news\/wp-json\/wp\/v2\/types\/post"}],"author":[{"embeddable":true,"href":"https:\/\/tvtecjundiai.com.br\/news\/wp-json\/wp\/v2\/users\/30"}],"replies":[{"embeddable":true,"href":"https:\/\/tvtecjundiai.com.br\/news\/wp-json\/wp\/v2\/comments?post=108764"}],"version-history":[{"count":1,"href":"https:\/\/tvtecjundiai.com.br\/news\/wp-json\/wp\/v2\/posts\/108764\/revisions"}],"predecessor-version":[{"id":108770,"href":"https:\/\/tvtecjundiai.com.br\/news\/wp-json\/wp\/v2\/posts\/108764\/revisions\/108770"}],"wp:featuredmedia":[{"embeddable":true,"href":"https:\/\/tvtecjundiai.com.br\/news\/wp-json\/wp\/v2\/media\/108766"}],"wp:attachment":[{"href":"https:\/\/tvtecjundiai.com.br\/news\/wp-json\/wp\/v2\/media?parent=108764"}],"wp:term":[{"taxonomy":"category","embeddable":true,"href":"https:\/\/tvtecjundiai.com.br\/news\/wp-json\/wp\/v2\/categories?post=108764"},{"taxonomy":"post_tag","embeddable":true,"href":"https:\/\/tvtecjundiai.com.br\/news\/wp-json\/wp\/v2\/tags?post=108764"}],"curies":[{"name":"wp","href":"https:\/\/api.w.org\/{rel}","templated":true}]}}