{"id":108782,"date":"2023-05-06T09:38:21","date_gmt":"2023-05-06T12:38:21","guid":{"rendered":"https:\/\/tvtecjundiai.com.br\/news\/?p=108782"},"modified":"2023-05-06T09:38:58","modified_gmt":"2023-05-06T12:38:58","slug":"corpos-artisticos-municipais-estao-com-inscricoes-abertas-para-diversos-segmentos","status":"publish","type":"post","link":"https:\/\/tvtecjundiai.com.br\/news\/2023\/05\/06\/corpos-artisticos-municipais-estao-com-inscricoes-abertas-para-diversos-segmentos\/","title":{"rendered":"Corpos art\u00edsticos municipais est\u00e3o com inscri\u00e7\u00f5es abertas para diversos segmentos"},"content":{"rendered":"\n<p>A Cultura, por meio da Funda\u00e7\u00e3o Casa de Cultura e Esportes, recebe somente at\u00e9 os pr\u00f3ximos dias as inscri\u00e7\u00f5es de artistas interessados em atuar como produtores dos corpos art\u00edsticos municipais e dos espa\u00e7os expositivos da cidade, bem como para atuar em n\u00facleo semiprofissional\/profissional junto ao Coral Municipal de Jundia\u00ed.<\/p>\n\n\n\n<p><strong>Produtores Culturais<\/strong><br>Conforme definido no&nbsp;<a href=\"https:\/\/cultura.jundiai.sp.gov.br\/wp-content\/uploads\/2023\/04\/Concurso-03.2023-Produtor-Cultural-1.pdf\" target=\"_blank\" rel=\"noreferrer noopener\">edital de concurso n\u00ba 03\/2023<\/a>, podem se inscrever at\u00e9 a segunda-feira (15) os artistas interessados nas tr\u00eas vagas de produtores culturais para atua\u00e7\u00e3o e promo\u00e7\u00e3o das atividades dos corpos art\u00edsticos municipais \u2013 Cia. de Teatro de Jundia\u00ed, Cia. Jovem de Dan\u00e7a, Coral Infantojuvenil Cidade das Crian\u00e7as, Coral Municipal de Jundia\u00ed e Orquestra Sinf\u00f4nica Municipal de Jundia\u00ed \u2013 e dos espa\u00e7os expositivos, como a Pinacoteca Municipal Di\u00f3genes Duarte Paes e Galeria de Arte Fernanda Perracini Milani.<\/p>\n\n\n\n<p><a href=\"https:\/\/docs.google.com\/forms\/d\/1TyaT2iwIhV3H0MZvMHLXEIUZmLU-0OVR9VZSKxH44R0\/edit\" target=\"_blank\" rel=\"noreferrer noopener\">FA\u00c7A SUA INSCRI\u00c7\u00c3O<\/a><\/p>\n\n\n\n<p><strong>Coral<\/strong><br>J\u00e1 para o Coral Municipal, seguem abertas at\u00e9 a quinta-feira (18) por meio do&nbsp;<a href=\"https:\/\/cultura.jundiai.sp.gov.br\/wp-content\/uploads\/2023\/04\/Concurso-no-04-Coral-imprensa.pdf\" target=\"_blank\" rel=\"noreferrer noopener\">edital concurso n\u00ba 04\/2023<\/a>&nbsp;as inscri\u00e7\u00f5es de m\u00fasicos semiprofissionais ou profissionais para composi\u00e7\u00e3o de n\u00facleo de apoio ao corpo art\u00edstico. No total, h\u00e1 oito vagas abertas \u2013 duas para Soprano, duas para Mezzo soprano ou Contralto, duas para Tenor e duas para Bar\u00edtono ou Baixo.<\/p>\n\n\n\n<p><a href=\"https:\/\/docs.google.com\/forms\/d\/e\/1FAIpQLSc_O7Kf5RiIQDo9LteO6LGVr4bTjZ_sUaKzwQweThVudcQY6A\/viewform\" target=\"_blank\" rel=\"noreferrer noopener\">FA\u00c7A SUA INSCRI\u00c7\u00c3O<\/a><\/p>\n\n\n\n<p>Os interessados devem ser maiores de 18 anos e ser\u00e3o selecionados de forma presencial, em etapas que compreender\u00e3o apresenta\u00e7\u00f5es de \u00e1rias, leitura musical \u00e0 primeira vista e entrevista. A classifica\u00e7\u00e3o dos candidatos ser\u00e1 definida pela soma das notas e ser\u00e3o habilitados os primeiros classificados para cada naipe. Os m\u00fasicos contratados receber\u00e3o bolsa mensal e dever\u00e3o participar de ensaios, oficinas e apresenta\u00e7\u00f5es.<\/p>\n\n\n\n<p>Mais informa\u00e7\u00f5es podem ser obtidas no&nbsp;<a href=\"https:\/\/cultura.jundiai.sp.gov.br\/editais-e-regulamentos\/\" target=\"_blank\" rel=\"noreferrer noopener\">site da Cultura<\/a>&nbsp;ou pelo telefone da Funda\u00e7\u00e3o Casa da Cultura e Esportes \u00e9 (11) 4806-0554.<\/p>\n\n\n\n<figure class=\"wp-block-image\"><img decoding=\"async\" src=\"https:\/\/jundiai.sp.gov.br\/noticias\/wp-content\/uploads\/sites\/32\/2023\/05\/circuito-natal-luz-jundiai-366-anos-e-111-anos-do-teatro-polytheama-espetaculo-classicos-em-movimento-natal-2022_fm_-63-1280x854.jpg\" alt=\"\" class=\"wp-image-316718\" \/><figcaption class=\"wp-element-caption\">Inscri\u00e7\u00f5es dos interessados devem ser realizadas pela internet, por meio de formul\u00e1rio on-line<\/figcaption><\/figure>\n","protected":false},"excerpt":{"rendered":"<p>Inscri\u00e7\u00f5es dos interessados devem ser realizadas pela internet, por meio de formul\u00e1rio on-line<\/p>\n","protected":false},"author":24,"featured_media":108783,"comment_status":"closed","ping_status":"0","sticky":false,"template":"","format":"standard","meta":{"footnotes":""},"categories":[1],"tags":[],"class_list":["post-108782","post","type-post","status-publish","format-standard","has-post-thumbnail","hentry","category-noticias"],"_links":{"self":[{"href":"https:\/\/tvtecjundiai.com.br\/news\/wp-json\/wp\/v2\/posts\/108782","targetHints":{"allow":["GET"]}}],"collection":[{"href":"https:\/\/tvtecjundiai.com.br\/news\/wp-json\/wp\/v2\/posts"}],"about":[{"href":"https:\/\/tvtecjundiai.com.br\/news\/wp-json\/wp\/v2\/types\/post"}],"author":[{"embeddable":true,"href":"https:\/\/tvtecjundiai.com.br\/news\/wp-json\/wp\/v2\/users\/24"}],"replies":[{"embeddable":true,"href":"https:\/\/tvtecjundiai.com.br\/news\/wp-json\/wp\/v2\/comments?post=108782"}],"version-history":[{"count":2,"href":"https:\/\/tvtecjundiai.com.br\/news\/wp-json\/wp\/v2\/posts\/108782\/revisions"}],"predecessor-version":[{"id":108785,"href":"https:\/\/tvtecjundiai.com.br\/news\/wp-json\/wp\/v2\/posts\/108782\/revisions\/108785"}],"wp:featuredmedia":[{"embeddable":true,"href":"https:\/\/tvtecjundiai.com.br\/news\/wp-json\/wp\/v2\/media\/108783"}],"wp:attachment":[{"href":"https:\/\/tvtecjundiai.com.br\/news\/wp-json\/wp\/v2\/media?parent=108782"}],"wp:term":[{"taxonomy":"category","embeddable":true,"href":"https:\/\/tvtecjundiai.com.br\/news\/wp-json\/wp\/v2\/categories?post=108782"},{"taxonomy":"post_tag","embeddable":true,"href":"https:\/\/tvtecjundiai.com.br\/news\/wp-json\/wp\/v2\/tags?post=108782"}],"curies":[{"name":"wp","href":"https:\/\/api.w.org\/{rel}","templated":true}]}}