{"id":108789,"date":"2023-05-06T14:10:53","date_gmt":"2023-05-06T17:10:53","guid":{"rendered":"https:\/\/tvtecjundiai.com.br\/news\/?p=108789"},"modified":"2023-05-06T14:15:20","modified_gmt":"2023-05-06T17:15:20","slug":"108789","status":"publish","type":"post","link":"https:\/\/tvtecjundiai.com.br\/news\/2023\/05\/06\/108789\/","title":{"rendered":"Primeiro festival tem\u00e1tico do ano no Espa\u00e7o Expressa ser\u00e1 nos dias 13 e 14 de maio"},"content":{"rendered":"\n<p>Alinhado \u00e0 proposta de implementa\u00e7\u00e3o do novo conceito de ocupa\u00e7\u00e3o do Espa\u00e7o Expressa (antigo Complexo Fepasa), o primeiro festival tem\u00e1tico de 2023 no local ser\u00e1 realizado no pr\u00f3ximo final de semana \u2013 s\u00e1bado (13) e domingo (14) -, baseado em seu eixo de ocupa\u00e7\u00e3o pela Cultura.<\/p>\n\n\n\n<p>A defini\u00e7\u00e3o de alguns dos \u00faltimos detalhes da programa\u00e7\u00e3o foi um dos temas da reuni\u00e3o de maio do Comit\u00ea Expressa, grupo intersetorial que coordena as a\u00e7\u00f5es no Espa\u00e7o, e que foi realizado nessa quinta-feira (04).<\/p>\n\n\n\n<p>Outra pauta da reuni\u00e3o foi a oficializa\u00e7\u00e3o da mudan\u00e7a dos nomes das salas que comp\u00f5em o local, que passam a ser chamadas com nomes de importantes ferrovias paulistas. O diretor do Departamento de Gest\u00e3o do Espa\u00e7o Expressa da UGC e presidente do Comit\u00ea, William Paix\u00e3o, explica a escolha dos nomes.<\/p>\n\n\n\n<figure class=\"wp-block-image\"><img decoding=\"async\" src=\"https:\/\/jundiai.sp.gov.br\/noticias\/wp-content\/uploads\/sites\/32\/2023\/05\/espaco_expressa_festivais_tematicos_-7-4-1280x854.jpg\" alt=\"\" class=\"wp-image-316695\" \/><figcaption class=\"wp-element-caption\">Eventos s\u00e3o realizados em toda a \u00e1rea do complexo, atraindo fam\u00edlias inteiras<\/figcaption><\/figure>\n\n\n\n<p>\u201cCom a mudan\u00e7a do nome de Complexo Fepasa para Espa\u00e7o Expressa, avaliou-se que a refer\u00eancia ao passado da ferrovia tinha de ser contemplada e por isso passar\u00e1 a integrar os nomes das salas, tanto administrativas, de reuni\u00e3o e de uso gratuito para ensaios. Assim estes nomes, al\u00e9m de garantirem uma defini\u00e7\u00e3o de localiza\u00e7\u00e3o, organizam o plano de ocupa\u00e7\u00e3o e homenageia a hist\u00f3ria ferrovi\u00e1ria em todo o Estado de S\u00e3o Paulo\u201d, comentou.<\/p>\n\n\n\n<p>Assim ficaram definidos os novos nomes de ambientes j\u00e1 em uso: a Sala Jundia\u00ed de espet\u00e1culos passa a se chamar Sala Santos-Jundia\u00ed; a Sala B1, Sala Estrada de Ferro Sorocabana; a Sala dos Rel\u00f3gios, Sala S\u00e3o Paulo Railway; a Sala Hermeto Pascoal, Sala Fepasa; e a sala de reuni\u00f5es da UGC, Sala Estrada de Ferro Araraquara.<\/p>\n\n\n\n<p>A novidade tamb\u00e9m se estende para ambientes ainda a ser revitalizados do Espa\u00e7o, como Sala S\u00e3o Paulo \u2013 Minas, Sala Cia. Mogiana de Estradas de Ferro (antiga Sala da Presid\u00eancia) e Sal\u00e3o Nobre da Cia. Paulista de Estradas de Ferro (antiga Sal\u00e3o Nobre Superior).<\/p>\n\n\n\n<p>O Comit\u00ea tamb\u00e9m analisou durante o encontro os andamentos das principais frentes de obras e melhorias atualmente em curso no local, como a finaliza\u00e7\u00e3o nas interven\u00e7\u00f5es da plataforma tur\u00edstica; as obras nos telhados do estacionamento, do galp\u00e3o 25 (\u00e1rea da Unidade de Gest\u00e3o de Mobilidade e Transporte) e da ala hist\u00f3rica; a retirada das torres de controle na via de acesso ao estacionamento; manuten\u00e7\u00e3o de cal\u00e7adas; implanta\u00e7\u00e3o de \u00e1reas gramadas; e limpezas em geral.<\/p>\n\n\n\n<p><strong>Mais festivais tem\u00e1ticos<\/strong><br>Tamb\u00e9m est\u00e3o definidas as datas das realiza\u00e7\u00f5es dos festivais no Espa\u00e7o Expressa ao longo do ano. Nos dias 24 e 25 de junho o tema ser\u00e1 \u201cComida\u201d; em 29 e 30 de julho \u201cCultura\u201d; em 19 e 20 de agosto \u201cCidade e Cidadania\u201d; e, por fim, em 18, 19 e 20 de novembro \u201cConviv\u00eancia\u201d.<\/p>\n\n\n\n<p>Todos os detalhes das programa\u00e7\u00f5es tem\u00e1ticas no Espa\u00e7o Expressa podem ser conferidos na&nbsp;<a href=\"https:\/\/cultura.jundiai.sp.gov.br\/eventos\/tag\/espaco-expressa\/\" target=\"_blank\" rel=\"noreferrer noopener\">Agenda Cultural<\/a>.<\/p>\n\n\n\n<figure class=\"wp-block-image\"><img decoding=\"async\" src=\"https:\/\/jundiai.sp.gov.br\/noticias\/wp-content\/uploads\/sites\/32\/2023\/05\/reuniao-comite-expressa_fm_-5-1280x857.jpg\" alt=\"\" class=\"wp-image-316696\" \/><figcaption class=\"wp-element-caption\">Reuni\u00e3o de maio do Comit\u00ea foi realizado na \u2013 agora chamada \u2013 Sala Estrada de Ferro Sorocabana do Espa\u00e7o Expressa<\/figcaption><\/figure>\n\n\n\n<p><\/p>\n\n\n\n<p>Fonte \/ Imagem: Prefeitura de Jundia\u00ed<\/p>\n","protected":false},"excerpt":{"rendered":"<p>Eventos s\u00e3o realizados em toda a \u00e1rea do complexo, atraindo fam\u00edlias inteiras<\/p>\n","protected":false},"author":24,"featured_media":108790,"comment_status":"closed","ping_status":"0","sticky":false,"template":"","format":"standard","meta":{"footnotes":""},"categories":[2833],"tags":[],"class_list":["post-108789","post","type-post","status-publish","format-standard","has-post-thumbnail","hentry","category-cultura"],"_links":{"self":[{"href":"https:\/\/tvtecjundiai.com.br\/news\/wp-json\/wp\/v2\/posts\/108789","targetHints":{"allow":["GET"]}}],"collection":[{"href":"https:\/\/tvtecjundiai.com.br\/news\/wp-json\/wp\/v2\/posts"}],"about":[{"href":"https:\/\/tvtecjundiai.com.br\/news\/wp-json\/wp\/v2\/types\/post"}],"author":[{"embeddable":true,"href":"https:\/\/tvtecjundiai.com.br\/news\/wp-json\/wp\/v2\/users\/24"}],"replies":[{"embeddable":true,"href":"https:\/\/tvtecjundiai.com.br\/news\/wp-json\/wp\/v2\/comments?post=108789"}],"version-history":[{"count":2,"href":"https:\/\/tvtecjundiai.com.br\/news\/wp-json\/wp\/v2\/posts\/108789\/revisions"}],"predecessor-version":[{"id":108796,"href":"https:\/\/tvtecjundiai.com.br\/news\/wp-json\/wp\/v2\/posts\/108789\/revisions\/108796"}],"wp:featuredmedia":[{"embeddable":true,"href":"https:\/\/tvtecjundiai.com.br\/news\/wp-json\/wp\/v2\/media\/108790"}],"wp:attachment":[{"href":"https:\/\/tvtecjundiai.com.br\/news\/wp-json\/wp\/v2\/media?parent=108789"}],"wp:term":[{"taxonomy":"category","embeddable":true,"href":"https:\/\/tvtecjundiai.com.br\/news\/wp-json\/wp\/v2\/categories?post=108789"},{"taxonomy":"post_tag","embeddable":true,"href":"https:\/\/tvtecjundiai.com.br\/news\/wp-json\/wp\/v2\/tags?post=108789"}],"curies":[{"name":"wp","href":"https:\/\/api.w.org\/{rel}","templated":true}]}}