{"id":108797,"date":"2023-05-06T14:18:47","date_gmt":"2023-05-06T17:18:47","guid":{"rendered":"https:\/\/tvtecjundiai.com.br\/news\/?p=108797"},"modified":"2023-05-06T14:18:52","modified_gmt":"2023-05-06T17:18:52","slug":"praca-fica-lotada-com-programacao-cultural-e-oferta-de-servicos-no-centro","status":"publish","type":"post","link":"https:\/\/tvtecjundiai.com.br\/news\/2023\/05\/06\/praca-fica-lotada-com-programacao-cultural-e-oferta-de-servicos-no-centro\/","title":{"rendered":"Pra\u00e7a fica lotada com programa\u00e7\u00e3o cultural e oferta de servi\u00e7os no Centro"},"content":{"rendered":"\n<p>Milhares de pessoas conferiram, nesta sexta-feira (05), a programa\u00e7\u00e3o cultural e de servi\u00e7os promovida pela Prefeitura na Pra\u00e7a Governador Pedro de Toledo (Pra\u00e7a da Matriz). No per\u00edodo da manh\u00e3, as atra\u00e7\u00f5es dividiram a pra\u00e7a com a Caravana 20 anos da TVTEM e, ao longo do dia, fizeram parte das a\u00e7\u00f5es do M\u00eas da Luta Antimanicomial e da edi\u00e7\u00e3o de maio do Sexta no Centro, na Pra\u00e7a Marechal Floriano Peixoto (Pra\u00e7a do Coreto).<\/p>\n\n\n\n<p><a href=\"https:\/\/www.flickr.com\/photos\/prefeituradejundiai\/sets\/72177720308057682\/\" target=\"_blank\" rel=\"noreferrer noopener\">CONFIRA AS FOTOS<\/a><\/p>\n\n\n\n<p>\u201cA excel\u00eancia da programa\u00e7\u00e3o e dos servi\u00e7os trazidos hoje ao Centro est\u00e1 alinhada com a proposta da Prefeitura de revitaliza\u00e7\u00e3o destes espa\u00e7os, por meio de sua requalifica\u00e7\u00e3o e de sua ocupa\u00e7\u00e3o por parte da popula\u00e7\u00e3o\u201d, comentou o prefeito Luiz Fernando Machado.<\/p>\n\n\n\n<figure class=\"wp-block-image\"><img decoding=\"async\" src=\"https:\/\/jundiai.sp.gov.br\/noticias\/wp-content\/uploads\/sites\/32\/2023\/05\/sexta-no-centro-acoes-do-mes-da-luta-antimanicomial-e-caravana-20-anos-da-tvtem_fm_-160-1280x854.jpg\" alt=\"\" class=\"wp-image-316685\" \/><figcaption class=\"wp-element-caption\">Fam\u00edlias, como a do Eduardo e Bryan Barbosa, aproveitaram para se divertir na Rua de Brincar montada na pra\u00e7a<\/figcaption><\/figure>\n\n\n\n<p>A programa\u00e7\u00e3o cultural da manh\u00e3 trouxe uma s\u00e9rie de apresenta\u00e7\u00f5es. As atra\u00e7\u00f5es musicais ficaram a cargo de Marcelo Gut Trio, Marina Ebbecke, Rodolfo de Neguinho e do conjunto de c\u00e2mara da Orquestra Sinf\u00f4nica Municipal de Jundia\u00ed (OSMJ).<\/p>\n\n\n\n<p>Outras performances tamb\u00e9m abrilhantaram a manh\u00e3, como a da Cia. Jovem de Dan\u00e7a, que apresentou a abertura de seu espet\u00e1culo \u201cInstagrimm\u201d; do Canil da Guarda Municipal de Jundia\u00ed (GMJ); das turmas do lian gong, da Unidade de Promo\u00e7\u00e3o da Sa\u00fade (UGPS); do karat\u00ea, da Unidade de Esporte e Lazer (UGEL); a \u201cTarantella\u201d italiana com os alunos do Programa de Esportes e Atividades Motoras Adaptadas (PEAMA); e apresenta\u00e7\u00f5es musicais em ingl\u00eas com os alunos das Emeb Luiz B\u00e1rbaro (Ponte S\u00e3o Jo\u00e3o) e Gl\u00f3ria Rocha Genovese (Vila Cristo Redentor).<\/p>\n\n\n\n<p>A programa\u00e7\u00e3o tamb\u00e9m trouxe de volta a Corte da Uva 2023, respons\u00e1vel por apresentar aos participantes diversas del\u00edcias das Rotas Tur\u00edsticas de Jundia\u00ed, como a coxinha de queijo (patrim\u00f4nio imaterial de Jundia\u00ed) e produtos derivados da Uva Niagara Rosada de Jundiahy (recentemente certificada com indica\u00e7\u00e3o geogr\u00e1fica).<\/p>\n\n\n\n<figure class=\"wp-block-image\"><a href=\"https:\/\/jundiai.sp.gov.br\/noticias\/wp-content\/uploads\/sites\/32\/2023\/05\/sexta-no-centro-acoes-do-mes-da-luta-antimanicomial-e-caravana-20-anos-da-tvtem_fm_-102.jpg\"><img decoding=\"async\" src=\"https:\/\/jundiai.sp.gov.br\/noticias\/wp-content\/uploads\/sites\/32\/2023\/05\/sexta-no-centro-acoes-do-mes-da-luta-antimanicomial-e-caravana-20-anos-da-tvtem_fm_-102-1280x854.jpg\" alt=\"\" class=\"wp-image-316686\" \/><\/a><figcaption class=\"wp-element-caption\">Apresenta\u00e7\u00e3o em ingl\u00eas das Emebs<\/figcaption><\/figure>\n\n\n\n<p>Tamb\u00e9m estava montada uma Rua de Brincar, instala\u00e7\u00e3o do programa Cidade das Crian\u00e7as. O operador de empilhadeira Eduardo Barbosa, morador do Tarum\u00e3, aproveitou para pular corda com o filho Bryan, de quatro anos. \u201cAchei perfeita esta iniciativa da Prefeitura. Quanto mais essas crian\u00e7as se afastarem dos eletr\u00f4nicos melhore ser\u00e1 para elas\u201d. As atividades foram acompanhadas por recreadores do grupo Amorah.<\/p>\n\n\n\n<p>As pra\u00e7as tamb\u00e9m contaram com diversos estandes de servi\u00e7os oferecidos pela Prefeitura. Com foco na Sa\u00fade, as equipes prestaram servi\u00e7os como fitoterapia, auriculoterapia, verifica\u00e7\u00e3o de c\u00e2ncer de boca, explica\u00e7\u00f5es sobre o ciclo do mosquito da dengue e formas de preven\u00e7\u00e3o, al\u00e9m de aferi\u00e7\u00e3o de press\u00e3o e aplica\u00e7\u00e3o de doses das vacinas contra a Influenza e Covid \u2013 ao longo do dia foram aplicadas mais de 550 doses de vacinas contra a Influenza e mais de 500 contra a Covid (incluindo tamb\u00e9m a dose bivalente). Tamb\u00e9m prestaram atendimentos e orienta\u00e7\u00f5es os servi\u00e7os do Jundia\u00ed Empreendedora e do Procon M\u00f3vel.<\/p>\n\n\n\n<p>Joana Marin, moradora da Agapeama, \u00e9 t\u00e9cnica em imobiliza\u00e7\u00e3o m\u00e9dica e foi \u00e0 pra\u00e7a para fazer seu cadastro no Jundia\u00ed Empreendedora. \u201cAchei a iniciativa e o atendimento \u00f3timos. Vim ao Centro para fazer o cadastro e vou ficar para conferir as atra\u00e7\u00f5es\u201d.<\/p>\n\n\n\n<p>J\u00e1 a Sandra Mina, moradora do Jardim Est\u00e1dio, estava de passagem e aproveitou para tomar a vacina da gripe. \u201cO inverno est\u00e1 chegando e \u00e9 preciso se imunizar. Por isso, aplicar as doses aqui na pra\u00e7a \u00e9 muito importante, principalmente para aqueles que n\u00e3o t\u00eam disposi\u00e7\u00e3o, nem disponibilidade de ir atr\u00e1s da vacina\u201d.<\/p>\n\n\n\n<figure class=\"wp-block-image\"><img decoding=\"async\" src=\"https:\/\/jundiai.sp.gov.br\/noticias\/wp-content\/uploads\/sites\/32\/2023\/05\/sexta-no-centro-acoes-do-mes-da-luta-antimanicomial-e-caravana-20-anos-da-tvtem_fm_-67-1-1280x854.jpg\" alt=\"\" class=\"wp-image-316684\" \/><figcaption class=\"wp-element-caption\">Sandra aproveitou a ida ao Centro para se imunizar contra a gripe<\/figcaption><\/figure>\n\n\n\n<p><strong>Sexta no Centro<br><\/strong>Esta edi\u00e7\u00e3o do Sexta no Centro come\u00e7ou mais cedo, logo pela manh\u00e3, com as barracas de alimenta\u00e7\u00e3o das feiras e varej\u00f5es municipais na Pra\u00e7a do Coreto, e os artistas do programa \u201cJundia\u00ed feito \u00e0 M\u00e3o\u201d ao longo do cal\u00e7ad\u00e3o da rua Bar\u00e3o.<\/p>\n\n\n\n<p>Para marcar a programa\u00e7\u00e3o do M\u00eas da Luta Antimanicomial, as equipes da Coordenadoria de Sa\u00fade Mental realizaram na Pra\u00e7a oficinas de confec\u00e7\u00e3o de cartazes e Hip-Hop, distribui\u00e7\u00e3o de material informativo e caminhada ao som do maracatu. A barraca do Colmeia Ecosol, iniciativa da Prefeitura que integra diversos servi\u00e7os voltados \u00e0 gera\u00e7\u00e3o de renda por meio de Economia Criativa e Solid\u00e1ria, tamb\u00e9m marcou presen\u00e7a com a exposi\u00e7\u00e3o e venda de produtos.<\/p>\n\n\n\n<p>J\u00e1 a programa\u00e7\u00e3o musical no palco do Coreto contou, no fim de tarde, com a apresenta\u00e7\u00e3o de Hip-Hop da banda Floco. Na sequ\u00eancia, veio o pagode do Grupo Duro na Queda e o sertanejo de C\u00edcero Morais.<\/p>\n\n\n\n<figure class=\"wp-block-image\"><img decoding=\"async\" src=\"https:\/\/jundiai.sp.gov.br\/noticias\/wp-content\/uploads\/sites\/32\/2023\/05\/sexta-no-centro-acoes-do-mes-da-luta-antimanicomial-e-caravana-20-anos-da-tvtem_fm_-22-1280x854.jpg\" alt=\"\" class=\"wp-image-316683\" \/><figcaption class=\"wp-element-caption\">Joana aproveitou e fez seu cadastro no Jundia\u00ed Empreendedora<\/figcaption><\/figure>\n\n\n\n<p><\/p>\n\n\n\n<p>Fonte \/ Imagem: Prefeitura de Jundia\u00ed <\/p>\n","protected":false},"excerpt":{"rendered":"<p>Fam\u00edlias, como a do Eduardo e Bryan Barbosa, aproveitaram para se divertir na Rua de Brincar montada na pra\u00e7a<\/p>\n","protected":false},"author":24,"featured_media":108798,"comment_status":"closed","ping_status":"0","sticky":false,"template":"","format":"standard","meta":{"footnotes":""},"categories":[2833],"tags":[],"class_list":["post-108797","post","type-post","status-publish","format-standard","has-post-thumbnail","hentry","category-cultura"],"_links":{"self":[{"href":"https:\/\/tvtecjundiai.com.br\/news\/wp-json\/wp\/v2\/posts\/108797","targetHints":{"allow":["GET"]}}],"collection":[{"href":"https:\/\/tvtecjundiai.com.br\/news\/wp-json\/wp\/v2\/posts"}],"about":[{"href":"https:\/\/tvtecjundiai.com.br\/news\/wp-json\/wp\/v2\/types\/post"}],"author":[{"embeddable":true,"href":"https:\/\/tvtecjundiai.com.br\/news\/wp-json\/wp\/v2\/users\/24"}],"replies":[{"embeddable":true,"href":"https:\/\/tvtecjundiai.com.br\/news\/wp-json\/wp\/v2\/comments?post=108797"}],"version-history":[{"count":1,"href":"https:\/\/tvtecjundiai.com.br\/news\/wp-json\/wp\/v2\/posts\/108797\/revisions"}],"predecessor-version":[{"id":108799,"href":"https:\/\/tvtecjundiai.com.br\/news\/wp-json\/wp\/v2\/posts\/108797\/revisions\/108799"}],"wp:featuredmedia":[{"embeddable":true,"href":"https:\/\/tvtecjundiai.com.br\/news\/wp-json\/wp\/v2\/media\/108798"}],"wp:attachment":[{"href":"https:\/\/tvtecjundiai.com.br\/news\/wp-json\/wp\/v2\/media?parent=108797"}],"wp:term":[{"taxonomy":"category","embeddable":true,"href":"https:\/\/tvtecjundiai.com.br\/news\/wp-json\/wp\/v2\/categories?post=108797"},{"taxonomy":"post_tag","embeddable":true,"href":"https:\/\/tvtecjundiai.com.br\/news\/wp-json\/wp\/v2\/tags?post=108797"}],"curies":[{"name":"wp","href":"https:\/\/api.w.org\/{rel}","templated":true}]}}