{"id":108808,"date":"2023-05-07T08:19:41","date_gmt":"2023-05-07T11:19:41","guid":{"rendered":"https:\/\/tvtecjundiai.com.br\/news\/?p=108808"},"modified":"2023-05-07T08:19:44","modified_gmt":"2023-05-07T11:19:44","slug":"revitalizacao-do-centro-avanca-com-apoio-de-moradores-e-comerciantes","status":"publish","type":"post","link":"https:\/\/tvtecjundiai.com.br\/news\/2023\/05\/07\/revitalizacao-do-centro-avanca-com-apoio-de-moradores-e-comerciantes\/","title":{"rendered":"Revitaliza\u00e7\u00e3o do Centro avan\u00e7a com apoio de moradores e comerciantes"},"content":{"rendered":"\n<p>Tornar o Centro da cidade ocupado, revitalizado e seguro. Essa \u00e9 a meta do Plano de Revitaliza\u00e7\u00e3o do Centro, apresentado para comerciantes e moradores. Com investimentos previstos e estimados em R$ 50 milh\u00f5es, a Prefeitura projeta cerca de 30 interven\u00e7\u00f5es em diversos aspectos, como urban\u00edstico, seguran\u00e7a, sa\u00fade, mobilidade, paisagismo e a\u00e7\u00f5es culturais. Os comerciantes e moradores aprovaram a iniciativa.<\/p>\n\n\n\n<p>A apresenta\u00e7\u00e3o, que aconteceu no Museu Solar do Bar\u00e3o, na \u00faltima quarta-feira (03), foi feita pelo gestor de Planejamento Urbano e Meio Ambiente, Sin\u00e9sio Scarabello Filho, al\u00e9m de t\u00e9cnicos da pasta, e profissionais de diversas \u00e1reas da Gest\u00e3o Municipal, como Assist\u00eancia e Desenvolvimento Social, Servi\u00e7os P\u00fablicos, Guarda Municipal e Desenvolvimento Econ\u00f4mico, Ci\u00eancia e Tecnologia.<\/p>\n\n\n\n<p>\u201cA ideia \u00e9 que esse projeto seja uma constru\u00e7\u00e3o conjunta que beneficie tanto o comerciante instalado na regi\u00e3o central, quanto as pessoas que frequentam e moram no Centro. E que tamb\u00e9m traga a sensa\u00e7\u00e3o de pertencimento do espa\u00e7o \u00e0 popula\u00e7\u00e3o. Para isso existem planos desenvolvidos de forma intersetorial e devem ser aplicados a curto e m\u00e9dio prazo\u201d, refor\u00e7ou o prefeito Luiz Fernando Machado.<\/p>\n\n\n\n<figure class=\"wp-block-gallery has-nested-images columns-default is-cropped wp-block-gallery-1 is-layout-flex wp-block-gallery-is-layout-flex\">\n<figure class=\"wp-block-image size-large\"><img loading=\"lazy\" decoding=\"async\" width=\"1200\" height=\"800\" data-id=\"108809\" src=\"https:\/\/tvtecjundiai.com.br\/news\/wp-content\/uploads\/sites\/2\/2023\/05\/reuniao-planejamento-urbano-e-meio-ambiente-sinesio-scarabello-com-comerciantes-projeto-de-requalificacao-area-central_fm_-49-1536x1024-1-1200x800.jpg\" alt=\"\" class=\"wp-image-108809\" srcset=\"https:\/\/tvtecjundiai.com.br\/news\/wp-content\/uploads\/sites\/2\/2023\/05\/reuniao-planejamento-urbano-e-meio-ambiente-sinesio-scarabello-com-comerciantes-projeto-de-requalificacao-area-central_fm_-49-1536x1024-1-1200x800.jpg 1200w, https:\/\/tvtecjundiai.com.br\/news\/wp-content\/uploads\/sites\/2\/2023\/05\/reuniao-planejamento-urbano-e-meio-ambiente-sinesio-scarabello-com-comerciantes-projeto-de-requalificacao-area-central_fm_-49-1536x1024-1-300x200.jpg 300w, https:\/\/tvtecjundiai.com.br\/news\/wp-content\/uploads\/sites\/2\/2023\/05\/reuniao-planejamento-urbano-e-meio-ambiente-sinesio-scarabello-com-comerciantes-projeto-de-requalificacao-area-central_fm_-49-1536x1024-1-768x512.jpg 768w, https:\/\/tvtecjundiai.com.br\/news\/wp-content\/uploads\/sites\/2\/2023\/05\/reuniao-planejamento-urbano-e-meio-ambiente-sinesio-scarabello-com-comerciantes-projeto-de-requalificacao-area-central_fm_-49-1536x1024-1.jpg 1280w\" sizes=\"auto, (max-width: 1200px) 100vw, 1200px\" \/><figcaption class=\"wp-element-caption\">Projeto inclui a requalifica\u00e7\u00e3o do cal\u00e7ad\u00e3o e a reforma das pra\u00e7as<\/figcaption><\/figure>\n\n\n\n<figure class=\"wp-block-image size-large\"><img loading=\"lazy\" decoding=\"async\" width=\"1200\" height=\"800\" data-id=\"108810\" src=\"https:\/\/tvtecjundiai.com.br\/news\/wp-content\/uploads\/sites\/2\/2023\/05\/reuniao-planejamento-urbano-e-meio-ambiente-sinesio-scarabello-com-comerciantes-projeto-de-requalificacao-area-central_fm_-4-1536x1024-1-1200x800.jpg\" alt=\"\" class=\"wp-image-108810\" srcset=\"https:\/\/tvtecjundiai.com.br\/news\/wp-content\/uploads\/sites\/2\/2023\/05\/reuniao-planejamento-urbano-e-meio-ambiente-sinesio-scarabello-com-comerciantes-projeto-de-requalificacao-area-central_fm_-4-1536x1024-1-1200x800.jpg 1200w, https:\/\/tvtecjundiai.com.br\/news\/wp-content\/uploads\/sites\/2\/2023\/05\/reuniao-planejamento-urbano-e-meio-ambiente-sinesio-scarabello-com-comerciantes-projeto-de-requalificacao-area-central_fm_-4-1536x1024-1-300x200.jpg 300w, https:\/\/tvtecjundiai.com.br\/news\/wp-content\/uploads\/sites\/2\/2023\/05\/reuniao-planejamento-urbano-e-meio-ambiente-sinesio-scarabello-com-comerciantes-projeto-de-requalificacao-area-central_fm_-4-1536x1024-1-768x512.jpg 768w, https:\/\/tvtecjundiai.com.br\/news\/wp-content\/uploads\/sites\/2\/2023\/05\/reuniao-planejamento-urbano-e-meio-ambiente-sinesio-scarabello-com-comerciantes-projeto-de-requalificacao-area-central_fm_-4-1536x1024-1.jpg 1280w\" sizes=\"auto, (max-width: 1200px) 100vw, 1200px\" \/><figcaption class=\"wp-element-caption\">Prefeitura apresentou projeto de revitaliza\u00e7\u00e3o do Centro<\/figcaption><\/figure>\n<\/figure>\n\n\n\n<p>\u201cEssa revitaliza\u00e7\u00e3o vai trazer mais vida e ocupa\u00e7\u00e3o ao Centro, al\u00e9m de seguran\u00e7a. Por isso n\u00f3s estamos envolvidos, acompanhando e cobrando o Poder P\u00fablico para que a \u00e1rea central fique cada vez mais atraente ao p\u00fablico\u201d, lembrou o comerciante Alysson Juliati, que h\u00e1 15 anos tem lojas de moda masculina e feminina no Centro.<\/p>\n\n\n\n<p>Sin\u00e9sio lembrou que o Plano Diretor Municipal define a regi\u00e3o central como Zona de Reabilita\u00e7\u00e3o e falou da import\u00e2ncia da aprova\u00e7\u00e3o da lei de publicidade para que, por meio da qualifica\u00e7\u00e3o do espa\u00e7o, as pessoas assimilem e adquiram apre\u00e7o, al\u00e9m de integrar a paisagem \u00e0 preserva\u00e7\u00e3o do patrim\u00f4nio hist\u00f3rico.<\/p>\n\n\n\n<p>\u201cN\u00f3s planejamos uma mudan\u00e7a profunda no centro, com uma requalifica\u00e7\u00e3o em v\u00e1rios aspectos. Grande parte dos comerciantes j\u00e1 atendem a regra da publicidade. Por isso n\u00f3s estamos solicitando \u00e0queles que ainda n\u00e3o aderiram, que fa\u00e7am a readequa\u00e7\u00e3o prevista em lei. E como incentivo, ser\u00e3o isentos por dois anos da renova\u00e7\u00e3o do alvar\u00e1\u201d, indicou o gestor.<\/p>\n\n\n\n<p>Morador h\u00e1 dois anos do Centro, o professor Samuel Vidilli refor\u00e7a a import\u00e2ncia da revitaliza\u00e7\u00e3o: \u201cSempre tive vontade de morar no Centro, perto do Museu Solar do Bar\u00e3o e da Catedral e gosto muito de morar aqui. S\u00e3o milhares de pessoas que passam todos os dias, al\u00e9m dos moradores e comerciantes. O Centro foi onde a cidade come\u00e7ou, por isso \u00e9 t\u00e3o importante a revitaliza\u00e7\u00e3o e a ocupa\u00e7\u00e3o cada vez maior dos espa\u00e7os\u201d.<\/p>\n\n\n\n<figure class=\"wp-block-gallery has-nested-images columns-default is-cropped wp-block-gallery-2 is-layout-flex wp-block-gallery-is-layout-flex\">\n<figure class=\"wp-block-image size-large\"><img loading=\"lazy\" decoding=\"async\" width=\"1200\" height=\"800\" data-id=\"108812\" src=\"https:\/\/tvtecjundiai.com.br\/news\/wp-content\/uploads\/sites\/2\/2023\/05\/praca-dom-pedro-ii-conhecida-como-praca-das-rosas_fm_-24-1536x1024-1-1200x800.jpg\" alt=\"\" class=\"wp-image-108812\" srcset=\"https:\/\/tvtecjundiai.com.br\/news\/wp-content\/uploads\/sites\/2\/2023\/05\/praca-dom-pedro-ii-conhecida-como-praca-das-rosas_fm_-24-1536x1024-1-1200x800.jpg 1200w, https:\/\/tvtecjundiai.com.br\/news\/wp-content\/uploads\/sites\/2\/2023\/05\/praca-dom-pedro-ii-conhecida-como-praca-das-rosas_fm_-24-1536x1024-1-300x200.jpg 300w, https:\/\/tvtecjundiai.com.br\/news\/wp-content\/uploads\/sites\/2\/2023\/05\/praca-dom-pedro-ii-conhecida-como-praca-das-rosas_fm_-24-1536x1024-1-768x512.jpg 768w, https:\/\/tvtecjundiai.com.br\/news\/wp-content\/uploads\/sites\/2\/2023\/05\/praca-dom-pedro-ii-conhecida-como-praca-das-rosas_fm_-24-1536x1024-1.jpg 1280w\" sizes=\"auto, (max-width: 1200px) 100vw, 1200px\" \/><figcaption class=\"wp-element-caption\">Pra\u00e7a D. Pedro II, conhecida como \u201cPra\u00e7a das Rosas\u201d, ser\u00e1 a primeira a ser revitalizada<\/figcaption><\/figure>\n\n\n\n<figure class=\"wp-block-image size-large\"><img loading=\"lazy\" decoding=\"async\" width=\"1200\" height=\"800\" data-id=\"108811\" src=\"https:\/\/tvtecjundiai.com.br\/news\/wp-content\/uploads\/sites\/2\/2023\/05\/revitalizacao_centro_m_-2-2-1536x1024-1-1200x800.jpg\" alt=\"\" class=\"wp-image-108811\" srcset=\"https:\/\/tvtecjundiai.com.br\/news\/wp-content\/uploads\/sites\/2\/2023\/05\/revitalizacao_centro_m_-2-2-1536x1024-1-1200x800.jpg 1200w, https:\/\/tvtecjundiai.com.br\/news\/wp-content\/uploads\/sites\/2\/2023\/05\/revitalizacao_centro_m_-2-2-1536x1024-1-300x200.jpg 300w, https:\/\/tvtecjundiai.com.br\/news\/wp-content\/uploads\/sites\/2\/2023\/05\/revitalizacao_centro_m_-2-2-1536x1024-1-768x512.jpg 768w, https:\/\/tvtecjundiai.com.br\/news\/wp-content\/uploads\/sites\/2\/2023\/05\/revitalizacao_centro_m_-2-2-1536x1024-1.jpg 1280w\" sizes=\"auto, (max-width: 1200px) 100vw, 1200px\" \/><figcaption class=\"wp-element-caption\">Samuel Vidilli \u00e9 morador do Centro e apoia a revitaliza\u00e7\u00e3o<\/figcaption><\/figure>\n<\/figure>\n\n\n\n<p><strong>INVESTIMENTOS<\/strong><\/p>\n\n\n\n<p>A primeira interven\u00e7\u00e3o prevista no Plano de Requalifica\u00e7\u00e3o \u00e9 a reforma da Pra\u00e7a D. Pedro II (\u201cPra\u00e7a das Rosas\u201d), em frente ao Hospital S\u00e3o Vicente. Com projeto estimado em R$ 5 milh\u00f5es, a licita\u00e7\u00e3o j\u00e1 foi realizada e as obras come\u00e7ar\u00e3o em breve. O projeto no Centro compreende ainda a requalifica\u00e7\u00e3o do cal\u00e7ad\u00e3o e a reforma das pra\u00e7as Governador Pedro de Toledo e Marechal Floriano Peixoto, na Matriz, Tib\u00farcio Estevam Siqueira, no Largo S\u00e3o Bento, e Rui Barbosa, pr\u00f3xima ao Gabinete de Leitura.<\/p>\n\n\n\n<p>O diretor de Limpeza P\u00fablica, M\u00e1rcio Moraes, e o diretor do Departamento de Pra\u00e7as, Parques e Jardins, Rudislei Santos, tamb\u00e9m apresentaram projetos de melhorias, com pintura de guias, canteiros e bancos, refor\u00e7o na limpeza, jardinagem e troca da ilumina\u00e7\u00e3o atual por l\u00e2mpadas de LED.<\/p>\n\n\n\n<p>A Unidade de Assist\u00eancia e Desenvolvimento Social tamb\u00e9m vai aumentar o servi\u00e7o de abordagem social \u00e0s pessoas em situa\u00e7\u00e3o de rua. A partir da pr\u00f3xima semana, al\u00e9m da equipe fixa que percorre a regi\u00e3o central todos os dias, mais uma equipe ser\u00e1 incrementada ao servi\u00e7o. \u201cEssas equipes de orientadores sociais ofertam os servi\u00e7os da rede de atendimento \u00e0s pessoas em situa\u00e7\u00e3o de rua e tamb\u00e9m fazem a escuta dos moradores e comerciantes. Estamos refor\u00e7ando o atendimento, para que a abordagem seja cada vez mais eficaz\u201d, lembrou a diretora do Departamento de Vigil\u00e2ncia Social da UGADS, Renata Mangieri.<\/p>\n\n\n\n<figure class=\"wp-block-image\"><img decoding=\"async\" src=\"https:\/\/jundiai.sp.gov.br\/noticias\/wp-content\/uploads\/sites\/32\/2023\/05\/aereas_centro_jundiai-2-2-1280x719.jpg\" alt=\"\" class=\"wp-image-316535\" \/><figcaption class=\"wp-element-caption\">Plano de revitaliza\u00e7\u00e3o do Centro compreende v\u00e1rias ruas e pra\u00e7as<\/figcaption><\/figure>\n\n\n\n<p><strong><em>(Informa\u00e7\u00f5es e Fotos: Prefeitura de Jundia\u00ed)<\/em><\/strong><\/p>\n","protected":false},"excerpt":{"rendered":"<p>A Prefeitura projeta cerca de 30 interven\u00e7\u00f5es em diversos aspectos, como urban\u00edstico, seguran\u00e7a, sa\u00fade, mobilidade, paisagismo e a\u00e7\u00f5es culturais. Os comerciantes e moradores aprovaram a iniciativa.<\/p>\n","protected":false},"author":19,"featured_media":108813,"comment_status":"closed","ping_status":"0","sticky":false,"template":"","format":"standard","meta":{"footnotes":""},"categories":[1],"tags":[],"class_list":["post-108808","post","type-post","status-publish","format-standard","has-post-thumbnail","hentry","category-noticias"],"_links":{"self":[{"href":"https:\/\/tvtecjundiai.com.br\/news\/wp-json\/wp\/v2\/posts\/108808","targetHints":{"allow":["GET"]}}],"collection":[{"href":"https:\/\/tvtecjundiai.com.br\/news\/wp-json\/wp\/v2\/posts"}],"about":[{"href":"https:\/\/tvtecjundiai.com.br\/news\/wp-json\/wp\/v2\/types\/post"}],"author":[{"embeddable":true,"href":"https:\/\/tvtecjundiai.com.br\/news\/wp-json\/wp\/v2\/users\/19"}],"replies":[{"embeddable":true,"href":"https:\/\/tvtecjundiai.com.br\/news\/wp-json\/wp\/v2\/comments?post=108808"}],"version-history":[{"count":1,"href":"https:\/\/tvtecjundiai.com.br\/news\/wp-json\/wp\/v2\/posts\/108808\/revisions"}],"predecessor-version":[{"id":108814,"href":"https:\/\/tvtecjundiai.com.br\/news\/wp-json\/wp\/v2\/posts\/108808\/revisions\/108814"}],"wp:featuredmedia":[{"embeddable":true,"href":"https:\/\/tvtecjundiai.com.br\/news\/wp-json\/wp\/v2\/media\/108813"}],"wp:attachment":[{"href":"https:\/\/tvtecjundiai.com.br\/news\/wp-json\/wp\/v2\/media?parent=108808"}],"wp:term":[{"taxonomy":"category","embeddable":true,"href":"https:\/\/tvtecjundiai.com.br\/news\/wp-json\/wp\/v2\/categories?post=108808"},{"taxonomy":"post_tag","embeddable":true,"href":"https:\/\/tvtecjundiai.com.br\/news\/wp-json\/wp\/v2\/tags?post=108808"}],"curies":[{"name":"wp","href":"https:\/\/api.w.org\/{rel}","templated":true}]}}