{"id":108825,"date":"2023-05-07T13:01:19","date_gmt":"2023-05-07T16:01:19","guid":{"rendered":"https:\/\/tvtecjundiai.com.br\/news\/?p=108825"},"modified":"2023-05-07T13:32:13","modified_gmt":"2023-05-07T16:32:13","slug":"palmirinha-apresentadora-e-cozinheira-morre-aos-91-anos","status":"publish","type":"post","link":"https:\/\/tvtecjundiai.com.br\/news\/2023\/05\/07\/palmirinha-apresentadora-e-cozinheira-morre-aos-91-anos\/","title":{"rendered":"Palmirinha, apresentadora e cozinheira, morre aos 91 anos"},"content":{"rendered":"\n<p>A apresentadora Palmira Nery da Silva Onofre, a Vov\u00f3 Palmirinha, morreu neste domingo (7), aos 91 anos. Segundo familiares postaram nas redes sociais, ela teve um agravamento de problemas renais cr\u00f4nicos.<\/p>\n\n\n\n<figure class=\"wp-block-image size-full\"><img loading=\"lazy\" decoding=\"async\" width=\"607\" height=\"703\" src=\"https:\/\/tvtecjundiai.com.br\/news\/wp-content\/uploads\/sites\/2\/2023\/05\/WhatsApp-Image-2023-05-07-at-12.57.59.jpeg\" alt=\"\" class=\"wp-image-108826\" srcset=\"https:\/\/tvtecjundiai.com.br\/news\/wp-content\/uploads\/sites\/2\/2023\/05\/WhatsApp-Image-2023-05-07-at-12.57.59.jpeg 607w, https:\/\/tvtecjundiai.com.br\/news\/wp-content\/uploads\/sites\/2\/2023\/05\/WhatsApp-Image-2023-05-07-at-12.57.59-300x347.jpeg 300w\" sizes=\"auto, (max-width: 607px) 100vw, 607px\" \/><\/figure>\n\n\n\n<p>&#8220;A fam\u00edlia, consternada e inconsol\u00e1vel, comunica o falecimento de Palmira Nery da Silva Onofre, a Vov\u00f3 Palmirinha, aos 91 anos, ocorrido hoje, 7 de maio, \u00e0s 11h20 em decorr\u00eancia de agravamento de problemas renais cr\u00f4nicos. Ela estava internada na Unidade Paulista do Hospital Alem\u00e3o Oswaldo Cruz, desde o dia 11 de abril&#8221;, afirmou o post na conta oficial dela.<\/p>\n\n\n\n<p>Em 2020, a apresentadora foi internada tr\u00eas vezes em menos de dois meses. Em outubro, ela tratou uma infec\u00e7\u00e3o urin\u00e1ria e, no in\u00edcio de dezembro, devido a uma baixa de s\u00f3dio no sangue, foi internada na UTI. No final daquele m\u00eas, precisou voltar ao hospital por causa de mais uma infec\u00e7\u00e3o urin\u00e1ria.<\/p>\n\n\n\n<p>Palmirinha marcou a hist\u00f3ria da TV brasileira com suas participa\u00e7\u00f5es em programas culin\u00e1rios. Ela foi revelada pela apresentadora Ana Maria Braga, ao participar do programa &#8220;Note e Anote&#8221;, da TV Record, fazendo receitas caseiras. Atuou como colaboradora da atra\u00e7\u00e3o por mais de cinco anos, ensinando suas receitas.<\/p>\n\n\n\n<p>Em 2019, 20 anos depois do in\u00edcio da parceria com Ana Maria, Palmirinha foi convidada para participar do programa &#8220;Mais Voc\u00ea&#8221;, na TV Globo.<\/p>\n\n\n\n<p><strong><em>(Informa\u00e7\u00f5es: G1 \/ Foto: Redes Sociais Arquivo Pessoal)<\/em><\/strong><\/p>\n","protected":false},"excerpt":{"rendered":"<p>Segundo familiares, ela teve um agravamento de problemas renais cr\u00f4nicos.<\/p>\n","protected":false},"author":19,"featured_media":108830,"comment_status":"closed","ping_status":"0","sticky":false,"template":"","format":"standard","meta":{"footnotes":""},"categories":[1],"tags":[],"class_list":["post-108825","post","type-post","status-publish","format-standard","has-post-thumbnail","hentry","category-noticias"],"_links":{"self":[{"href":"https:\/\/tvtecjundiai.com.br\/news\/wp-json\/wp\/v2\/posts\/108825","targetHints":{"allow":["GET"]}}],"collection":[{"href":"https:\/\/tvtecjundiai.com.br\/news\/wp-json\/wp\/v2\/posts"}],"about":[{"href":"https:\/\/tvtecjundiai.com.br\/news\/wp-json\/wp\/v2\/types\/post"}],"author":[{"embeddable":true,"href":"https:\/\/tvtecjundiai.com.br\/news\/wp-json\/wp\/v2\/users\/19"}],"replies":[{"embeddable":true,"href":"https:\/\/tvtecjundiai.com.br\/news\/wp-json\/wp\/v2\/comments?post=108825"}],"version-history":[{"count":2,"href":"https:\/\/tvtecjundiai.com.br\/news\/wp-json\/wp\/v2\/posts\/108825\/revisions"}],"predecessor-version":[{"id":108829,"href":"https:\/\/tvtecjundiai.com.br\/news\/wp-json\/wp\/v2\/posts\/108825\/revisions\/108829"}],"wp:featuredmedia":[{"embeddable":true,"href":"https:\/\/tvtecjundiai.com.br\/news\/wp-json\/wp\/v2\/media\/108830"}],"wp:attachment":[{"href":"https:\/\/tvtecjundiai.com.br\/news\/wp-json\/wp\/v2\/media?parent=108825"}],"wp:term":[{"taxonomy":"category","embeddable":true,"href":"https:\/\/tvtecjundiai.com.br\/news\/wp-json\/wp\/v2\/categories?post=108825"},{"taxonomy":"post_tag","embeddable":true,"href":"https:\/\/tvtecjundiai.com.br\/news\/wp-json\/wp\/v2\/tags?post=108825"}],"curies":[{"name":"wp","href":"https:\/\/api.w.org\/{rel}","templated":true}]}}