{"id":108831,"date":"2023-05-08T09:12:55","date_gmt":"2023-05-08T12:12:55","guid":{"rendered":"https:\/\/tvtecjundiai.com.br\/news\/?p=108831"},"modified":"2023-05-08T09:12:58","modified_gmt":"2023-05-08T12:12:58","slug":"beth-gomes-quebra-recorde-mundial-paralimpico-no-lancamento-de-dardo","status":"publish","type":"post","link":"https:\/\/tvtecjundiai.com.br\/news\/2023\/05\/08\/beth-gomes-quebra-recorde-mundial-paralimpico-no-lancamento-de-dardo\/","title":{"rendered":"Beth Gomes quebra recorde mundial paral\u00edmpico no lan\u00e7amento de dardo"},"content":{"rendered":"\n<p>Ouro na Paralimp\u00edada de T\u00f3quio, a santista Beth Gomes quebrou neste domingo (7) o pr\u00f3prio recorde mundial no lan\u00e7amento de dardo, ao cravar 13,89 metros, exatos 20 cent\u00edmetros a mais que a\u00a0dist\u00e2ncia obtida por ela em mar\u00e7o. A multicampe\u00e3 da classe F53 (cadeirantes) bateu a marca durante a segunda etapa do Circuito Loterias Caixa, no Centro de Treinamento Paral\u00edmpico (CT), em\u00a0S\u00e3o Paulo.\u00a0<\/p>\n\n\n\n<blockquote class=\"wp-block-quote is-layout-flow wp-block-quote-is-layout-flow\">\n<blockquote class=\"wp-block-quote is-layout-flow wp-block-quote-is-layout-flow\">\n<p>\u201cSinceramente, n\u00e3o esperava este recorde. Mas quando o dardo sai da m\u00e3o, voc\u00ea j\u00e1 percebe que vai vir uma marca boa. Estou muito feliz, at\u00e9 porque acho que d\u00e1 para melhorar ainda mais\u201d, comemorou a atleta, em depoimento ao Comit\u00ea Paral\u00edmpico Brasileiro (CPB).<\/p>\n\n\n<div class=\"wp-block-image\">\n<figure class=\"aligncenter size-full is-resized\"><img loading=\"lazy\" decoding=\"async\" src=\"https:\/\/tvtecjundiai.com.br\/news\/wp-content\/uploads\/sites\/2\/2023\/05\/beth-gomes-paratleta-brasil.jpg\" alt=\"\" class=\"wp-image-108832\" width=\"707\" height=\"399\" srcset=\"https:\/\/tvtecjundiai.com.br\/news\/wp-content\/uploads\/sites\/2\/2023\/05\/beth-gomes-paratleta-brasil.jpg 1011w, https:\/\/tvtecjundiai.com.br\/news\/wp-content\/uploads\/sites\/2\/2023\/05\/beth-gomes-paratleta-brasil-300x169.jpg 300w, https:\/\/tvtecjundiai.com.br\/news\/wp-content\/uploads\/sites\/2\/2023\/05\/beth-gomes-paratleta-brasil-768x434.jpg 768w\" sizes=\"auto, (max-width: 707px) 100vw, 707px\" \/><figcaption class=\"wp-element-caption\">Foto: Marcello Zambrana\/Comit\u00ea Paral\u00edmpico Brasileiro-CPB<\/figcaption><\/figure>\n<\/div>\n\n\n<p><\/p>\n\n\n\n<p>O ano tem sido exitoso para a atleta de 58 anos, mesmo ap\u00f3s ter passado por uma reclassifica\u00e7\u00e3o funcional do Comit\u00ea Paral\u00edmpico Internacional (IPC) que a inseriu na classe F53.\u00a0A banca da entidade justificou a mudan\u00e7a ap\u00f3s avaliar a funcionalidade dos membros da atleta, concluindo que ela teria t\u00f4nus muscular no tronco podendo competir numa classe acima.\u00a0<\/p>\n\n\n\n<p>A segunda etapa do Circuito\u00a0Loterias Caixa foi a \u00faltima oportunidade de os atletas atingirem o \u00edndice para classifica\u00e7\u00e3o ao Mundial de Paris, programado para o per\u00edodo de 8 a 17 de julho.\u00a0Al\u00e9m da atleta, o pa\u00eds poder\u00e1 levar at\u00e9 50 competidores, independente do g\u00eanero. A convoca\u00e7\u00e3o deve sair ap\u00f3s o dia 15 de maio.\u00a0<\/p>\n\n\n\n<p>\u201cTivemos a confirma\u00e7\u00e3o de bons resultados de v\u00e1rios atletas, com \u00edndices para o Mundial ou boa classifica\u00e7\u00e3o no ranking internacional\u201d, afirmou Jo\u00e3o Paulo Cunha, coordenador do atletismo no Comit\u00ea Paral\u00edmpico Brasileiro (CPB).&nbsp;<\/p>\n\n\n\n<p>Diagnosticada com esclerose m\u00faltipla em 1993, Beth Gomes estava desde 2018 na classe F52 (maior comprometimento motor). Foi nesta classe que ela faturou o ouro na Paralimp\u00edada de T\u00f3quio e superou recordes mundiais (disco e arremesso de peso) que seguem vigentes.<\/p>\n\n\n\n<p>O recorde anterior da atleta ainda n\u00e3o consta no site do Comit\u00ea Paral\u00edmpico Internacional (IPC, na sigla em ingl\u00eas). A marca divulgada pela entidade foi estabelecida durante os Jogos Paral\u00edmpicos de T\u00f3quio 2020, pela ucraniana Iana Lebiedieva, que, na ocasi\u00e3o, realizou o lan\u00e7amento de 11,89m.<\/p>\n<\/blockquote>\n<\/blockquote>\n\n\n\n<p><em><strong>(Fonte: Ag\u00eancia Brasil\/Imagem: Marcello Zambrana\/Comit\u00ea Paral\u00edmpico Brasileiro<\/strong><\/em>&#8211;<em><strong>CPB)<\/strong><\/em><\/p>\n","protected":false},"excerpt":{"rendered":"<p>A multicampe\u00e3 cravou 13,89 metros, exatos 20 cent\u00edmetros a mais que a\u00a0dist\u00e2ncia obtida por ela em mar\u00e7o<\/p>\n","protected":false},"author":30,"featured_media":108832,"comment_status":"closed","ping_status":"0","sticky":false,"template":"","format":"standard","meta":{"footnotes":""},"categories":[2827,1],"tags":[],"class_list":["post-108831","post","type-post","status-publish","format-standard","has-post-thumbnail","hentry","category-esportes-e-lazer","category-noticias"],"_links":{"self":[{"href":"https:\/\/tvtecjundiai.com.br\/news\/wp-json\/wp\/v2\/posts\/108831","targetHints":{"allow":["GET"]}}],"collection":[{"href":"https:\/\/tvtecjundiai.com.br\/news\/wp-json\/wp\/v2\/posts"}],"about":[{"href":"https:\/\/tvtecjundiai.com.br\/news\/wp-json\/wp\/v2\/types\/post"}],"author":[{"embeddable":true,"href":"https:\/\/tvtecjundiai.com.br\/news\/wp-json\/wp\/v2\/users\/30"}],"replies":[{"embeddable":true,"href":"https:\/\/tvtecjundiai.com.br\/news\/wp-json\/wp\/v2\/comments?post=108831"}],"version-history":[{"count":1,"href":"https:\/\/tvtecjundiai.com.br\/news\/wp-json\/wp\/v2\/posts\/108831\/revisions"}],"predecessor-version":[{"id":108833,"href":"https:\/\/tvtecjundiai.com.br\/news\/wp-json\/wp\/v2\/posts\/108831\/revisions\/108833"}],"wp:featuredmedia":[{"embeddable":true,"href":"https:\/\/tvtecjundiai.com.br\/news\/wp-json\/wp\/v2\/media\/108832"}],"wp:attachment":[{"href":"https:\/\/tvtecjundiai.com.br\/news\/wp-json\/wp\/v2\/media?parent=108831"}],"wp:term":[{"taxonomy":"category","embeddable":true,"href":"https:\/\/tvtecjundiai.com.br\/news\/wp-json\/wp\/v2\/categories?post=108831"},{"taxonomy":"post_tag","embeddable":true,"href":"https:\/\/tvtecjundiai.com.br\/news\/wp-json\/wp\/v2\/tags?post=108831"}],"curies":[{"name":"wp","href":"https:\/\/api.w.org\/{rel}","templated":true}]}}