{"id":108850,"date":"2023-05-08T11:48:19","date_gmt":"2023-05-08T14:48:19","guid":{"rendered":"https:\/\/tvtecjundiai.com.br\/news\/?p=108850"},"modified":"2023-05-08T12:02:54","modified_gmt":"2023-05-08T15:02:54","slug":"saude-prossegue-com-campanhas-contra-gripe-e-covid","status":"publish","type":"post","link":"https:\/\/tvtecjundiai.com.br\/news\/2023\/05\/08\/saude-prossegue-com-campanhas-contra-gripe-e-covid\/","title":{"rendered":"Sa\u00fade prossegue com campanhas contra gripe e covid-19 em Jundia\u00ed"},"content":{"rendered":"\n<p>As Unidades B\u00e1sicas de Sa\u00fade (UBSs), Novas UBSs e Cl\u00ednicas da Fam\u00edlia seguem com a aplica\u00e7\u00e3o das doses da vacina contra covid-19 e Influenza, al\u00e9m das imuniza\u00e7\u00f5es da rotina, nos hor\u00e1rios das salas de vacina\u00e7\u00e3o de cada equipamento.<\/p>\n\n\n\n<p>A vacina contra gripe est\u00e1 sendo disponibilizada para o p\u00fablico habilitado: pessoas a partir de 60 anos, crian\u00e7as de 6 meses a menores de 6 anos (5 anos, 11 meses e 29 dias), trabalhadores da sa\u00fade, gestantes, pu\u00e9rperas, profissionais da educa\u00e7\u00e3o, povos ind\u00edgenas, profissionais das for\u00e7as de seguran\u00e7a e salvamento, profissionais das for\u00e7as armadas, pessoas com defici\u00eancia permanente, caminhoneiros, trabalhadores de transporte coletivo rodovi\u00e1rio para passageiros urbano e de longo curso, trabalhadores portu\u00e1rios, funcion\u00e1rios do sistema prisional e pessoas portadoras de doen\u00e7as cr\u00f4nicas n\u00e3o transmiss\u00edveis e outras condi\u00e7\u00f5es cl\u00ednicas especiais.<\/p>\n\n\n\n<p>\u00c9 necess\u00e1rio apresentar, para receber a dose contra Influenza, documento pessoal de identifica\u00e7\u00e3o e documento que comprove a condi\u00e7\u00e3o (registro profissional e prescri\u00e7\u00e3o m\u00e9dica com CID).<\/p>\n\n\n<div class=\"wp-block-image\">\n<figure class=\"aligncenter size-large\"><img loading=\"lazy\" decoding=\"async\" width=\"1200\" height=\"801\" src=\"https:\/\/tvtecjundiai.com.br\/news\/wp-content\/uploads\/sites\/2\/2023\/05\/vacinacao_gripe_idoso_m_-5-3-1280x854-1-1200x801.jpg\" alt=\"\" class=\"wp-image-108851\" srcset=\"https:\/\/tvtecjundiai.com.br\/news\/wp-content\/uploads\/sites\/2\/2023\/05\/vacinacao_gripe_idoso_m_-5-3-1280x854-1-1200x801.jpg 1200w, https:\/\/tvtecjundiai.com.br\/news\/wp-content\/uploads\/sites\/2\/2023\/05\/vacinacao_gripe_idoso_m_-5-3-1280x854-1-300x200.jpg 300w, https:\/\/tvtecjundiai.com.br\/news\/wp-content\/uploads\/sites\/2\/2023\/05\/vacinacao_gripe_idoso_m_-5-3-1280x854-1-768x512.jpg 768w, https:\/\/tvtecjundiai.com.br\/news\/wp-content\/uploads\/sites\/2\/2023\/05\/vacinacao_gripe_idoso_m_-5-3-1280x854-1.jpg 1280w\" sizes=\"auto, (max-width: 1200px) 100vw, 1200px\" \/><figcaption class=\"wp-element-caption\">\u00c9 importante que a popula\u00e7\u00e3o receba as doses<\/figcaption><\/figure>\n<\/div>\n\n\n<p>Contra a covid-19, s\u00e3o aplicadas as doses da vacina monovalente para pessoas com 12 anos ou mais; a Pfizer Baby para crian\u00e7as com 6 meses a 4 anos (D1, D2 e D3); a Pfizer Pedi\u00e1trica para crian\u00e7as de 5 a 11 anos (D1, D2 e refor\u00e7o); e a Pfizer bivalente para o p\u00fablico a partir de 18 anos e que tenha recebido, no m\u00ednimo, duas doses da monovalente, sendo a \u00faltima dose h\u00e1, pelo menos, quatro meses.&nbsp;<a href=\"https:\/\/jundiai.sp.gov.br\/coronavirus\/calendario-de-vacinacao\/\">CONFIRA O CALEND\u00c1RIO COMPLETO<\/a><\/p>\n\n\n\n<p>A coordenadora da Vigil\u00e2ncia Epidemiol\u00f3gica de Jundia\u00ed, enfermeira Maria do Carmo Possidente, lembra a import\u00e2ncia da busca pelas vacinas. \u201cOs v\u00edrus da gripe e da covid-19 est\u00e3o em circula\u00e7\u00e3o, e ambas s\u00e3o doen\u00e7as que podem se agravar. \u00c9 fundamental que as pessoas se mantenham conscientes sobre a import\u00e2ncia de receberam a imuniza\u00e7\u00e3o. Os equipamentos de sa\u00fade seguem dispon\u00edveis para a aplica\u00e7\u00e3o das doses, durante toda a semana\u201d, reitera.<\/p>\n\n\n\n<p><em><strong>(Fonte\/Imagem: Prefeitura de Jundia\u00ed)<\/strong><\/em><\/p>\n","protected":false},"excerpt":{"rendered":"<p>\u00c9 importante que a popula\u00e7\u00e3o receba as doses<\/p>\n","protected":false},"author":30,"featured_media":108852,"comment_status":"closed","ping_status":"0","sticky":false,"template":"","format":"standard","meta":{"footnotes":""},"categories":[8356,1,2839,8355],"tags":[],"class_list":["post-108850","post","type-post","status-publish","format-standard","has-post-thumbnail","hentry","category-jundiai","category-noticias","category-saude","category-saude-3"],"_links":{"self":[{"href":"https:\/\/tvtecjundiai.com.br\/news\/wp-json\/wp\/v2\/posts\/108850","targetHints":{"allow":["GET"]}}],"collection":[{"href":"https:\/\/tvtecjundiai.com.br\/news\/wp-json\/wp\/v2\/posts"}],"about":[{"href":"https:\/\/tvtecjundiai.com.br\/news\/wp-json\/wp\/v2\/types\/post"}],"author":[{"embeddable":true,"href":"https:\/\/tvtecjundiai.com.br\/news\/wp-json\/wp\/v2\/users\/30"}],"replies":[{"embeddable":true,"href":"https:\/\/tvtecjundiai.com.br\/news\/wp-json\/wp\/v2\/comments?post=108850"}],"version-history":[{"count":4,"href":"https:\/\/tvtecjundiai.com.br\/news\/wp-json\/wp\/v2\/posts\/108850\/revisions"}],"predecessor-version":[{"id":108856,"href":"https:\/\/tvtecjundiai.com.br\/news\/wp-json\/wp\/v2\/posts\/108850\/revisions\/108856"}],"wp:featuredmedia":[{"embeddable":true,"href":"https:\/\/tvtecjundiai.com.br\/news\/wp-json\/wp\/v2\/media\/108852"}],"wp:attachment":[{"href":"https:\/\/tvtecjundiai.com.br\/news\/wp-json\/wp\/v2\/media?parent=108850"}],"wp:term":[{"taxonomy":"category","embeddable":true,"href":"https:\/\/tvtecjundiai.com.br\/news\/wp-json\/wp\/v2\/categories?post=108850"},{"taxonomy":"post_tag","embeddable":true,"href":"https:\/\/tvtecjundiai.com.br\/news\/wp-json\/wp\/v2\/tags?post=108850"}],"curies":[{"name":"wp","href":"https:\/\/api.w.org\/{rel}","templated":true}]}}