{"id":108861,"date":"2023-05-08T15:09:33","date_gmt":"2023-05-08T18:09:33","guid":{"rendered":"https:\/\/tvtecjundiai.com.br\/news\/?p=108861"},"modified":"2023-05-08T15:09:34","modified_gmt":"2023-05-08T18:09:34","slug":"ginastica-ritmica-brasil-leva-ouro-inedito-em-etapa-da-copa-do-mundo","status":"publish","type":"post","link":"https:\/\/tvtecjundiai.com.br\/news\/2023\/05\/08\/ginastica-ritmica-brasil-leva-ouro-inedito-em-etapa-da-copa-do-mundo\/","title":{"rendered":"Gin\u00e1stica r\u00edtmica: Brasil leva ouro in\u00e9dito em etapa da Copa do Mundo"},"content":{"rendered":"\n<p>A sele\u00e7\u00e3o brasileira de gin\u00e1stica emplacou mais uma conquista in\u00e9dita ao faturar a medalha de ouro na etapa de Portim\u00e3o (Portugal) da Copa do Mundo. Neste domingo (7), o conjunto formado por Duda Arakaki, Nicole Pircio, Giovanna Silva, Vict\u00f3ria Borges e Sofia Madeira (e Julia Kurunczi como reserva) arrebatou o p\u00fablico com uma apresenta\u00e7\u00e3o irretoc\u00e1vel que recebeu nota 34.600, superando pot\u00eancias na modalidade, como a Espanha (34.450) que ficou com a prata, e a It\u00e1lia (33.800) com o bronze.<\/p>\n\n\n\n<blockquote class=\"wp-block-quote is-layout-flow wp-block-quote-is-layout-flow\">\n<p>\u201cFelizmente, elas conseguiram fazer uma apresenta\u00e7\u00e3o sem erros vis\u00edveis. A gente sabe que, se n\u00e3o falharmos, vamos ao p\u00f3dio. Al\u00e9m disso, ainda conseguimos o ouro, o que n\u00e3o esper\u00e1vamos, porque foi a vez de a It\u00e1lia errar. Certamente, esse resultado vai fortalecer a confian\u00e7a de todas, para nos mantermos firmes nessa caminhada\u201d, avaliou a treinadora Camila Ferezin, em depoimento \u00e0 Confedera\u00e7\u00e3o Brasileira de Gin\u00e1stica (CBG).<\/p>\n\n\n<div class=\"wp-block-image\">\n<figure class=\"aligncenter size-large is-resized\"><img loading=\"lazy\" decoding=\"async\" src=\"https:\/\/tvtecjundiai.com.br\/news\/wp-content\/uploads\/sites\/2\/2023\/05\/ginastica-brasil-ouroo-1200x900.jpeg\" alt=\"\" class=\"wp-image-108862\" width=\"674\" height=\"506\" srcset=\"https:\/\/tvtecjundiai.com.br\/news\/wp-content\/uploads\/sites\/2\/2023\/05\/ginastica-brasil-ouroo-1200x900.jpeg 1200w, https:\/\/tvtecjundiai.com.br\/news\/wp-content\/uploads\/sites\/2\/2023\/05\/ginastica-brasil-ouroo-300x225.jpeg 300w, https:\/\/tvtecjundiai.com.br\/news\/wp-content\/uploads\/sites\/2\/2023\/05\/ginastica-brasil-ouroo-768x576.jpeg 768w, https:\/\/tvtecjundiai.com.br\/news\/wp-content\/uploads\/sites\/2\/2023\/05\/ginastica-brasil-ouroo-1536x1152.jpeg 1536w, https:\/\/tvtecjundiai.com.br\/news\/wp-content\/uploads\/sites\/2\/2023\/05\/ginastica-brasil-ouroo.jpeg 1600w\" sizes=\"auto, (max-width: 674px) 100vw, 674px\" \/><\/figure>\n<\/div><\/blockquote>\n\n\n\n<p><\/p>\n\n\n\n<p>Desde o ano passado, o pa\u00eds vem ascendendo no cen\u00e1rio internacional. Em setembro, conseguiu seu melhor resultado na hist\u00f3ria ao ficar no top 5 no geral do Mundial, em S\u00f3fia (Bulg\u00e1ria). Nesta temporada, em abril, a paranaense B\u00e1rbara Domingos, de 23 anos, faturou no dia 7 o bronze na fita &#8211; primeira medalha do pa\u00eds na disputa individual \u2013 na etapa da Copa do Mundo, na Bulg\u00e1ria; e uma semana depois conseguiu um ouro in\u00e9dito, tamb\u00e9m na fita, no Grand Prix de Thiais (Fran\u00e7a).<\/p>\n\n\n<div class=\"wp-block-image\">\n<figure class=\"aligncenter size-full is-resized\"><img loading=\"lazy\" decoding=\"async\" src=\"https:\/\/tvtecjundiai.com.br\/news\/wp-content\/uploads\/sites\/2\/2023\/05\/ginastica-ouro-brasil.jpeg\" alt=\"\" class=\"wp-image-108863\" width=\"680\" height=\"461\" srcset=\"https:\/\/tvtecjundiai.com.br\/news\/wp-content\/uploads\/sites\/2\/2023\/05\/ginastica-ouro-brasil.jpeg 1073w, https:\/\/tvtecjundiai.com.br\/news\/wp-content\/uploads\/sites\/2\/2023\/05\/ginastica-ouro-brasil-300x203.jpeg 300w, https:\/\/tvtecjundiai.com.br\/news\/wp-content\/uploads\/sites\/2\/2023\/05\/ginastica-ouro-brasil-768x520.jpeg 768w\" sizes=\"auto, (max-width: 680px) 100vw, 680px\" \/><\/figure>\n<\/div>\n\n\n<p><\/p>\n\n\n\n<p><strong>Ciclo ol\u00edmpico para Paris 2024<\/strong><\/p>\n\n\n\n<p>Na busca por uma vaga na competi\u00e7\u00e3o por equipes nos Jogos de Paris (Fran\u00e7a) &#8211; ser\u00e3o 14 conjuntos (com cinco ginastas cada) &#8211; o Brasil ter\u00e1 de disputar uma das cinco vagas dispon\u00edveis no Campeonato Mundial da modalidade, entre 23 e 27 de agosto, em Val\u00eancia (Espanha). Caso n\u00e3o consiga, ter\u00e1 uma \u00faltima chance de classifica\u00e7\u00e3o se for campe\u00e3o no Campeonato Pan-Americano, previsto para ocorrer entre abril e maio de 2024.<\/p>\n\n\n\n<p>A disputa individual de Paris ter\u00e1 24 ginastas, com limite de duas representantes por pa\u00eds. O Mundial de Val\u00eancia distribuir\u00e1 14 vagas, enquanto o Campeonato Pan-Americano premiar\u00e1 a atleta campe\u00e3.<\/p>\n\n\n\n<p>O Brasil nunca conquistou medalhas na gin\u00e1stica r\u00edtmica em Olimp\u00edadas. O melhor desempenho individual foi o 23\u00ba lugar de Nat\u00e1lia Gaudio, na Rio 2016. Na disputa por equipes, o pa\u00eds alcan\u00e7ou duas vezes a oitava posi\u00e7\u00e3o, nas edi\u00e7\u00f5es de 2000, em Sydney (Austr\u00e1lia), e 2004, em Atenas.<\/p>\n\n\n\n<p><strong><em>(Fonte: Ag\u00eancia Brasil\/Imagens: Confedera\u00e7\u00e3o Brasileira de Gin\u00e1stica)<\/em><\/strong><\/p>\n","protected":false},"excerpt":{"rendered":"<p>Pa\u00eds superou pot\u00eancias como Espanha (prata) e It\u00e1lia (bronze)<\/p>\n","protected":false},"author":30,"featured_media":108863,"comment_status":"closed","ping_status":"0","sticky":false,"template":"","format":"standard","meta":{"footnotes":""},"categories":[2827,1],"tags":[],"class_list":["post-108861","post","type-post","status-publish","format-standard","has-post-thumbnail","hentry","category-esportes-e-lazer","category-noticias"],"_links":{"self":[{"href":"https:\/\/tvtecjundiai.com.br\/news\/wp-json\/wp\/v2\/posts\/108861","targetHints":{"allow":["GET"]}}],"collection":[{"href":"https:\/\/tvtecjundiai.com.br\/news\/wp-json\/wp\/v2\/posts"}],"about":[{"href":"https:\/\/tvtecjundiai.com.br\/news\/wp-json\/wp\/v2\/types\/post"}],"author":[{"embeddable":true,"href":"https:\/\/tvtecjundiai.com.br\/news\/wp-json\/wp\/v2\/users\/30"}],"replies":[{"embeddable":true,"href":"https:\/\/tvtecjundiai.com.br\/news\/wp-json\/wp\/v2\/comments?post=108861"}],"version-history":[{"count":1,"href":"https:\/\/tvtecjundiai.com.br\/news\/wp-json\/wp\/v2\/posts\/108861\/revisions"}],"predecessor-version":[{"id":108864,"href":"https:\/\/tvtecjundiai.com.br\/news\/wp-json\/wp\/v2\/posts\/108861\/revisions\/108864"}],"wp:featuredmedia":[{"embeddable":true,"href":"https:\/\/tvtecjundiai.com.br\/news\/wp-json\/wp\/v2\/media\/108863"}],"wp:attachment":[{"href":"https:\/\/tvtecjundiai.com.br\/news\/wp-json\/wp\/v2\/media?parent=108861"}],"wp:term":[{"taxonomy":"category","embeddable":true,"href":"https:\/\/tvtecjundiai.com.br\/news\/wp-json\/wp\/v2\/categories?post=108861"},{"taxonomy":"post_tag","embeddable":true,"href":"https:\/\/tvtecjundiai.com.br\/news\/wp-json\/wp\/v2\/tags?post=108861"}],"curies":[{"name":"wp","href":"https:\/\/api.w.org\/{rel}","templated":true}]}}