{"id":108865,"date":"2023-05-08T15:17:36","date_gmt":"2023-05-08T18:17:36","guid":{"rendered":"https:\/\/tvtecjundiai.com.br\/news\/?p=108865"},"modified":"2023-05-08T15:17:38","modified_gmt":"2023-05-08T18:17:38","slug":"paciente-do-hospital-sao-vicente-encerra-tratamento-quimioterapico-e-recebe-homenagem","status":"publish","type":"post","link":"https:\/\/tvtecjundiai.com.br\/news\/2023\/05\/08\/paciente-do-hospital-sao-vicente-encerra-tratamento-quimioterapico-e-recebe-homenagem\/","title":{"rendered":"Paciente do Hospital S\u00e3o Vicente encerra tratamento quimioter\u00e1pico e recebe homenagem"},"content":{"rendered":"\n<p>O m\u00eas de maio ficar\u00e1 marcado na mem\u00f3ria de Josilene Castro, de 44 anos, como um novo come\u00e7o. No dia 2, a paciente concluiu com sucesso a \u00faltima sess\u00e3o de quimioterapia e finalizou, no Hospital S\u00e3o Vicente, o tratamento contra um c\u00e2ncer de mama descoberto em outubro do ano passado. Josilene foi homenageada por colaboradores do setor de Quimioterapia do Hospital, familiares, amigas e colegas de trabalho pela for\u00e7a de vontade em vencer uma doen\u00e7a que carrega tanto estigma e, em muitos casos, n\u00e3o tem um final feliz.<\/p>\n\n\n\n<p>Luana Ara\u00fajo, amiga da paciente, foi respons\u00e1vel por mobilizar as pessoas e organizar a surpresa. Segundo ela, foi uma felicidade imensa poder encerrar este ciclo juntas, j\u00e1 que esteve ao lado de Josilene desde o in\u00edcio. \u201cA \u00faltima sess\u00e3o de quimio \u00e9 um dia importante na vida de todos aqueles que lutaram bravamente para alcan\u00e7ar essa vit\u00f3ria, um grande marco na vida do paciente, \u00e9 como nascer de novo, e n\u00e3o pod\u00edamos deixar de parabenizar uma grande amiga, s\u00edmbolo de mulher guerreira\u201d.<\/p>\n\n\n\n<p>\u201cAgrade\u00e7o a Deus por todo o ensinamento durante essa jornada. Sempre acreditei que esse momento iria chegar, e para mim \u00e9 uma grande vit\u00f3ria! Sou grata a equipe excelente que me acolheu e cuidou de mim, s\u00e3o profissionais maravilhosos, amorosos e muito atenciosos\u201d, compartilhou Josilene, emocionada.<\/p>\n\n\n<div class=\"wp-block-image\">\n<figure class=\"aligncenter size-full is-resized\"><img loading=\"lazy\" decoding=\"async\" src=\"https:\/\/tvtecjundiai.com.br\/news\/wp-content\/uploads\/sites\/2\/2023\/05\/Amigos-prestam-homenagem-a-ultima-sessao-de-Quimiotera-pia-a-paciente-oncologica.jpg\" alt=\"\" class=\"wp-image-108866\" width=\"698\" height=\"524\" srcset=\"https:\/\/tvtecjundiai.com.br\/news\/wp-content\/uploads\/sites\/2\/2023\/05\/Amigos-prestam-homenagem-a-ultima-sessao-de-Quimiotera-pia-a-paciente-oncologica.jpg 960w, https:\/\/tvtecjundiai.com.br\/news\/wp-content\/uploads\/sites\/2\/2023\/05\/Amigos-prestam-homenagem-a-ultima-sessao-de-Quimiotera-pia-a-paciente-oncologica-300x225.jpg 300w, https:\/\/tvtecjundiai.com.br\/news\/wp-content\/uploads\/sites\/2\/2023\/05\/Amigos-prestam-homenagem-a-ultima-sessao-de-Quimiotera-pia-a-paciente-oncologica-768x576.jpg 768w\" sizes=\"auto, (max-width: 698px) 100vw, 698px\" \/><\/figure>\n<\/div>\n\n\n<p><\/p>\n\n\n\n<p><strong><em>(Fonte\/Imagem: Assessoria Hospital S\u00e3o Vicente)<\/em><\/strong><\/p>\n","protected":false},"excerpt":{"rendered":"<p>Josilene Castro encerrou o tratamento contra um c\u00e2ncer de mama descoberto no ano passado<\/p>\n","protected":false},"author":30,"featured_media":108866,"comment_status":"closed","ping_status":"0","sticky":false,"template":"","format":"standard","meta":{"footnotes":""},"categories":[8356,1,2839],"tags":[],"class_list":["post-108865","post","type-post","status-publish","format-standard","has-post-thumbnail","hentry","category-jundiai","category-noticias","category-saude"],"_links":{"self":[{"href":"https:\/\/tvtecjundiai.com.br\/news\/wp-json\/wp\/v2\/posts\/108865","targetHints":{"allow":["GET"]}}],"collection":[{"href":"https:\/\/tvtecjundiai.com.br\/news\/wp-json\/wp\/v2\/posts"}],"about":[{"href":"https:\/\/tvtecjundiai.com.br\/news\/wp-json\/wp\/v2\/types\/post"}],"author":[{"embeddable":true,"href":"https:\/\/tvtecjundiai.com.br\/news\/wp-json\/wp\/v2\/users\/30"}],"replies":[{"embeddable":true,"href":"https:\/\/tvtecjundiai.com.br\/news\/wp-json\/wp\/v2\/comments?post=108865"}],"version-history":[{"count":1,"href":"https:\/\/tvtecjundiai.com.br\/news\/wp-json\/wp\/v2\/posts\/108865\/revisions"}],"predecessor-version":[{"id":108867,"href":"https:\/\/tvtecjundiai.com.br\/news\/wp-json\/wp\/v2\/posts\/108865\/revisions\/108867"}],"wp:featuredmedia":[{"embeddable":true,"href":"https:\/\/tvtecjundiai.com.br\/news\/wp-json\/wp\/v2\/media\/108866"}],"wp:attachment":[{"href":"https:\/\/tvtecjundiai.com.br\/news\/wp-json\/wp\/v2\/media?parent=108865"}],"wp:term":[{"taxonomy":"category","embeddable":true,"href":"https:\/\/tvtecjundiai.com.br\/news\/wp-json\/wp\/v2\/categories?post=108865"},{"taxonomy":"post_tag","embeddable":true,"href":"https:\/\/tvtecjundiai.com.br\/news\/wp-json\/wp\/v2\/tags?post=108865"}],"curies":[{"name":"wp","href":"https:\/\/api.w.org\/{rel}","templated":true}]}}