{"id":108871,"date":"2023-05-08T17:45:41","date_gmt":"2023-05-08T20:45:41","guid":{"rendered":"https:\/\/tvtecjundiai.com.br\/news\/?p=108871"},"modified":"2023-05-08T17:45:46","modified_gmt":"2023-05-08T20:45:46","slug":"aulas-de-karate-da-ugel-reunem-todas-as-geracoes","status":"publish","type":"post","link":"https:\/\/tvtecjundiai.com.br\/news\/2023\/05\/08\/aulas-de-karate-da-ugel-reunem-todas-as-geracoes\/","title":{"rendered":"Aulas de karat\u00ea da UGEL re\u00fanem todas as gera\u00e7\u00f5es"},"content":{"rendered":"\n<p>Aos 81 anos e com disposi\u00e7\u00e3o contagiante, o metal\u00fargico aposentado Paulo Muniz realizou o sonho de chegar \u00e0 faixa preta no karat\u00ea. Ele \u00e9 um dos alunos da modalidade ofertada pela Unidade de Gest\u00e3o de Esporte e Lazer (UGEL), a partir do Departamento de Esporte Educacional e Participa\u00e7\u00e3o.<\/p>\n\n\n\n<p>O atleta treina no Complexo Educacional, Cultural e Esportivo (CECE) Dr. Rom\u00e3o de Souza, na Col\u00f4nia, e no CECE Jardim \u00c2ngela, na Vila Aparecida. Focado na manuten\u00e7\u00e3o da qualidade de vida, ele tamb\u00e9m faz aulas de muscula\u00e7\u00e3o e gin\u00e1stica corporal ofertadas pelo Munic\u00edpio. Ser carateca era um desejo que nasceu na inf\u00e2ncia.<\/p>\n\n\n\n<p>\u201cDesde menino, eu queria muito treinar, mas tive que deixar a escola para ajudar no sustento dos meus av\u00f3s, com quem morava. Faz oito anos que estou na turma. Estou muito feliz. O esporte me ajuda no equil\u00edbrio, nos sentimentos, nas quest\u00f5es de sa\u00fade e me d\u00e1 a oportunidade de estar com pessoas bacanas. Foi uma emo\u00e7\u00e3o quando peguei a minha faixa preta, gra\u00e7as a tudo que aprendi nas turmas\u201d, contou Muniz, com sorriso largo no rosto.<\/p>\n\n\n<div class=\"wp-block-image\">\n<figure class=\"aligncenter size-large\"><img loading=\"lazy\" decoding=\"async\" width=\"1200\" height=\"801\" src=\"https:\/\/tvtecjundiai.com.br\/news\/wp-content\/uploads\/sites\/2\/2023\/05\/cece-jardim-angela-projeto-karate_fm_-70-3-1280x854-1-1200x801.jpg\" alt=\"\" class=\"wp-image-108873\" srcset=\"https:\/\/tvtecjundiai.com.br\/news\/wp-content\/uploads\/sites\/2\/2023\/05\/cece-jardim-angela-projeto-karate_fm_-70-3-1280x854-1-1200x801.jpg 1200w, https:\/\/tvtecjundiai.com.br\/news\/wp-content\/uploads\/sites\/2\/2023\/05\/cece-jardim-angela-projeto-karate_fm_-70-3-1280x854-1-300x200.jpg 300w, https:\/\/tvtecjundiai.com.br\/news\/wp-content\/uploads\/sites\/2\/2023\/05\/cece-jardim-angela-projeto-karate_fm_-70-3-1280x854-1-768x512.jpg 768w, https:\/\/tvtecjundiai.com.br\/news\/wp-content\/uploads\/sites\/2\/2023\/05\/cece-jardim-angela-projeto-karate_fm_-70-3-1280x854-1.jpg 1280w\" sizes=\"auto, (max-width: 1200px) 100vw, 1200px\" \/><figcaption class=\"wp-element-caption\">Durante os treinos, uns ensinam aos outros<\/figcaption><\/figure>\n<\/div>\n\n\n<p>O projeto soma cerca de 350 pessoas em turmas mistas. Um dos diferenciais \u00e9 reunir v\u00e1rias gera\u00e7\u00f5es. \u201cTrabalhamos a intergeracionalidade, juntamente com parte t\u00e9cnica da modalidade. O karat\u00ea auxilia na qualidade de vida, ao mesmo tempo que ensina disciplina, respeito ao pr\u00f3ximo, paci\u00eancia, entre outros pontos. Reunindo pessoas de diversas idades e gradua\u00e7\u00f5es, uns ensinam os outros, tanto os movimentos como valores que levar\u00e3o para sempre\u201d, destaca o professor Anderson Luis Bogniotti, conhecido como Ton.<\/p>\n\n\n\n<p><strong>Mais benef\u00edcios<\/strong><br>A assistente administrativa Vanessa Costa ressalta os benef\u00edcios para a filha Esther, uma das ca\u00e7ula das turmas, com seis anos de idade. \u201cEla estava com o colesterol alto e faz somente tr\u00eas meses que est\u00e1 treinando. J\u00e1 adquiriu mais disciplinada e melhorou a alimenta\u00e7\u00e3o.\u201d<br><br>De acordo com o gestor de Esporte e Lazer, Lu\u00eds Claudio Tarallo, Jundia\u00ed oferta, al\u00e9m do karat\u00ea, v\u00e1rias modalidades esportivas nos Centros Esportivos e nas Unidades de Apoio, visando a qualidade de vida de toda a popula\u00e7\u00e3o. \u201cEm todas as regi\u00f5es da cidade, temos projeto voltados para todas as idades, que v\u00e3o al\u00e9m da pr\u00e1tica da atividade f\u00edsica, promovendo a socializa\u00e7\u00e3o. A gest\u00e3o do prefeito Luiz Fernando investe no esporte, a partir de melhorias nos equipamentos, bons projetos e com uma equipe qualificada\u201d, enfatiza.<br><br>Todas as atividades desenvolvidas no CECEs e nas Unidades de Apoio s\u00e3o gratuitas. Cada equipamento tem uma programa\u00e7\u00e3o de aulas.\u00a0<a href=\"https:\/\/jundiai.sp.gov.br\/esportes\/complexos-educacionais-culturais-e-esportivos\/\">Confira no link<\/a>. A disponibiliza\u00e7\u00e3o de vagas pode ser conferida com os professores das turmas.<\/p>\n\n\n<div class=\"wp-block-image\">\n<figure class=\"aligncenter size-large is-resized\"><img loading=\"lazy\" decoding=\"async\" src=\"https:\/\/tvtecjundiai.com.br\/news\/wp-content\/uploads\/sites\/2\/2023\/05\/cece-jardim-angela-projeto-karate_fm_-30-1280x838-1-1200x786.jpg\" alt=\"\" class=\"wp-image-108872\" width=\"840\" height=\"550\" srcset=\"https:\/\/tvtecjundiai.com.br\/news\/wp-content\/uploads\/sites\/2\/2023\/05\/cece-jardim-angela-projeto-karate_fm_-30-1280x838-1-1200x786.jpg 1200w, https:\/\/tvtecjundiai.com.br\/news\/wp-content\/uploads\/sites\/2\/2023\/05\/cece-jardim-angela-projeto-karate_fm_-30-1280x838-1-300x196.jpg 300w, https:\/\/tvtecjundiai.com.br\/news\/wp-content\/uploads\/sites\/2\/2023\/05\/cece-jardim-angela-projeto-karate_fm_-30-1280x838-1-768x503.jpg 768w, https:\/\/tvtecjundiai.com.br\/news\/wp-content\/uploads\/sites\/2\/2023\/05\/cece-jardim-angela-projeto-karate_fm_-30-1280x838-1.jpg 1280w\" sizes=\"auto, (max-width: 840px) 100vw, 840px\" \/><figcaption class=\"wp-element-caption\">As turmas de karat\u00ea s\u00e3o mistas e o diferencial \u00e9 reunir v\u00e1rias gera\u00e7\u00f5es<\/figcaption><\/figure>\n<\/div>\n\n\n<p><strong><em>(Fonte\/Imagem: Prefeitura de Jundia\u00ed)<\/em><\/strong><\/p>\n","protected":false},"excerpt":{"rendered":"<p>As turmas de karat\u00ea s\u00e3o mistas e o diferencial \u00e9 reunir v\u00e1rias gera\u00e7\u00f5es<\/p>\n","protected":false},"author":30,"featured_media":108873,"comment_status":"closed","ping_status":"0","sticky":false,"template":"","format":"standard","meta":{"footnotes":""},"categories":[2827,8356,1],"tags":[],"class_list":["post-108871","post","type-post","status-publish","format-standard","has-post-thumbnail","hentry","category-esportes-e-lazer","category-jundiai","category-noticias"],"_links":{"self":[{"href":"https:\/\/tvtecjundiai.com.br\/news\/wp-json\/wp\/v2\/posts\/108871","targetHints":{"allow":["GET"]}}],"collection":[{"href":"https:\/\/tvtecjundiai.com.br\/news\/wp-json\/wp\/v2\/posts"}],"about":[{"href":"https:\/\/tvtecjundiai.com.br\/news\/wp-json\/wp\/v2\/types\/post"}],"author":[{"embeddable":true,"href":"https:\/\/tvtecjundiai.com.br\/news\/wp-json\/wp\/v2\/users\/30"}],"replies":[{"embeddable":true,"href":"https:\/\/tvtecjundiai.com.br\/news\/wp-json\/wp\/v2\/comments?post=108871"}],"version-history":[{"count":1,"href":"https:\/\/tvtecjundiai.com.br\/news\/wp-json\/wp\/v2\/posts\/108871\/revisions"}],"predecessor-version":[{"id":108874,"href":"https:\/\/tvtecjundiai.com.br\/news\/wp-json\/wp\/v2\/posts\/108871\/revisions\/108874"}],"wp:featuredmedia":[{"embeddable":true,"href":"https:\/\/tvtecjundiai.com.br\/news\/wp-json\/wp\/v2\/media\/108873"}],"wp:attachment":[{"href":"https:\/\/tvtecjundiai.com.br\/news\/wp-json\/wp\/v2\/media?parent=108871"}],"wp:term":[{"taxonomy":"category","embeddable":true,"href":"https:\/\/tvtecjundiai.com.br\/news\/wp-json\/wp\/v2\/categories?post=108871"},{"taxonomy":"post_tag","embeddable":true,"href":"https:\/\/tvtecjundiai.com.br\/news\/wp-json\/wp\/v2\/tags?post=108871"}],"curies":[{"name":"wp","href":"https:\/\/api.w.org\/{rel}","templated":true}]}}