{"id":108875,"date":"2023-05-09T09:29:33","date_gmt":"2023-05-09T12:29:33","guid":{"rendered":"https:\/\/tvtecjundiai.com.br\/news\/?p=108875"},"modified":"2023-05-09T09:29:35","modified_gmt":"2023-05-09T12:29:35","slug":"jundiai-empreendedora-tauste-realiza-processo-seletivo-esta-semana","status":"publish","type":"post","link":"https:\/\/tvtecjundiai.com.br\/news\/2023\/05\/09\/jundiai-empreendedora-tauste-realiza-processo-seletivo-esta-semana\/","title":{"rendered":"Jundia\u00ed Empreendedora: Tauste realiza processo seletivo esta semana"},"content":{"rendered":"\n<p>Com apoio da Unidade de Desenvolvimento Econ\u00f4mico, Ci\u00eancia e Tecnologia (UGDECT), por meio do programa Jundia\u00ed Empreendedora, a rede de supermercados Tauste realiza nesta ter\u00e7a-feira (9) e quinta-feira (11) o processo seletivo para preenchimento de vagas para diferentes cargos.<\/p>\n\n\n\n<p>A sele\u00e7\u00e3o dos candidatos acontece no Espa\u00e7o Jundia\u00ed Empreendedora, no Maxi Shopping (avenida Ant\u00f4nio Frederico Ozanan, 6000 \u2013 Piso G3\/Ala Oeste). O processo ser\u00e1 das 8h \u00e0s 16h30.<\/p>\n\n\n\n<p>As vagas oferecidas s\u00e3o: assistente de limpeza (diurno e noturno); assistente de restaurante; assistente de padaria; a\u00e7ougueiro assistente e repositor para mercearia, frios e feira.<\/p>\n\n\n\n<p>Os interessados devem cadastrar o curr\u00edculo no\u00a0Portal Jundia\u00ed Empreendedora\u00a0e candidatar-se na vaga ofertada. Ap\u00f3s o cadastro, o candidato deve comparecer no local com os documentos pessoais (RG, CPF e PIS) e curr\u00edculo.<\/p>\n\n\n<div class=\"wp-block-image\">\n<figure class=\"aligncenter size-large\"><img loading=\"lazy\" decoding=\"async\" width=\"1200\" height=\"800\" src=\"https:\/\/tvtecjundiai.com.br\/news\/wp-content\/uploads\/sites\/2\/2023\/05\/jundiai-empreendedora-carteia-de-trabalho_fm_-34-1280x853-2-1200x800.jpg\" alt=\"\" class=\"wp-image-108876\" srcset=\"https:\/\/tvtecjundiai.com.br\/news\/wp-content\/uploads\/sites\/2\/2023\/05\/jundiai-empreendedora-carteia-de-trabalho_fm_-34-1280x853-2-1200x800.jpg 1200w, https:\/\/tvtecjundiai.com.br\/news\/wp-content\/uploads\/sites\/2\/2023\/05\/jundiai-empreendedora-carteia-de-trabalho_fm_-34-1280x853-2-300x200.jpg 300w, https:\/\/tvtecjundiai.com.br\/news\/wp-content\/uploads\/sites\/2\/2023\/05\/jundiai-empreendedora-carteia-de-trabalho_fm_-34-1280x853-2-768x512.jpg 768w, https:\/\/tvtecjundiai.com.br\/news\/wp-content\/uploads\/sites\/2\/2023\/05\/jundiai-empreendedora-carteia-de-trabalho_fm_-34-1280x853-2.jpg 1280w\" sizes=\"auto, (max-width: 1200px) 100vw, 1200px\" \/><\/figure>\n<\/div>\n\n\n<p><\/p>\n\n\n\n<p>De acordo com a empresa, todos que comparecerem ser\u00e3o entrevistados e, caso n\u00e3o haja vaga dispon\u00edvel para o perfil do candidato naquele momento, o curr\u00edculo ser\u00e1 armazenado at\u00e9 que uma nova oportunidade surja.<\/p>\n\n\n\n<p>A empresa que deseja utilizar o Espa\u00e7o Jundia\u00ed Empreendedora deve entrar em contato pelo telefone (11) 4582-8585 ou pelo link do portal.<\/p>\n\n\n\n<p><strong>Processo seletivo &#8211; Tauste<\/strong><\/p>\n\n\n\n<p><strong>Vagas:\u00a0<\/strong>assistente de limpeza (diurno e noturno); assistente de restaurante; assistente de padaria; a\u00e7ougueiro assistente e repositor para mercearia, frios e feira.<\/p>\n\n\n\n<p><strong>Datas:<\/strong>\u00a009\/05 e 11\/05<\/p>\n\n\n\n<p><strong>Hor\u00e1rio:<\/strong>\u00a0das 8h \u00e0s 16h30<\/p>\n\n\n\n<p><strong><em>(Fonte\/Imagem: Prefeitura de Jundia\u00ed)<\/em><\/strong><\/p>\n","protected":false},"excerpt":{"rendered":"<p>Ap\u00f3s o cadastro do curr\u00edculo, o candidato deve comparecer no local com os documentos pessoais <\/p>\n","protected":false},"author":30,"featured_media":108876,"comment_status":"closed","ping_status":"0","sticky":false,"template":"","format":"standard","meta":{"footnotes":""},"categories":[5038,8363,8356,1],"tags":[],"class_list":["post-108875","post","type-post","status-publish","format-standard","has-post-thumbnail","hentry","category-emprego","category-emprego-2","category-jundiai","category-noticias"],"_links":{"self":[{"href":"https:\/\/tvtecjundiai.com.br\/news\/wp-json\/wp\/v2\/posts\/108875","targetHints":{"allow":["GET"]}}],"collection":[{"href":"https:\/\/tvtecjundiai.com.br\/news\/wp-json\/wp\/v2\/posts"}],"about":[{"href":"https:\/\/tvtecjundiai.com.br\/news\/wp-json\/wp\/v2\/types\/post"}],"author":[{"embeddable":true,"href":"https:\/\/tvtecjundiai.com.br\/news\/wp-json\/wp\/v2\/users\/30"}],"replies":[{"embeddable":true,"href":"https:\/\/tvtecjundiai.com.br\/news\/wp-json\/wp\/v2\/comments?post=108875"}],"version-history":[{"count":1,"href":"https:\/\/tvtecjundiai.com.br\/news\/wp-json\/wp\/v2\/posts\/108875\/revisions"}],"predecessor-version":[{"id":108877,"href":"https:\/\/tvtecjundiai.com.br\/news\/wp-json\/wp\/v2\/posts\/108875\/revisions\/108877"}],"wp:featuredmedia":[{"embeddable":true,"href":"https:\/\/tvtecjundiai.com.br\/news\/wp-json\/wp\/v2\/media\/108876"}],"wp:attachment":[{"href":"https:\/\/tvtecjundiai.com.br\/news\/wp-json\/wp\/v2\/media?parent=108875"}],"wp:term":[{"taxonomy":"category","embeddable":true,"href":"https:\/\/tvtecjundiai.com.br\/news\/wp-json\/wp\/v2\/categories?post=108875"},{"taxonomy":"post_tag","embeddable":true,"href":"https:\/\/tvtecjundiai.com.br\/news\/wp-json\/wp\/v2\/tags?post=108875"}],"curies":[{"name":"wp","href":"https:\/\/api.w.org\/{rel}","templated":true}]}}