{"id":108878,"date":"2023-05-09T09:35:44","date_gmt":"2023-05-09T12:35:44","guid":{"rendered":"https:\/\/tvtecjundiai.com.br\/news\/?p=108878"},"modified":"2023-05-09T09:35:49","modified_gmt":"2023-05-09T12:35:49","slug":"plano-de-desenvolvimento-economico-inovacao-e-internacionalizacao-e-discutido-na-camara-municipal","status":"publish","type":"post","link":"https:\/\/tvtecjundiai.com.br\/news\/2023\/05\/09\/plano-de-desenvolvimento-economico-inovacao-e-internacionalizacao-e-discutido-na-camara-municipal\/","title":{"rendered":"Plano de Desenvolvimento Econ\u00f4mico, Inova\u00e7\u00e3o e Internacionaliza\u00e7\u00e3o \u00e9 discutido na C\u00e2mara Municipal"},"content":{"rendered":"\n<p>A Unidade de Desenvolvimento Econ\u00f4mico, Ci\u00eancia e Tecnologia (UGDECT) da Prefeitura de Jundia\u00ed participou nesta segunda (8), na C\u00e2mara Municipal, de uma reuni\u00e3o proposta pela Comiss\u00e3o Especial respons\u00e1vel por acompanhar o primeiro\u00a0Plano Municipal de Desenvolvimento Econ\u00f4mico, Inova\u00e7\u00e3o e Internacionaliza\u00e7\u00e3o. O vereador M\u00e1rcio Pentecostes de Souza, presidente da comiss\u00e3o, e os integrantes fizeram perguntas diretamente ao gestor Cristiano Lopes.<\/p>\n\n\n\n<p>De acordo com Lopes, o plano j\u00e1 est\u00e1 na fase do diagn\u00f3stico, que deve ser apresentado no pr\u00f3ximo dia 19, no audit\u00f3rio da Faculdade de Medicina de Jundia\u00ed (FMJ). A elabora\u00e7\u00e3o teve in\u00edcio em janeiro deste ano e mais de 300 pessoas j\u00e1 foram ouvidas.<\/p>\n\n\n\n<figure class=\"wp-block-image size-large\"><img loading=\"lazy\" decoding=\"async\" width=\"1200\" height=\"801\" src=\"https:\/\/tvtecjundiai.com.br\/news\/wp-content\/uploads\/sites\/2\/2023\/05\/img-7358-1536x1025-1-1200x801.jpg\" alt=\"\" class=\"wp-image-108879\" srcset=\"https:\/\/tvtecjundiai.com.br\/news\/wp-content\/uploads\/sites\/2\/2023\/05\/img-7358-1536x1025-1-1200x801.jpg 1200w, https:\/\/tvtecjundiai.com.br\/news\/wp-content\/uploads\/sites\/2\/2023\/05\/img-7358-1536x1025-1-300x200.jpg 300w, https:\/\/tvtecjundiai.com.br\/news\/wp-content\/uploads\/sites\/2\/2023\/05\/img-7358-1536x1025-1-768x512.jpg 768w, https:\/\/tvtecjundiai.com.br\/news\/wp-content\/uploads\/sites\/2\/2023\/05\/img-7358-1536x1025-1.jpg 1280w\" sizes=\"auto, (max-width: 1200px) 100vw, 1200px\" \/><\/figure>\n\n\n\n<p><\/p>\n\n\n\n<p>\u201cJ\u00e1 foram feitas 14 oficinas com diferentes grupos da sociedade, al\u00e9m de quatro reuni\u00f5es espec\u00edficas para forma\u00e7\u00e3o dos servidores p\u00fablicos. Trata-se de uma iniciativa in\u00e9dita e ampla que tem objetivo de potencializar o desenvolvimento econ\u00f4mico, como a gera\u00e7\u00e3o de renda, a qualifica\u00e7\u00e3o profissional e a valoriza\u00e7\u00e3o do empreendedorismo \u2013 sobretudo dos pequenos e microempreendedores\u201d, destacou o gestor.<\/p>\n\n\n\n<p>Os mun\u00edcipes puderam acompanhar a reuni\u00e3o no Plen\u00e1rio da Casa, ao vivo pela TV C\u00e2mara Jundia\u00ed, nos canais 12.2 UHF e 4 NET, e pela internet, no Facebook e YouTube. \u201cA C\u00e2mara Municipal est\u00e1 \u00e0 disposi\u00e7\u00e3o da popula\u00e7\u00e3o. Neste caso do Plano de Desenvolvimento Econ\u00f4mico, Inova\u00e7\u00e3o e Internacionaliza\u00e7\u00e3o, antes de chegar para an\u00e1lise dos vereadores j\u00e1 estamos sendo ouvidos, o que nos deixa muito satisfeitos\u201d, comentou Souza, presidente da comiss\u00e3o.<\/p>\n\n\n\n<figure class=\"wp-block-image size-large\"><img loading=\"lazy\" decoding=\"async\" width=\"1200\" height=\"801\" src=\"https:\/\/tvtecjundiai.com.br\/news\/wp-content\/uploads\/sites\/2\/2023\/05\/img-7357-1280x854-1-1200x801.jpg\" alt=\"\" class=\"wp-image-108880\" srcset=\"https:\/\/tvtecjundiai.com.br\/news\/wp-content\/uploads\/sites\/2\/2023\/05\/img-7357-1280x854-1-1200x801.jpg 1200w, https:\/\/tvtecjundiai.com.br\/news\/wp-content\/uploads\/sites\/2\/2023\/05\/img-7357-1280x854-1-300x200.jpg 300w, https:\/\/tvtecjundiai.com.br\/news\/wp-content\/uploads\/sites\/2\/2023\/05\/img-7357-1280x854-1-768x512.jpg 768w, https:\/\/tvtecjundiai.com.br\/news\/wp-content\/uploads\/sites\/2\/2023\/05\/img-7357-1280x854-1.jpg 1280w\" sizes=\"auto, (max-width: 1200px) 100vw, 1200px\" \/><\/figure>\n\n\n\n<p><\/p>\n\n\n\n<p>Participaram tamb\u00e9m o gestor adjunto de Empreendedorismo, Wagner Soares, e o professor Paulo Silvino Ribeiro, mestre e doutor em Sociologia, coordenador da FESPSP (Funda\u00e7\u00e3o Escola de Sociologia e Pol\u00edtica do Estado de S\u00e3o Paulo), que d\u00e1 suporte \u00e0 elabora\u00e7\u00e3o do PDEII.<\/p>\n\n\n\n<p><em><strong>(Fonte\/Imagens: Prefeitura de Jundia\u00ed)<\/strong><\/em><\/p>\n","protected":false},"excerpt":{"rendered":"<p>O plano j\u00e1 est\u00e1 na fase do diagn\u00f3stico, que deve ser apresentado no dia 19 de maio<\/p>\n","protected":false},"author":30,"featured_media":108879,"comment_status":"closed","ping_status":"0","sticky":false,"template":"","format":"standard","meta":{"footnotes":""},"categories":[8357,8356,1],"tags":[],"class_list":["post-108878","post","type-post","status-publish","format-standard","has-post-thumbnail","hentry","category-gestao","category-jundiai","category-noticias"],"_links":{"self":[{"href":"https:\/\/tvtecjundiai.com.br\/news\/wp-json\/wp\/v2\/posts\/108878","targetHints":{"allow":["GET"]}}],"collection":[{"href":"https:\/\/tvtecjundiai.com.br\/news\/wp-json\/wp\/v2\/posts"}],"about":[{"href":"https:\/\/tvtecjundiai.com.br\/news\/wp-json\/wp\/v2\/types\/post"}],"author":[{"embeddable":true,"href":"https:\/\/tvtecjundiai.com.br\/news\/wp-json\/wp\/v2\/users\/30"}],"replies":[{"embeddable":true,"href":"https:\/\/tvtecjundiai.com.br\/news\/wp-json\/wp\/v2\/comments?post=108878"}],"version-history":[{"count":1,"href":"https:\/\/tvtecjundiai.com.br\/news\/wp-json\/wp\/v2\/posts\/108878\/revisions"}],"predecessor-version":[{"id":108881,"href":"https:\/\/tvtecjundiai.com.br\/news\/wp-json\/wp\/v2\/posts\/108878\/revisions\/108881"}],"wp:featuredmedia":[{"embeddable":true,"href":"https:\/\/tvtecjundiai.com.br\/news\/wp-json\/wp\/v2\/media\/108879"}],"wp:attachment":[{"href":"https:\/\/tvtecjundiai.com.br\/news\/wp-json\/wp\/v2\/media?parent=108878"}],"wp:term":[{"taxonomy":"category","embeddable":true,"href":"https:\/\/tvtecjundiai.com.br\/news\/wp-json\/wp\/v2\/categories?post=108878"},{"taxonomy":"post_tag","embeddable":true,"href":"https:\/\/tvtecjundiai.com.br\/news\/wp-json\/wp\/v2\/tags?post=108878"}],"curies":[{"name":"wp","href":"https:\/\/api.w.org\/{rel}","templated":true}]}}