{"id":108882,"date":"2023-05-09T09:40:41","date_gmt":"2023-05-09T12:40:41","guid":{"rendered":"https:\/\/tvtecjundiai.com.br\/news\/?p=108882"},"modified":"2023-05-09T09:40:44","modified_gmt":"2023-05-09T12:40:44","slug":"festivais-tematicos-no-espaco-expressa-ganham-novas-datas","status":"publish","type":"post","link":"https:\/\/tvtecjundiai.com.br\/news\/2023\/05\/09\/festivais-tematicos-no-espaco-expressa-ganham-novas-datas\/","title":{"rendered":"Festivais tem\u00e1ticos no Espa\u00e7o Expressa ganham novas datas"},"content":{"rendered":"\n<p>A Unidade de Gest\u00e3o de Cultura (UGC) definiu novas datas para a realiza\u00e7\u00e3o dos festivais tem\u00e1ticos no Espa\u00e7o Expressa (antigo Complexo Fepasa). O novo cronograma adia a realiza\u00e7\u00e3o das programa\u00e7\u00f5es para o segundo semestre, diferentemente de como havia sido previamente divulgado, em vista das frentes de trabalho de revitaliza\u00e7\u00f5es e melhorias em curso no local e que inviabilizariam a presen\u00e7a numerosa do p\u00fablico.<\/p>\n\n\n\n<p>Os festivais tem\u00e1ticos v\u00e3o ao encontro do novo plano de ocupa\u00e7\u00e3o do Expressa, aprovado por seu Plano Diretor de uso, e que levam em conta a nova ocupa\u00e7\u00e3o enquanto centro cultural. Tamb\u00e9m com base em estudos, seu uso \u00e9 definido pela ocupa\u00e7\u00e3o em cinco temas, definidos pelas iniciais com letra \u201cC\u201d, que s\u00e3o: Cidade e Cidadania, Comida, Crian\u00e7a e Cultura, todos eles reunidos no eixo Conviv\u00eancia.<\/p>\n\n\n\n<p>Desta forma, o primeiro festival do ano ser\u00e1 realizado nos dias 29 e 30 julho, com tema \u201cCrian\u00e7a\u201d, tamb\u00e9m alinhado \u00e0s iniciativas do programa municipal Cidade das Crian\u00e7as. At\u00e9 o fim do ano, est\u00e3o previstas edi\u00e7\u00f5es mensais do festival.<\/p>\n\n\n\n<figure class=\"wp-block-image size-large is-resized\"><img loading=\"lazy\" decoding=\"async\" src=\"https:\/\/tvtecjundiai.com.br\/news\/wp-content\/uploads\/sites\/2\/2023\/05\/festival_tematico_expressa-1-1280x854-1-1200x801.jpg\" alt=\"\" class=\"wp-image-108883\" width=\"840\" height=\"560\" srcset=\"https:\/\/tvtecjundiai.com.br\/news\/wp-content\/uploads\/sites\/2\/2023\/05\/festival_tematico_expressa-1-1280x854-1-1200x801.jpg 1200w, https:\/\/tvtecjundiai.com.br\/news\/wp-content\/uploads\/sites\/2\/2023\/05\/festival_tematico_expressa-1-1280x854-1-300x200.jpg 300w, https:\/\/tvtecjundiai.com.br\/news\/wp-content\/uploads\/sites\/2\/2023\/05\/festival_tematico_expressa-1-1280x854-1-768x512.jpg 768w, https:\/\/tvtecjundiai.com.br\/news\/wp-content\/uploads\/sites\/2\/2023\/05\/festival_tematico_expressa-1-1280x854-1.jpg 1280w\" sizes=\"auto, (max-width: 840px) 100vw, 840px\" \/><\/figure>\n\n\n\n<p><\/p>\n\n\n\n<p><em><strong>(Fonte\/Imagem: Prefeitura de Jundia\u00ed)<\/strong><\/em><\/p>\n","protected":false},"excerpt":{"rendered":"<p>O primeiro festival do ano ser\u00e1 realizado nos dias 29 e 30 julho<\/p>\n","protected":false},"author":30,"featured_media":108883,"comment_status":"closed","ping_status":"0","sticky":false,"template":"","format":"standard","meta":{"footnotes":""},"categories":[2833,8356,8354,1],"tags":[],"class_list":["post-108882","post","type-post","status-publish","format-standard","has-post-thumbnail","hentry","category-cultura","category-jundiai","category-lazer","category-noticias"],"_links":{"self":[{"href":"https:\/\/tvtecjundiai.com.br\/news\/wp-json\/wp\/v2\/posts\/108882","targetHints":{"allow":["GET"]}}],"collection":[{"href":"https:\/\/tvtecjundiai.com.br\/news\/wp-json\/wp\/v2\/posts"}],"about":[{"href":"https:\/\/tvtecjundiai.com.br\/news\/wp-json\/wp\/v2\/types\/post"}],"author":[{"embeddable":true,"href":"https:\/\/tvtecjundiai.com.br\/news\/wp-json\/wp\/v2\/users\/30"}],"replies":[{"embeddable":true,"href":"https:\/\/tvtecjundiai.com.br\/news\/wp-json\/wp\/v2\/comments?post=108882"}],"version-history":[{"count":1,"href":"https:\/\/tvtecjundiai.com.br\/news\/wp-json\/wp\/v2\/posts\/108882\/revisions"}],"predecessor-version":[{"id":108888,"href":"https:\/\/tvtecjundiai.com.br\/news\/wp-json\/wp\/v2\/posts\/108882\/revisions\/108888"}],"wp:featuredmedia":[{"embeddable":true,"href":"https:\/\/tvtecjundiai.com.br\/news\/wp-json\/wp\/v2\/media\/108883"}],"wp:attachment":[{"href":"https:\/\/tvtecjundiai.com.br\/news\/wp-json\/wp\/v2\/media?parent=108882"}],"wp:term":[{"taxonomy":"category","embeddable":true,"href":"https:\/\/tvtecjundiai.com.br\/news\/wp-json\/wp\/v2\/categories?post=108882"},{"taxonomy":"post_tag","embeddable":true,"href":"https:\/\/tvtecjundiai.com.br\/news\/wp-json\/wp\/v2\/tags?post=108882"}],"curies":[{"name":"wp","href":"https:\/\/api.w.org\/{rel}","templated":true}]}}