{"id":108900,"date":"2023-05-09T10:22:20","date_gmt":"2023-05-09T13:22:20","guid":{"rendered":"https:\/\/tvtecjundiai.com.br\/news\/?p=108900"},"modified":"2023-05-09T10:22:24","modified_gmt":"2023-05-09T13:22:24","slug":"live-espaco-cultura-exibe-mais-conteudos-artisticos-nesta-quarta-10","status":"publish","type":"post","link":"https:\/\/tvtecjundiai.com.br\/news\/2023\/05\/09\/live-espaco-cultura-exibe-mais-conteudos-artisticos-nesta-quarta-10\/","title":{"rendered":"Live &#8216;Espa\u00e7o Cultura&#8217; exibe mais conte\u00fados art\u00edsticos nesta quarta (10)"},"content":{"rendered":"\n<p>Com media\u00e7\u00e3o do diretor do Departamento de Cultura da UGC, Jo\u00e3o Carlos De Luca, nesta quarta-feira (10) est\u00e1 programada mais uma &#8216;Live: Espa\u00e7o Cultura&#8217;, transmiss\u00e3o semanal via redes sociais como forma de presta\u00e7\u00e3o de servi\u00e7os \u00e0 classe art\u00edstica, esclarecimento de d\u00favidas em geral e sobre o Cadastro de Artistas, al\u00e9m da apresenta\u00e7\u00e3o de editais em andamento.<\/p>\n\n\n\n<p>Com transmiss\u00e3o ao vivo pelos canais da Cultura no\u00a0<a rel=\"noreferrer noopener\" href=\"https:\/\/www.facebook.com\/culturajundiai\" target=\"_blank\">Facebook<\/a>\u00a0e\u00a0<a rel=\"noreferrer noopener\" href=\"https:\/\/www.youtube.com\/c\/CulturaJundia%C3%AD\/featured\" target=\"_blank\">YouTube<\/a>\u00a0a partir das 16h, a live desta semana contar\u00e1 com a exibi\u00e7\u00e3o de conte\u00fados art\u00edsticos de trabalhos contemplados pelos editais lan\u00e7ados pela Unidade em 2021.<\/p>\n\n\n\n<figure class=\"wp-block-gallery has-nested-images columns-default is-cropped wp-block-gallery-1 is-layout-flex wp-block-gallery-is-layout-flex\">\n<figure class=\"wp-block-image size-large\"><img loading=\"lazy\" decoding=\"async\" width=\"1200\" height=\"626\" data-id=\"108901\" src=\"https:\/\/tvtecjundiai.com.br\/news\/wp-content\/uploads\/sites\/2\/2023\/05\/artesanato_decupagem_lei_aldir_blanc_1-1280x668-1-1200x626.jpeg\" alt=\"\" class=\"wp-image-108901\" srcset=\"https:\/\/tvtecjundiai.com.br\/news\/wp-content\/uploads\/sites\/2\/2023\/05\/artesanato_decupagem_lei_aldir_blanc_1-1280x668-1-1200x626.jpeg 1200w, https:\/\/tvtecjundiai.com.br\/news\/wp-content\/uploads\/sites\/2\/2023\/05\/artesanato_decupagem_lei_aldir_blanc_1-1280x668-1-300x157.jpeg 300w, https:\/\/tvtecjundiai.com.br\/news\/wp-content\/uploads\/sites\/2\/2023\/05\/artesanato_decupagem_lei_aldir_blanc_1-1280x668-1-768x401.jpeg 768w, https:\/\/tvtecjundiai.com.br\/news\/wp-content\/uploads\/sites\/2\/2023\/05\/artesanato_decupagem_lei_aldir_blanc_1-1280x668-1.jpeg 1280w\" sizes=\"auto, (max-width: 1200px) 100vw, 1200px\" \/><\/figure>\n\n\n\n<figure class=\"wp-block-image size-large\"><img loading=\"lazy\" decoding=\"async\" width=\"1200\" height=\"666\" data-id=\"108902\" src=\"https:\/\/tvtecjundiai.com.br\/news\/wp-content\/uploads\/sites\/2\/2023\/05\/mulheres_no_mercado-1200x666.jpeg\" alt=\"\" class=\"wp-image-108902\" srcset=\"https:\/\/tvtecjundiai.com.br\/news\/wp-content\/uploads\/sites\/2\/2023\/05\/mulheres_no_mercado-1200x666.jpeg 1200w, https:\/\/tvtecjundiai.com.br\/news\/wp-content\/uploads\/sites\/2\/2023\/05\/mulheres_no_mercado-300x167.jpeg 300w, https:\/\/tvtecjundiai.com.br\/news\/wp-content\/uploads\/sites\/2\/2023\/05\/mulheres_no_mercado-768x427.jpeg 768w, https:\/\/tvtecjundiai.com.br\/news\/wp-content\/uploads\/sites\/2\/2023\/05\/mulheres_no_mercado.jpeg 1273w\" sizes=\"auto, (max-width: 1200px) 100vw, 1200px\" \/><\/figure>\n<\/figure>\n\n\n\n<p><\/p>\n\n\n\n<p>Os trabalhos apresentados nesta semana foram contemplados pela categoria &#8216;Propostas formativas visuais&#8217;. No primeiro, \u201cArtesanato decupagem\u201d, Joeber Nunes traz um v\u00eddeo em que explica, por etapas, a confec\u00e7\u00e3o de uma caixa personalizada, com foco no ganho econ\u00f4mico e no prazer envolvido no fazer art\u00edstico, como meio de inclus\u00e3o social e cultural.<\/p>\n\n\n\n<p>Na sequ\u00eancia, Stephanie Colin apresenta \u201cMulheres no mercado cultural: desafios, dores e amores\u201d, no formato de debate, em que a proponente pretende trazer temas relevantes, mas muitas vezes deixados em segundo plano no mercado cultural. A proposta tamb\u00e9m \u00e9 ressaltar a presen\u00e7a cada vez maior de mulheres nesse mercado predominantemente masculino, demonstrando a atua\u00e7\u00e3o feminina em todos os seus segmentos \u2013 desde artistas, at\u00e9 produtoras e t\u00e9cnicas \u2013 e como as mulheres t\u00eam contribu\u00eddo para mudan\u00e7as de algumas din\u00e2micas. Para o v\u00eddeo, Stephanie traz como convidadas a artista visual e muralista Jamaira Pacheco e a tamb\u00e9m artista, musicista percussionista e pesquisadora Valentina Facury da Silva.<\/p>\n\n\n\n<p>Todas as lives ficam dispon\u00edveis para assistir posteriormente. <\/p>\n\n\n\n<p><strong><em>(Fonte\/Imagem: Prefeitura de Jundia\u00ed) <\/em><\/strong><\/p>\n","protected":false},"excerpt":{"rendered":"<p>Transmiss\u00e3o ao vivo pelos canais da Cultura no\u00a0Facebook\u00a0e\u00a0YouTube\u00a0ser\u00e1 a partir das 16h<\/p>\n","protected":false},"author":30,"featured_media":108901,"comment_status":"closed","ping_status":"0","sticky":false,"template":"","format":"standard","meta":{"footnotes":""},"categories":[2833,8356,1],"tags":[],"class_list":["post-108900","post","type-post","status-publish","format-standard","has-post-thumbnail","hentry","category-cultura","category-jundiai","category-noticias"],"_links":{"self":[{"href":"https:\/\/tvtecjundiai.com.br\/news\/wp-json\/wp\/v2\/posts\/108900","targetHints":{"allow":["GET"]}}],"collection":[{"href":"https:\/\/tvtecjundiai.com.br\/news\/wp-json\/wp\/v2\/posts"}],"about":[{"href":"https:\/\/tvtecjundiai.com.br\/news\/wp-json\/wp\/v2\/types\/post"}],"author":[{"embeddable":true,"href":"https:\/\/tvtecjundiai.com.br\/news\/wp-json\/wp\/v2\/users\/30"}],"replies":[{"embeddable":true,"href":"https:\/\/tvtecjundiai.com.br\/news\/wp-json\/wp\/v2\/comments?post=108900"}],"version-history":[{"count":1,"href":"https:\/\/tvtecjundiai.com.br\/news\/wp-json\/wp\/v2\/posts\/108900\/revisions"}],"predecessor-version":[{"id":108903,"href":"https:\/\/tvtecjundiai.com.br\/news\/wp-json\/wp\/v2\/posts\/108900\/revisions\/108903"}],"wp:featuredmedia":[{"embeddable":true,"href":"https:\/\/tvtecjundiai.com.br\/news\/wp-json\/wp\/v2\/media\/108901"}],"wp:attachment":[{"href":"https:\/\/tvtecjundiai.com.br\/news\/wp-json\/wp\/v2\/media?parent=108900"}],"wp:term":[{"taxonomy":"category","embeddable":true,"href":"https:\/\/tvtecjundiai.com.br\/news\/wp-json\/wp\/v2\/categories?post=108900"},{"taxonomy":"post_tag","embeddable":true,"href":"https:\/\/tvtecjundiai.com.br\/news\/wp-json\/wp\/v2\/tags?post=108900"}],"curies":[{"name":"wp","href":"https:\/\/api.w.org\/{rel}","templated":true}]}}