{"id":108915,"date":"2023-05-09T11:13:15","date_gmt":"2023-05-09T14:13:15","guid":{"rendered":"https:\/\/tvtecjundiai.com.br\/news\/?p=108915"},"modified":"2023-05-09T11:13:16","modified_gmt":"2023-05-09T14:13:16","slug":"rita-lee-rainha-do-rock-brasileiro-morre-aos-75-anos","status":"publish","type":"post","link":"https:\/\/tvtecjundiai.com.br\/news\/2023\/05\/09\/rita-lee-rainha-do-rock-brasileiro-morre-aos-75-anos\/","title":{"rendered":"Rita Lee, rainha do rock brasileiro, morre aos 75 anos"},"content":{"rendered":"\n<p>Rita Lee, uma das maiores cantoras e compositoras da hist\u00f3ria da m\u00fasica brasileira, morreu nesta segunda-feira (8), aos 75 anos. Ela foi diagnosticada com c\u00e2ncer de pulm\u00e3o em 2021 e fazia tratamentos contra a doen\u00e7a.<\/p>\n\n\n\n<p>A fam\u00edlia da cantora divulgou um comunicado nas redes sociais dela: &#8220;Comunicamos o falecimento de Rita Lee, em sua resid\u00eancia, em S\u00e3o Paulo, capital, no final da noite de ontem, cercada de todo o amor de sua fam\u00edlia, como sempre desejou&#8221;. O vel\u00f3rio ser\u00e1 aberto ao p\u00fablico, no Planet\u00e1rio do Parque Ibirapuera, na quarta-feira (10), das 10h \u00e0s 17h.<\/p>\n\n\n<div class=\"wp-block-image\">\n<figure class=\"aligncenter size-full is-resized\"><img loading=\"lazy\" decoding=\"async\" src=\"https:\/\/tvtecjundiai.com.br\/news\/wp-content\/uploads\/sites\/2\/2023\/05\/WhatsApp-Image-2023-05-09-at-11.09.50.jpeg\" alt=\"\" class=\"wp-image-108918\" width=\"586\" height=\"586\" srcset=\"https:\/\/tvtecjundiai.com.br\/news\/wp-content\/uploads\/sites\/2\/2023\/05\/WhatsApp-Image-2023-05-09-at-11.09.50.jpeg 924w, https:\/\/tvtecjundiai.com.br\/news\/wp-content\/uploads\/sites\/2\/2023\/05\/WhatsApp-Image-2023-05-09-at-11.09.50-300x300.jpeg 300w, https:\/\/tvtecjundiai.com.br\/news\/wp-content\/uploads\/sites\/2\/2023\/05\/WhatsApp-Image-2023-05-09-at-11.09.50-100x100.jpeg 100w, https:\/\/tvtecjundiai.com.br\/news\/wp-content\/uploads\/sites\/2\/2023\/05\/WhatsApp-Image-2023-05-09-at-11.09.50-768x768.jpeg 768w\" sizes=\"auto, (max-width: 586px) 100vw, 586px\" \/><figcaption class=\"wp-element-caption\">Foto: Guilherme Samora\/Divulga\u00e7\u00e3o<\/figcaption><\/figure>\n<\/div>\n\n\n<p><\/p>\n\n\n\n<p>Rita ajudou a incorporar a revolu\u00e7\u00e3o do rock \u00e0 explos\u00e3o criativa do tropicalismo, formou a banda brasileira de rock mais cultuada no mundo, os Mutantes, e criou can\u00e7\u00f5es na carreira solo com enorme apelo popular sem perder a liberdade e a irrever\u00eancia.<\/p>\n\n\n\n<p>Sempre moderna, Rita foi refer\u00eancia de criatividade e independ\u00eancia feminina durante os quase 60 anos de carreira. O t\u00edtulo de \u201crainha do rock brasileiro\u201d veio quase naturalmente, mas ela achava \u201ccafona\u201d &#8211; preferia \u201cpadroeira da liberdade\u201d.<\/p>\n\n\n\n<p><strong>Diagn\u00f3stico de c\u00e2ncer<\/strong><\/p>\n\n\n\n<p>Em maio de 2021, Rita Lee foi diagnosticada com c\u00e2ncer de pulm\u00e3o. Ela seguiu tratamentos de imunoterapia e radioterapia.<\/p>\n\n\n\n<p>Quatro meses depois, ela lan\u00e7ou o \u00faltimo single da carreira, \u201cChanges\u201d, em parceria com o marido Roberto de Carvalho e o produtor Gui Boratto.<\/p>\n\n\n\n<p>Em abril de 2022, seu filho Beto Lee escreveu que ela estava curada do c\u00e2ncer.<\/p>\n\n\n\n<p>Nos \u00faltimos anos, ela viveu em um s\u00edtio no interior de S\u00e3o Paulo com a fam\u00edlia. Ela deixa tr\u00eas filhos: Roberto, Jo\u00e3o e Ant\u00f4nio.<\/p>\n\n\n\n<p><em><strong>(Fonte: g1\/Imagem: Guilherme Samora\/Divulga\u00e7\u00e3o)<\/strong><\/em><\/p>\n","protected":false},"excerpt":{"rendered":"<p>Cantora foi diagnosticada com c\u00e2ncer de pulm\u00e3o em 2021 e fazia tratamentos contra a doen\u00e7a<\/p>\n","protected":false},"author":30,"featured_media":108919,"comment_status":"closed","ping_status":"0","sticky":false,"template":"","format":"standard","meta":{"footnotes":""},"categories":[1],"tags":[],"class_list":["post-108915","post","type-post","status-publish","format-standard","has-post-thumbnail","hentry","category-noticias"],"_links":{"self":[{"href":"https:\/\/tvtecjundiai.com.br\/news\/wp-json\/wp\/v2\/posts\/108915","targetHints":{"allow":["GET"]}}],"collection":[{"href":"https:\/\/tvtecjundiai.com.br\/news\/wp-json\/wp\/v2\/posts"}],"about":[{"href":"https:\/\/tvtecjundiai.com.br\/news\/wp-json\/wp\/v2\/types\/post"}],"author":[{"embeddable":true,"href":"https:\/\/tvtecjundiai.com.br\/news\/wp-json\/wp\/v2\/users\/30"}],"replies":[{"embeddable":true,"href":"https:\/\/tvtecjundiai.com.br\/news\/wp-json\/wp\/v2\/comments?post=108915"}],"version-history":[{"count":1,"href":"https:\/\/tvtecjundiai.com.br\/news\/wp-json\/wp\/v2\/posts\/108915\/revisions"}],"predecessor-version":[{"id":108920,"href":"https:\/\/tvtecjundiai.com.br\/news\/wp-json\/wp\/v2\/posts\/108915\/revisions\/108920"}],"wp:featuredmedia":[{"embeddable":true,"href":"https:\/\/tvtecjundiai.com.br\/news\/wp-json\/wp\/v2\/media\/108919"}],"wp:attachment":[{"href":"https:\/\/tvtecjundiai.com.br\/news\/wp-json\/wp\/v2\/media?parent=108915"}],"wp:term":[{"taxonomy":"category","embeddable":true,"href":"https:\/\/tvtecjundiai.com.br\/news\/wp-json\/wp\/v2\/categories?post=108915"},{"taxonomy":"post_tag","embeddable":true,"href":"https:\/\/tvtecjundiai.com.br\/news\/wp-json\/wp\/v2\/tags?post=108915"}],"curies":[{"name":"wp","href":"https:\/\/api.w.org\/{rel}","templated":true}]}}