{"id":108921,"date":"2023-05-09T13:25:52","date_gmt":"2023-05-09T16:25:52","guid":{"rendered":"https:\/\/tvtecjundiai.com.br\/news\/?p=108921"},"modified":"2023-05-09T13:25:56","modified_gmt":"2023-05-09T16:25:56","slug":"samu-participa-de-blitz-educativa-para-prevencao-de-acidentes-de-transito","status":"publish","type":"post","link":"https:\/\/tvtecjundiai.com.br\/news\/2023\/05\/09\/samu-participa-de-blitz-educativa-para-prevencao-de-acidentes-de-transito\/","title":{"rendered":"Samu participa de blitz educativa para preven\u00e7\u00e3o de acidentes de tr\u00e2nsito"},"content":{"rendered":"\n<p>Maio \u00e9 considerado o m\u00eas de conscientiza\u00e7\u00e3o e preven\u00e7\u00e3o de acidentes de tr\u00e2nsito, batizado de \u201cMaio Amarelo\u201d. Por isso, diversas a\u00e7\u00f5es s\u00e3o realizadas simultaneamente em todo o mundo. Em Jundia\u00ed, a equipe do Servi\u00e7o de Atendimento M\u00f3vel de Urg\u00eancia (Samu) participou no s\u00e1bado (6) de uma a\u00e7\u00e3o educativa realizada na avenida Nove de Julho, junto ao Comit\u00ea das Crian\u00e7as de Jundia\u00ed, ao personagem Vaguinho (mascote da Unidade de Gest\u00e3o de Mobilidade e Transporte &#8211; UGMT) e outras for\u00e7as de seguran\u00e7a e parceiros.<\/p>\n\n\n\n<p>\u201cEntendemos que a participa\u00e7\u00e3o do Samu \u00e9 fundamental nessas a\u00e7\u00f5es espec\u00edficas de preven\u00e7\u00e3o e at\u00e9 mesmo assist\u00eancia \u00e0 sa\u00fade, por isso estaremos com nossa equipe apoiando toda a programa\u00e7\u00e3o, passando a mensagem de refor\u00e7o da preven\u00e7\u00e3o e comportamento seguro no tr\u00e2nsito\u201d, explica o m\u00e9dico coordenador do Samu, Marcelo Okamura.<\/p>\n\n\n<div class=\"wp-block-image\">\n<figure class=\"aligncenter size-large is-resized\"><img loading=\"lazy\" decoding=\"async\" src=\"https:\/\/tvtecjundiai.com.br\/news\/wp-content\/uploads\/sites\/2\/2023\/05\/Equipe-do-Samu-auxilia-em-acao-educativa-com-foco-na-prevencao-de-acidentes-de-transito-1200x900.jpg\" alt=\"\" class=\"wp-image-108922\" width=\"715\" height=\"537\" srcset=\"https:\/\/tvtecjundiai.com.br\/news\/wp-content\/uploads\/sites\/2\/2023\/05\/Equipe-do-Samu-auxilia-em-acao-educativa-com-foco-na-prevencao-de-acidentes-de-transito-1200x900.jpg 1200w, https:\/\/tvtecjundiai.com.br\/news\/wp-content\/uploads\/sites\/2\/2023\/05\/Equipe-do-Samu-auxilia-em-acao-educativa-com-foco-na-prevencao-de-acidentes-de-transito-300x225.jpg 300w, https:\/\/tvtecjundiai.com.br\/news\/wp-content\/uploads\/sites\/2\/2023\/05\/Equipe-do-Samu-auxilia-em-acao-educativa-com-foco-na-prevencao-de-acidentes-de-transito-768x576.jpg 768w, https:\/\/tvtecjundiai.com.br\/news\/wp-content\/uploads\/sites\/2\/2023\/05\/Equipe-do-Samu-auxilia-em-acao-educativa-com-foco-na-prevencao-de-acidentes-de-transito.jpg 1280w\" sizes=\"auto, (max-width: 715px) 100vw, 715px\" \/><\/figure>\n<\/div>\n\n\n<p><\/p>\n\n\n\n<p>Segundo Okamura, as crian\u00e7as, motoristas, motociclistas e ciclistas tiveram a oportunidade de conhecer como funciona uma ambul\u00e2ncia do Samu. \u201cA repercuss\u00e3o foi extremamente positiva, deu visibilidade ao nosso trabalho, ao Maio Amarelo\u00a0e despertou o interesse dos mun\u00edcipes em participar da programa\u00e7\u00e3o\u201d, diz o m\u00e9dico. <\/p>\n\n\n\n<p>Mais a\u00e7\u00f5es do Maio Amarelo est\u00e3o previstas para os pr\u00f3ximos dias, com apoio do Samu.\u00a0<\/p>\n\n\n\n<p><strong><em>(Fonte\/Imagem: Assessoria Hospital S\u00e3o Vicente)\u00a0<\/em><\/strong><\/p>\n\n\n\n<p><\/p>\n","protected":false},"excerpt":{"rendered":"<p>Crian\u00e7as, motoristas, motociclistas e ciclistas puderam aprender como funciona uma ambul\u00e2ncia do Samu<\/p>\n","protected":false},"author":30,"featured_media":108922,"comment_status":"closed","ping_status":"0","sticky":false,"template":"","format":"standard","meta":{"footnotes":""},"categories":[8356,1,6151],"tags":[],"class_list":["post-108921","post","type-post","status-publish","format-standard","has-post-thumbnail","hentry","category-jundiai","category-noticias","category-transito"],"_links":{"self":[{"href":"https:\/\/tvtecjundiai.com.br\/news\/wp-json\/wp\/v2\/posts\/108921","targetHints":{"allow":["GET"]}}],"collection":[{"href":"https:\/\/tvtecjundiai.com.br\/news\/wp-json\/wp\/v2\/posts"}],"about":[{"href":"https:\/\/tvtecjundiai.com.br\/news\/wp-json\/wp\/v2\/types\/post"}],"author":[{"embeddable":true,"href":"https:\/\/tvtecjundiai.com.br\/news\/wp-json\/wp\/v2\/users\/30"}],"replies":[{"embeddable":true,"href":"https:\/\/tvtecjundiai.com.br\/news\/wp-json\/wp\/v2\/comments?post=108921"}],"version-history":[{"count":1,"href":"https:\/\/tvtecjundiai.com.br\/news\/wp-json\/wp\/v2\/posts\/108921\/revisions"}],"predecessor-version":[{"id":108923,"href":"https:\/\/tvtecjundiai.com.br\/news\/wp-json\/wp\/v2\/posts\/108921\/revisions\/108923"}],"wp:featuredmedia":[{"embeddable":true,"href":"https:\/\/tvtecjundiai.com.br\/news\/wp-json\/wp\/v2\/media\/108922"}],"wp:attachment":[{"href":"https:\/\/tvtecjundiai.com.br\/news\/wp-json\/wp\/v2\/media?parent=108921"}],"wp:term":[{"taxonomy":"category","embeddable":true,"href":"https:\/\/tvtecjundiai.com.br\/news\/wp-json\/wp\/v2\/categories?post=108921"},{"taxonomy":"post_tag","embeddable":true,"href":"https:\/\/tvtecjundiai.com.br\/news\/wp-json\/wp\/v2\/tags?post=108921"}],"curies":[{"name":"wp","href":"https:\/\/api.w.org\/{rel}","templated":true}]}}